{"id":114,"date":"2009-07-16T23:49:00","date_gmt":"2009-07-16T23:49:00","guid":{"rendered":"http:\/\/blogs.larioja.com\/insolencias\/?p=114"},"modified":"2009-07-16T23:49:00","modified_gmt":"2009-07-16T23:49:00","slug":"prebendas","status":"publish","type":"post","link":"https:\/\/blogs.larioja.com\/insolencias\/2009\/07\/16\/prebendas\/","title":{"rendered":"Prebendas"},"content":{"rendered":"<p><P class=MsoNormal style=\"MARGIN: 0cm 0cm 0pt\"><SPAN style=\"FONT-SIZE: 16pt\"><FONT face=\"Times New Roman\"><?xml:namespace prefix = o ns = \"urn:schemas-microsoft-com:office:office\" \/><o:p><IMG class=imgizqda id=img_0 src=\"https:\/\/blogs.larioja.com\/insolencias\/files\/fajer-firma.jpg\"><\/o:p><\/FONT><\/SPAN><\/p>\n<p> <P class=MsoNormal style=\"MARGIN: 0cm 0cm 0pt\"><SPAN style=\"FONT-SIZE: 16pt\"><o:p><FONT face=\"Times New Roman\"><\/FONT><\/o:p><\/SPAN><\/p>\n<p> <P style=\"MARGIN-BOTTOM: 0pt\"><SPAN style=\"FONT-SIZE: 16pt\"><FONT face=\"Times New Roman\">El uso y abuso que algunas asociaciones, fundaciones, colectivos, etc. hacen de los favores pol\u00edticos no deja de sorprenderme. M\u00e1s me sorprende todav\u00eda que algunos pol\u00edticos traguen con estas cuestiones tan discriminatorias. Para unos nada y para otros&#8230; todo.<\/FONT><\/SPAN><\/p>\n<p> <P style=\"MARGIN-BOTTOM: 0pt\"><SPAN style=\"FONT-SIZE: 16pt\"><FONT face=\"Times New Roman\">. <\/FONT><\/SPAN><\/p>\n<p><SPAN style=\"mso-bookmark: 0_4\"><\/SPAN> <P class=MsoNormal style=\"MARGIN: 0cm 0cm 0pt\"><SPAN style=\"FONT-SIZE: 16pt\"><FONT face=\"Times New Roman\"><SPAN style=\"mso-spacerun: yes\"><\/SPAN>Al amparo del tejido social de cada ciudad perviven \u2013 o medran- <SPAN style=\"mso-spacerun: yes\"><\/SPAN>diferentes colectivos <SPAN style=\"mso-spacerun: yes\"><\/SPAN>que seg\u00fan sea su inclinaci\u00f3n pol\u00edtica (o su implicaci\u00f3n personal con determinados miembros del equipo de gobierno o funcionarios), obtienen <SPAN style=\"mso-spacerun: yes\"><\/SPAN>may\u00fasculos beneficios\u2026o un portazo en las narices. Seg\u00fan toca.<o:p><\/o:p><\/FONT><\/SPAN><\/p>\n<p> <P class=MsoNormal style=\"MARGIN: 0cm 0cm 0pt\"><SPAN style=\"FONT-SIZE: 16pt\"><FONT face=\"Times New Roman\">En ocasiones el portazo es tan evidente, que determinados colectivos jam\u00e1s acceden a ning\u00fan tipo de subvenci\u00f3n, ni se les ceden locales para domicilio social, no se contesta a sus preguntas, sus propuestas no valen, <SPAN style=\"mso-spacerun: yes\"><\/SPAN>ni se les da de beber agua\u2026 si padecen sed.<\/FONT><\/SPAN><\/p>\n<p> <P style=\"MARGIN-BOTTOM: 0pt\"><SPAN style=\"FONT-SIZE: 16pt\"><FONT face=\"Times New Roman\">Por el contrario otros <SPAN style=\"mso-spacerun: yes\"><\/SPAN>-tocados por el dedo de Zeus- , sin comerlo ni beberlo <SPAN style=\"mso-spacerun: yes\"><\/SPAN>(ni tampoco merecerlo) son premiados, becados, dotados y elevados por los pol\u00edticos a los altares de la m\u00e1s pura y dura prebenda, <SPAN style=\"mso-spacerun: yes\"><\/SPAN>entendiendo tal como <SPAN class=estilo61><SPAN style=\"mso-spacerun: yes\"><\/SPAN>ministerio lucrativo y poco trabajoso.<\/SPAN><o:p><\/o:p><\/FONT><\/SPAN><\/p>\n<p> <P class=MsoNormal style=\"MARGIN: 0cm 0cm 0pt\"><SPAN style=\"FONT-SIZE: 16pt\"><FONT face=\"Times New Roman\"><SPAN style=\"mso-spacerun: yes\"><\/SPAN>Se les deja un edificio p\u00fablico completo <SPAN style=\"mso-spacerun: yes\"><\/SPAN>a su entera disposici\u00f3n\u2026se les aporta anualmente una nada despreciable cantidad econ\u00f3mica en concepto de subvenci\u00f3n\u2026se les adjudica la gesti\u00f3n de un albergue, la explotaci\u00f3n <SPAN style=\"mso-spacerun: yes\"><\/SPAN>de un bar\u2026se les cede varias veces al mes &#8211; de forma gratuita- el uso de todo un se\u00f1or teatro\u2026.\u00bfY qu\u00e9 aportan a cambio?.<\/FONT><\/SPAN><\/p>\n<p> <P class=MsoNormal style=\"MARGIN: 0cm 0cm 0pt\"><SPAN style=\"FONT-SIZE: 16pt\"><FONT face=\"Times New Roman\">.<\/FONT><\/SPAN><\/p>\n<p> <P class=MsoNormal style=\"MARGIN: 0cm 0cm 0pt\"><FONT face=\"Times New Roman\"><\/FONT><\/p>\n<p> <P class=MsoNormal style=\"MARGIN: 0cm 0cm 0pt\"><SPAN style=\"FONT-SIZE: 16pt\"><o:p><FONT face=\"Times New Roman\"><\/FONT><\/o:p><\/SPAN><\/p>\n<p> <P class=MsoNormal style=\"MARGIN: 0cm 0cm 0pt\"><SPAN style=\"FONT-SIZE: 16pt\"><FONT face=\"Times New Roman\">Algunos colectivos han nacido con una flor en el culo\u2026otros con un cardo.<o:p><\/o:p><\/FONT><\/SPAN><\/p>\n<p> <P class=MsoNormal style=\"MARGIN: 0cm 0cm 0pt\"><SPAN style=\"FONT-SIZE: 16pt\"><o:p><FONT face=\"Times New Roman\"><\/FONT><\/o:p><\/SPAN><\/p>\n","protected":false},"excerpt":{"rendered":"<p>El uso y abuso que algunas asociaciones, fundaciones, colectivos, etc. hacen de los favores pol\u00edticos no deja de sorprenderme. M\u00e1s me sorprende todav\u00eda que algunos pol\u00edticos traguen con estas cuestiones tan discriminatorias. Para unos nada y para otros&#8230; todo. . Al amparo del tejido social de cada ciudad perviven \u2013 o medran- diferentes colectivos que [&hellip;]<\/p>\n","protected":false},"author":8872,"featured_media":0,"comment_status":"open","ping_status":"closed","sticky":false,"template":"","format":"standard","meta":[],"categories":[1],"tags":[130,1623],"_links":{"self":[{"href":"https:\/\/blogs.larioja.com\/insolencias\/wp-json\/wp\/v2\/posts\/114"}],"collection":[{"href":"https:\/\/blogs.larioja.com\/insolencias\/wp-json\/wp\/v2\/posts"}],"about":[{"href":"https:\/\/blogs.larioja.com\/insolencias\/wp-json\/wp\/v2\/types\/post"}],"author":[{"embeddable":true,"href":"https:\/\/blogs.larioja.com\/insolencias\/wp-json\/wp\/v2\/users\/8872"}],"replies":[{"embeddable":true,"href":"https:\/\/blogs.larioja.com\/insolencias\/wp-json\/wp\/v2\/comments?post=114"}],"version-history":[{"count":0,"href":"https:\/\/blogs.larioja.com\/insolencias\/wp-json\/wp\/v2\/posts\/114\/revisions"}],"wp:attachment":[{"href":"https:\/\/blogs.larioja.com\/insolencias\/wp-json\/wp\/v2\/media?parent=114"}],"wp:term":[{"taxonomy":"category","embeddable":true,"href":"https:\/\/blogs.larioja.com\/insolencias\/wp-json\/wp\/v2\/categories?post=114"},{"taxonomy":"post_tag","embeddable":true,"href":"https:\/\/blogs.larioja.com\/insolencias\/wp-json\/wp\/v2\/tags?post=114"}],"curies":[{"name":"wp","href":"https:\/\/api.w.org\/{rel}","templated":true}]}}