{"id":116,"date":"2009-07-24T00:08:00","date_gmt":"2009-07-24T00:08:00","guid":{"rendered":"http:\/\/blogs.larioja.com\/insolencias\/?p=116"},"modified":"2009-07-24T00:08:00","modified_gmt":"2009-07-24T00:08:00","slug":"prevision-inexistente","status":"publish","type":"post","link":"https:\/\/blogs.larioja.com\/insolencias\/2009\/07\/24\/prevision-inexistente\/","title":{"rendered":"Previsi\u00f3n inexistente."},"content":{"rendered":"<p><P class=MsoNormal style=\"MARGIN: 0cm 0cm 0pt\"><I><SPAN style=\"FONT-SIZE: 10pt; COLOR: black; FONT-FAMILY: Verdana\"><IMG class=imgizqda id=img_0 style=\"WIDTH: 458px; HEIGHT: 294px\" height=310 src=\"https:\/\/blogs.larioja.com\/insolencias\/files\/162515_Atasco_Bristol_1982_retocado.jpg\" width=472><\/SPAN><\/I><\/p>\n<p> <P class=MsoNormal style=\"MARGIN: 0cm 0cm 0pt\"><?xml:namespace prefix = o ns = \"urn:schemas-microsoft-com:office:office\" \/><o:p><FONT face=\"Times New Roman\" size=3><\/FONT><\/o:p><\/p>\n<p> <P class=MsoNormal style=\"MARGIN: 0cm 0cm 0pt\"><SPAN style=\"FONT-SIZE: 16pt\"><FONT face=\"Times New Roman\">Si alguna palabra se ajusta como un guante a lo que en materia urban\u00edstica sucede en Calahorra\u2026esa palabra es \u201cimprevisi\u00f3n\u201d. <o:p><\/o:p><\/FONT><\/SPAN><\/p>\n<p> <P class=MsoNormal style=\"MARGIN: 0cm 0cm 0pt\"><SPAN style=\"FONT-SIZE: 16pt\"><FONT face=\"Times New Roman\">Con el inicio de las obras de urbanizaci\u00f3n de la calle Mediavilla se llega a la c\u00faspide <SPAN style=\"mso-spacerun: yes\"><\/SPAN>del caos y el desprop\u00f3sito.<o:p><\/o:p><\/FONT><\/SPAN><\/p>\n<p> <P class=MsoNormal style=\"MARGIN: 0cm 0cm 0pt\"><SPAN style=\"FONT-SIZE: 16pt\"><FONT face=\"Times New Roman\">A las obras del Plan E, -que tienen colapsado el casco antiguo-, se une ahora el corte de la calle Mediavilla\u2026.entrada natural a Calahorra. <SPAN style=\"mso-spacerun: yes\"><\/SPAN>Pero no solo es esto. El martes tambi\u00e9n se cortaba el paseo del Mercadal (desconozco la raz\u00f3n) y hoy \u2013como es habitual- el corte de las calles Cavas, Grande, M\u00e1rtires y Plaza del Raso (por el mercado) han terminado por sumir a la zona hist\u00f3rica en una ratonera de la cual era dif\u00edcil escapar.<o:p><\/o:p><\/FONT><\/SPAN><\/p>\n<p> <P class=MsoNormal style=\"MARGIN: 0cm 0cm 0pt\"><SPAN style=\"FONT-SIZE: 16pt\"><FONT face=\"Times New Roman\">Las obras del Plan E<SPAN style=\"mso-spacerun: yes\"> <\/SPAN>llegan desde Madrid y son \u201cgratis\u201d. Bienvenidas sean por ello. La urbanizaci\u00f3n de la Mediavilla es necesaria y llega con retraso. Bienvenida sea tambi\u00e9n.<o:p><\/o:p><\/FONT><\/SPAN><\/p>\n<p> <P class=MsoNormal style=\"MARGIN: 0cm 0cm 0pt\"><SPAN style=\"FONT-SIZE: 16pt\"><FONT face=\"Times New Roman\">Pero lo que no es bienvenido es el nulo e inexistente inter\u00e9s de quienes gobiernan esta ciudad por planificar un desarrollo ordenado y l\u00f3gico del tr\u00e1nsito de veh\u00edculos por los alrededores de la ciudad. Ni en situaciones de normalidad ni tampoco de excepcionalidad.<o:p><\/o:p><\/FONT><\/SPAN><\/p>\n<p> <P class=MsoNormal style=\"MARGIN: 0cm 0cm 0pt\"><SPAN style=\"FONT-SIZE: 16pt\"><FONT face=\"Times New Roman\">Llevamos a\u00f1os diciendo por activa y por pasiva que es imprescindible una circunvalaci\u00f3n \u201ceste\u201d,<SPAN style=\"mso-spacerun: yes\"> <\/SPAN>que una la entrada de Zaragoza y el pol\u00edgono de Tejer\u00edas con la carretera a San Adri\u00e1n. Pero es igual. Seguimos y seguiremos vadeando <SPAN style=\"mso-spacerun: yes\"><\/SPAN>el r\u00edo Cidacos sobre un parche de hormig\u00f3n para circunvalar la ciudad.<o:p><\/o:p><\/FONT><\/SPAN><\/p>\n<p> <P class=MsoNormal style=\"MARGIN: 0cm 0cm 0pt\"><SPAN style=\"FONT-SIZE: 16pt\"><FONT face=\"Times New Roman\">Aunque mentir\u00eda si dijera que no han tenido ni la m\u00e1s m\u00ednima previsi\u00f3n. Ser\u00eda injusto. La verdad es que han colocado dos sem\u00e1foros port\u00e1tiles (de los de AlquiSagar) en el \u201ccaminucho estrechujo\u201d<SPAN style=\"mso-spacerun: yes\"> <\/SPAN>que va del Convento del Carmen al Crucifijo. Una gran previsi\u00f3n. Eso es todo.<SPAN style=\"mso-spacerun: yes\"> <\/SPAN><o:p><\/o:p><\/FONT><\/SPAN><\/p>\n<p> <P class=MsoNormal style=\"MARGIN: 0cm 0cm 0pt\"><SPAN style=\"FONT-SIZE: 16pt\"><FONT face=\"Times New Roman\">.<o:p><\/o:p><\/FONT><\/SPAN><\/p>\n<p> <P class=MsoNormal style=\"MARGIN: 0cm 0cm 0pt\"><SPAN style=\"FONT-SIZE: 16pt\"><FONT face=\"Times New Roman\">Bellavista cortada, Mediavilla<SPAN style=\"mso-spacerun: yes\"> <\/SPAN>cortada, Camino del Carmen cortado, Sol cortada, traves\u00edas de Pastores cortadas, <SPAN style=\"mso-spacerun: yes\"><\/SPAN>accesos al parque del Cidacos cortados\u2026. m\u00e1s de uno no<SPAN style=\"mso-spacerun: yes\"> <\/SPAN>sabe ya ni por donde salir de su casa. <SPAN style=\"mso-spacerun: yes\"><\/SPAN><o:p><\/o:p><\/FONT><\/SPAN><\/p>\n<p> <P class=MsoNormal style=\"MARGIN: 0cm 0cm 0pt\"><SPAN style=\"FONT-SIZE: 16pt\"><FONT face=\"Times New Roman\">\u00a1 No nos queda nada por aguantar!<o:p><\/o:p><\/FONT><\/SPAN><\/p>\n","protected":false},"excerpt":{"rendered":"<p>Si alguna palabra se ajusta como un guante a lo que en materia urban\u00edstica sucede en Calahorra\u2026esa palabra es \u201cimprevisi\u00f3n\u201d. Con el inicio de las obras de urbanizaci\u00f3n de la calle Mediavilla se llega a la c\u00faspide del caos y el desprop\u00f3sito. A las obras del Plan E, -que tienen colapsado el casco antiguo-, se [&hellip;]<\/p>\n","protected":false},"author":8872,"featured_media":0,"comment_status":"open","ping_status":"closed","sticky":false,"template":"","format":"standard","meta":[],"categories":[1],"tags":[421,1648],"_links":{"self":[{"href":"https:\/\/blogs.larioja.com\/insolencias\/wp-json\/wp\/v2\/posts\/116"}],"collection":[{"href":"https:\/\/blogs.larioja.com\/insolencias\/wp-json\/wp\/v2\/posts"}],"about":[{"href":"https:\/\/blogs.larioja.com\/insolencias\/wp-json\/wp\/v2\/types\/post"}],"author":[{"embeddable":true,"href":"https:\/\/blogs.larioja.com\/insolencias\/wp-json\/wp\/v2\/users\/8872"}],"replies":[{"embeddable":true,"href":"https:\/\/blogs.larioja.com\/insolencias\/wp-json\/wp\/v2\/comments?post=116"}],"version-history":[{"count":0,"href":"https:\/\/blogs.larioja.com\/insolencias\/wp-json\/wp\/v2\/posts\/116\/revisions"}],"wp:attachment":[{"href":"https:\/\/blogs.larioja.com\/insolencias\/wp-json\/wp\/v2\/media?parent=116"}],"wp:term":[{"taxonomy":"category","embeddable":true,"href":"https:\/\/blogs.larioja.com\/insolencias\/wp-json\/wp\/v2\/categories?post=116"},{"taxonomy":"post_tag","embeddable":true,"href":"https:\/\/blogs.larioja.com\/insolencias\/wp-json\/wp\/v2\/tags?post=116"}],"curies":[{"name":"wp","href":"https:\/\/api.w.org\/{rel}","templated":true}]}}