{"id":118,"date":"2009-07-28T23:27:00","date_gmt":"2009-07-28T23:27:00","guid":{"rendered":"http:\/\/blogs.larioja.com\/insolencias\/?p=118"},"modified":"2009-07-28T23:27:00","modified_gmt":"2009-07-28T23:27:00","slug":"la-fiesta-ha-muerto","status":"publish","type":"post","link":"https:\/\/blogs.larioja.com\/insolencias\/2009\/07\/28\/la-fiesta-ha-muerto\/","title":{"rendered":"La fiesta ha muerto"},"content":{"rendered":"<p><P class=MsoNormal style=\"MARGIN: 0cm 0cm 0pt\"><SPAN style=\"FONT-SIZE: 16pt\"><FONT face=\"Times New Roman\"><IMG class=imgizqda id=img_0 src=\"https:\/\/blogs.larioja.com\/insolencias\/files\/163299_plazavac\u00eda.jpg\">Mi padre, (taurino empedernido) tiene la casilla de su huerta empapelada con grandes carteles de las diferentes ferias celebradas en la plaza de toros de Calahorra en los \u00faltimos 25 a\u00f1os.<\/FONT><\/SPAN><\/p>\n<p> <P class=MsoNormal style=\"MARGIN: 0cm 0cm 0pt\"><SPAN style=\"FONT-SIZE: 16pt\"><FONT face=\"Times New Roman\">.<\/FONT><\/SPAN><\/p>\n<p> <P class=MsoNormal style=\"MARGIN: 0cm 0cm 0pt\"><SPAN style=\"FONT-SIZE: 16pt\"><FONT face=\"Times New Roman\">Ayer, mientras almorz\u00e1bamos \u2013 tras sacar con enorme esfuerzo treinta cajas de patatas- <SPAN style=\"mso-spacerun: yes\"><\/SPAN>me di cuenta que estaba frente a la historia muda de la decadencia m\u00e1s incontestable de la fiesta nacional en coso calagurritano. <\/FONT><\/SPAN><\/p>\n<p> <P class=MsoNormal style=\"MARGIN: 0cm 0cm 0pt\"><SPAN style=\"FONT-SIZE: 16pt\"><FONT face=\"Times New Roman\">La fiesta ha muerto en Calahorra. De eso no cabe ninguna duda. Pero todav\u00eda existen cabezas que no quieren darse cuenta de que ya hace a\u00f1os que los toros -y sus corridas- dejaron de interesar y pasaron <SPAN style=\"mso-spacerun: yes\"><\/SPAN>a ser espect\u00e1culos abonados al fracaso , que a duras penas logran congregar en la plaza a un millar de personas\u2026un sexta parte del aforo, aunque traducido a los medios de comunicaci\u00f3n suela ser \u201cun cuarto de entrada o casi media\u201d.<?xml:namespace prefix = o ns = \"urn:schemas-microsoft-com:office:office\" \/><o:p><\/o:p><\/FONT><\/SPAN><\/p>\n<p> <P class=MsoNormal style=\"MARGIN: 0cm 0cm 0pt\"><SPAN style=\"FONT-SIZE: 16pt\"><FONT face=\"Times New Roman\">Esa es la verdad actual de \u201cla fiesta\u201d en Calahorra\u2026y en otras muchas (much\u00edsimas) ciudades y pueblos de Espa\u00f1a. No nos interesa<SPAN style=\"mso-spacerun: yes\"> <\/SPAN>\u201cla fiesta\u201d, ni tan siquiera a los que nos la han inculcado a conciencia desde peque\u00f1os, como es mi caso. Las causas de tal verdad incontestable son de dif\u00edcil explicaci\u00f3n, \u2013 al menos para mi escasa inteligencia- pero la constataci\u00f3n de su fallecimiento es una verdad incontestable.<o:p><\/o:p><\/FONT><\/SPAN><\/p>\n<p> <P class=MsoNormal style=\"MARGIN: 0cm 0cm 0pt\"><SPAN style=\"FONT-SIZE: 16pt\"><o:p><FONT face=\"Times New Roman\"><\/FONT><\/o:p><\/SPAN><\/p>\n<p> <P class=MsoNormal style=\"MARGIN: 0cm 0cm 0pt\"><SPAN style=\"FONT-SIZE: 16pt\"><FONT face=\"Times New Roman\">Por poner un ejemplo elocuente, baste recordar que en la feria de 1987, en las fiestas de verano de Calahorra se celebraban seis festejos de abono, entre ellos una becerrada, una novillada con picadores, y cuatro corridas de \u201ca pie\u201d. <o:p><\/o:p><\/FONT><\/SPAN><\/p>\n<p> <P class=MsoNormal style=\"MARGIN: 0cm 0cm 0pt\"><SPAN style=\"FONT-SIZE: 16pt\"><FONT face=\"Times New Roman\">Ese a\u00f1o torearon en Calahorra P\u00e9rez Vitoria, <SPAN style=\"mso-spacerun: yes\"><\/SPAN>Pedro Carra, Rafael de la Vi\u00f1a, Jeromo Santamar\u00eda, Ra\u00fal Zorita, los dos hermanos Espl\u00e1, El Soro, Lucio Sand\u00edn, <SPAN style=\"mso-spacerun: yes\"><\/SPAN>Jos\u00e9 Antonio Campuzano, Fco. Ruiz Miguel, Julio Robles, D\u00e1maso Gonz\u00e1lez, <SPAN style=\"mso-spacerun: yes\"><\/SPAN>Curro Vazquez, Espartaco y Joselito. Para muchos y muchas, este plantel de nombres no les dir\u00e1 demasiado, pero les garantizo que los que entiendan un poquito del tema\u2026se quedar\u00e1n sorprendidos. <\/FONT><\/SPAN><\/p>\n<p> <P class=MsoNormal style=\"MARGIN: 0cm 0cm 0pt\"><SPAN style=\"FONT-SIZE: 16pt\"><FONT face=\"Times New Roman\">En ese a\u00f1o el empresario era Justo Ojeda, y acudi\u00f3 a la feria calagurritana con ganader\u00edas como la de Ferm\u00edn Boh\u00f3rquez, Conde de la Maza, Dolores Aguirre o Carmen Camacho.<o:p><\/o:p><\/FONT><\/SPAN><\/p>\n<p> <P class=MsoNormal style=\"MARGIN: 0cm 0cm 0pt\"><SPAN style=\"FONT-SIZE: 16pt\"><o:p><FONT face=\"Times New Roman\"><\/FONT><\/o:p><\/SPAN><\/p>\n<p> <P class=MsoNormal style=\"MARGIN: 0cm 0cm 0pt\"><SPAN style=\"FONT-SIZE: 16pt\"><FONT face=\"Times New Roman\">Veintid\u00f3s a\u00f1os despu\u00e9s, en la pr\u00f3xima feria de Agosto solo se celebrar\u00e1n dos corridas de toros \u201ca pie\u201d y una de rejones (para la pachanga)\u2026eso es todo. Una feria de chiste. Un querer y no poder. La oferta taurina a una ciudad que pasa ol\u00edmpicamente de los toros y de los toreros. El cartel de una empresa que se ha quedado con la plaza por la m\u00f3dica cantidad de un euro \u00a1y gracias!&#8230;que no falta mucho para que el Ayuntamiento tenga que pagar porque alguien organice corridas.<o:p><\/o:p><\/FONT><\/SPAN><\/p>\n<p> <P class=MsoNormal style=\"MARGIN: 0cm 0cm 0pt\"><SPAN style=\"FONT-SIZE: 16pt\"><FONT face=\"Times New Roman\">Y mientras esto pasa, el alcalde de la ciudad -y su partido- sigue pensando que Calahorra necesita una nueva plaza de toros\u2026\u00bfpara qu\u00e9?, si a las corridas ya no van m\u00e1s que los toreros y los toros\u2026 estos \u00faltimos contra su voluntad.<o:p><\/o:p><\/FONT><\/SPAN><\/p>\n<p> <P class=MsoNormal style=\"MARGIN: 0cm 0cm 0pt\"><SPAN style=\"FONT-SIZE: 16pt\"><o:p><FONT face=\"Times New Roman\"><\/FONT><\/o:p><\/SPAN><\/p>\n","protected":false},"excerpt":{"rendered":"<p>Mi padre, (taurino empedernido) tiene la casilla de su huerta empapelada con grandes carteles de las diferentes ferias celebradas en la plaza de toros de Calahorra en los \u00faltimos 25 a\u00f1os. . Ayer, mientras almorz\u00e1bamos \u2013 tras sacar con enorme esfuerzo treinta cajas de patatas- me di cuenta que estaba frente a la historia muda [&hellip;]<\/p>\n","protected":false},"author":8872,"featured_media":0,"comment_status":"open","ping_status":"closed","sticky":false,"template":"","format":"standard","meta":[],"categories":[1],"tags":[898,1385,1409],"_links":{"self":[{"href":"https:\/\/blogs.larioja.com\/insolencias\/wp-json\/wp\/v2\/posts\/118"}],"collection":[{"href":"https:\/\/blogs.larioja.com\/insolencias\/wp-json\/wp\/v2\/posts"}],"about":[{"href":"https:\/\/blogs.larioja.com\/insolencias\/wp-json\/wp\/v2\/types\/post"}],"author":[{"embeddable":true,"href":"https:\/\/blogs.larioja.com\/insolencias\/wp-json\/wp\/v2\/users\/8872"}],"replies":[{"embeddable":true,"href":"https:\/\/blogs.larioja.com\/insolencias\/wp-json\/wp\/v2\/comments?post=118"}],"version-history":[{"count":0,"href":"https:\/\/blogs.larioja.com\/insolencias\/wp-json\/wp\/v2\/posts\/118\/revisions"}],"wp:attachment":[{"href":"https:\/\/blogs.larioja.com\/insolencias\/wp-json\/wp\/v2\/media?parent=118"}],"wp:term":[{"taxonomy":"category","embeddable":true,"href":"https:\/\/blogs.larioja.com\/insolencias\/wp-json\/wp\/v2\/categories?post=118"},{"taxonomy":"post_tag","embeddable":true,"href":"https:\/\/blogs.larioja.com\/insolencias\/wp-json\/wp\/v2\/tags?post=118"}],"curies":[{"name":"wp","href":"https:\/\/api.w.org\/{rel}","templated":true}]}}