{"id":123,"date":"2009-08-07T01:35:00","date_gmt":"2009-08-07T01:35:00","guid":{"rendered":"http:\/\/blogs.larioja.com\/insolencias\/?p=123"},"modified":"2009-08-07T01:35:00","modified_gmt":"2009-08-07T01:35:00","slug":"vacaciones-entre-amigos","status":"publish","type":"post","link":"https:\/\/blogs.larioja.com\/insolencias\/2009\/08\/07\/vacaciones-entre-amigos\/","title":{"rendered":"Vacaciones entre amigos"},"content":{"rendered":"<p><P class=MsoNormal style=\"MARGIN: 0cm 0cm 0pt\"><SPAN style=\"FONT-SIZE: 14pt\"><FONT face=\"Times New Roman\"><IMG class=imgizqda id=img_0 src=\"https:\/\/blogs.larioja.com\/insolencias\/files\/Bigotes.jpg\"><\/FONT><\/SPAN><\/p>\n<p> <P class=MsoNormal style=\"MARGIN: 0cm 0cm 0pt\"><SPAN style=\"FONT-SIZE: 14pt\"><?xml:namespace prefix = o ns = \"urn:schemas-microsoft-com:office:office\" \/><o:p><FONT face=\"Times New Roman\"><\/FONT><\/o:p><\/SPAN><\/p>\n<p> <P class=MsoNormal style=\"MARGIN: 0cm 0cm 0pt; TEXT-ALIGN: justify\"><SPAN style=\"FONT-SIZE: 16pt\"><FONT face=\"Times New Roman\">Cuando uno se marcha de vacaciones lo hace \u2013 en la mayor parte de las ocasiones- con la clara intenci\u00f3n de relajarse, desconectar y pasar unos d\u00edas alejado de lo rutinario. Sin preocupaciones.<o:p><\/o:p><\/FONT><\/SPAN><\/p>\n<p> <P class=MsoNormal style=\"MARGIN: 0cm 0cm 0pt; TEXT-ALIGN: justify\"><SPAN style=\"FONT-SIZE: 16pt\"><FONT face=\"Times New Roman\">Auguro unas lamentables vacaciones al Sr. Rajoy. Tendr\u00e1 tiempo para reflexionar sobre lo que ha estado pasando en su partido. Sobre esos 101 implicados en la trama de corrupci\u00f3n del caso \u201cG\u00fcrtel\u201d (que a veces parece que solo fuera Camps), un caso que nace de la p\u00fablica denuncia presentada por un exconcejal del propio Partido Popular. <o:p><\/o:p><\/FONT><\/SPAN><\/p>\n<p> <P class=MsoNormal style=\"MARGIN: 0cm 0cm 0pt; TEXT-ALIGN: justify\"><SPAN style=\"FONT-SIZE: 16pt\"><FONT face=\"Times New Roman\">Tendr\u00e1 tambi\u00e9n tiempo de pensar en el nuevo esc\u00e1ndalo que acabamos de conocer\u2026otro m\u00e1s a sumar al PP de Matas en Baleares, con seis detenidos \u2013 de momento- , todos al parecer miembros y cargos electos del Partido Popular.<o:p><\/o:p><\/FONT><\/SPAN><\/p>\n<p> <P class=MsoNormal style=\"MARGIN: 0cm 0cm 0pt; TEXT-ALIGN: justify\"><SPAN style=\"FONT-SIZE: 16pt\"><FONT face=\"Times New Roman\">Tambi\u00e9n tendr\u00e1 tiempo de pensar en el Sr. Camps, (que minti\u00f3 ante todo el pa\u00eds)  y en <SPAN style=\"mso-spacerun: yes\"><\/SPAN>su <SPAN style=\"mso-spacerun: yes\"><\/SPAN>\u201cm\u00e1s que amigo\u201d juez del tribunal valenciano que lo absolvi\u00f3 en contra de los criterios del juez instructor del caso, de la fiscal\u00eda valenciana y del C\u00f3digo Penal. <SPAN style=\"mso-spacerun: yes\"><\/SPAN><o:p><\/o:p><\/FONT><\/SPAN><\/p>\n<p> <P class=MsoNormal style=\"MARGIN: 0cm 0cm 0pt; TEXT-ALIGN: justify\"><SPAN style=\"FONT-SIZE: 16pt\"><FONT face=\"Times New Roman\">En el Tribunal Superior de justicia no sabemos si el amistoso Camps tendr\u00e1 tambi\u00e9n \u201cm\u00e1s que amigos\u201d\u2026le vendr\u00e1n bien. <o:p><\/o:p><\/FONT><\/SPAN><\/p>\n<p> <P class=MsoNormal style=\"MARGIN: 0cm 0cm 0pt; TEXT-ALIGN: justify\"><SPAN style=\"FONT-SIZE: 16pt\"><FONT face=\"Times New Roman\">.<o:p><\/o:p><\/FONT><\/SPAN><\/p>\n<p> <P class=MsoNormal style=\"MARGIN: 0cm 0cm 0pt; TEXT-ALIGN: justify\"><SPAN style=\"FONT-SIZE: 16pt\"><FONT face=\"Times New Roman\">De todos modos, tras escuchar la conversaci\u00f3n telef\u00f3nica de Camps con el \u201cbigotes\u201d, de saber que Mariano afirm\u00f3 que \u201csiempre estar\u00e1 detr\u00e1s o delante de Camps\u201d <SPAN style=\"mso-spacerun: yes\"><\/SPAN>y de ver como seg\u00fan el propio President, su relaci\u00f3n con el juez De La Rua \u201cest\u00e1 por encima de una relaci\u00f3n de amistad\u201d\u2026no s\u00e9 que pensar del concepto de &#8220;amistad&#8221; que tiene el heredero de Zaplana.<\/FONT><\/SPAN><\/p>\n","protected":false},"excerpt":{"rendered":"<p>Cuando uno se marcha de vacaciones lo hace \u2013 en la mayor parte de las ocasiones- con la clara intenci\u00f3n de relajarse, desconectar y pasar unos d\u00edas alejado de lo rutinario. Sin preocupaciones. Auguro unas lamentables vacaciones al Sr. Rajoy. Tendr\u00e1 tiempo para reflexionar sobre lo que ha estado pasando en su partido. Sobre esos [&hellip;]<\/p>\n","protected":false},"author":8872,"featured_media":0,"comment_status":"open","ping_status":"closed","sticky":false,"template":"","format":"standard","meta":[],"categories":[1],"tags":[130,281,336],"_links":{"self":[{"href":"https:\/\/blogs.larioja.com\/insolencias\/wp-json\/wp\/v2\/posts\/123"}],"collection":[{"href":"https:\/\/blogs.larioja.com\/insolencias\/wp-json\/wp\/v2\/posts"}],"about":[{"href":"https:\/\/blogs.larioja.com\/insolencias\/wp-json\/wp\/v2\/types\/post"}],"author":[{"embeddable":true,"href":"https:\/\/blogs.larioja.com\/insolencias\/wp-json\/wp\/v2\/users\/8872"}],"replies":[{"embeddable":true,"href":"https:\/\/blogs.larioja.com\/insolencias\/wp-json\/wp\/v2\/comments?post=123"}],"version-history":[{"count":0,"href":"https:\/\/blogs.larioja.com\/insolencias\/wp-json\/wp\/v2\/posts\/123\/revisions"}],"wp:attachment":[{"href":"https:\/\/blogs.larioja.com\/insolencias\/wp-json\/wp\/v2\/media?parent=123"}],"wp:term":[{"taxonomy":"category","embeddable":true,"href":"https:\/\/blogs.larioja.com\/insolencias\/wp-json\/wp\/v2\/categories?post=123"},{"taxonomy":"post_tag","embeddable":true,"href":"https:\/\/blogs.larioja.com\/insolencias\/wp-json\/wp\/v2\/tags?post=123"}],"curies":[{"name":"wp","href":"https:\/\/api.w.org\/{rel}","templated":true}]}}