{"id":1240,"date":"2013-07-17T13:19:21","date_gmt":"2013-07-17T11:19:21","guid":{"rendered":"http:\/\/blogs.larioja.com\/insolencias\/?p=1240"},"modified":"2013-07-17T13:19:21","modified_gmt":"2013-07-17T11:19:21","slug":"17-anos-cobrando-de-la-administracion-sin-aparecer-por-su-puesto","status":"publish","type":"post","link":"https:\/\/blogs.larioja.com\/insolencias\/2013\/07\/17\/17-anos-cobrando-de-la-administracion-sin-aparecer-por-su-puesto\/","title":{"rendered":"17 a\u00f1os cobrando de la administraci\u00f3n, sin aparecer por su puesto."},"content":{"rendered":"<p><a href=\"https:\/\/blogs.larioja.com\/insolencias\/files\/2012\/12\/Le-dijo-la-sart\u00e9n-al-cazo.jpg\"><img loading=\"lazy\" class=\"alignleft size-full wp-image-1245\" title=\"El Senador recibe un regalo por sus \"servicios\"\" src=\"https:\/\/blogs.larioja.com\/insolencias\/files\/2012\/12\/Le-dijo-la-sart\u00e9n-al-cazo.jpg\" alt=\"\" width=\"474\" height=\"454\" srcset=\"https:\/\/static-blogs.larioja.com\/wp-content\/uploads\/sites\/159\/2012\/12\/Le-dijo-la-sart\u00e9n-al-cazo.jpg 474w, https:\/\/static-blogs.larioja.com\/wp-content\/uploads\/sites\/159\/2012\/12\/Le-dijo-la-sart\u00e9n-al-cazo-300x287.jpg 300w\" sizes=\"(max-width: 474px) 100vw, 474px\" \/><\/a>Acabo de leer una pregunta &#8211; de las muchas- que los ciudadanos\u00a0lanzaban al Senador Pagola,\u00a0 (<a href=\"http:\/\/videochat.larioja.com\/videochat.php?videochat=pagola-calahorra\">Para un v\u00eddeo -Chat de Larioja.com<\/a>)\u00a0relacionada con \u00a0cobros de \u00a0dinero -por su parte-\u00a0de la Consejer\u00eda de Cultura del Gobierno de La Rioja y me he puesto a buscar en la hemeroteca.<\/p>\n<p>Resulta que\u00a0hace unos meses (la fotograf\u00eda lo atestigua) \u00a0\u00a0, se celebr\u00f3 un acto en la ciudad de\u00a0 Logro\u00f1o, con la presencia del presidente riojano (Pedro Sanz) y el consejero de educaci\u00f3n (Gonzalo Capell\u00e1n) en el que se homenajeaba a varios profesores que se jubilaban. Entre estos docentes jubilados, destacaba uno de ellos, el senador del Partido Popular por La Rioja, -Francisco Javier Pagola, que ya fue noticia\u00a0nacional (2011) por ser el segundo parlamentario de Espa\u00f1a que m\u00e1s tributa al fisco por sus ingresos.<\/p>\n<p>El mismo senador acudi\u00f3 al acto para recibir un homenaje por su reciente \u201cjubilaci\u00f3n\u201d, <strong>pese a llevar m\u00e1s de 17 a\u00f1os sin ejercer.<\/strong> Resulta sorprendente que se pueda homenajear a alguien por un trabajo que hace casi dos d\u00e9cadas que no practica, pero m\u00e1s sorprendente que tenga el rostro marm\u00f3reo de asistir al homenaje, a recibir su caja de vino. Este caballero no pierde ni el agua de borrajas.<\/p>\n<p>Dejando el desprop\u00f3sito a un lado, la mejor consecuencia de dicha \u201cjubilaci\u00f3n\u201d es que \u2013supongo- a partir de ahora, &#8211; de ese d\u00eda- \u00a0dejar\u00e1 de llevarse cada a\u00f1o m\u00e1s de un mill\u00f3n de las antiguas pesetas por no hacer nada. Ya que el senador ha sido capaz (<strong> y sin duda tuvo que reclamarlo activamente<\/strong>) de estar cobrando mes a mes -de la Consejer\u00eda de Educaci\u00f3n del Gobierno de La Rioja- (<strong> 511 Euros<\/strong> en concepto de trienios por ser profesor de instituto de ense\u00f1anza secundaria en situaci\u00f3n de \u201cservicios especiales\u201d), \u00a0desde que en 1995 dej\u00f3 de impartir clases y comenz\u00f3 su desempe\u00f1o pol\u00edtico, primero como alcalde de Calahorra ( 1995- hasta la actualidad) y despu\u00e9s como senador por La Rioja (2004-hasta la actualidad) .<\/p>\n<p>En concreto, y seg\u00fan se refleja en un certificado expedido por la Jefa de Servicios de Recursos Humanos de la Subdirecci\u00f3n General de Personal y Cuerpos Docentes del Gobierno de La Rioja &#8211;<strong><em>colgado por el Senado en su p\u00e1gina web<\/em><\/strong>&#8211; Javier Pagola percib\u00eda, \u00a0m\u00e1s de 6.000 euros al a\u00f1o desde la consejer\u00eda mencionada. Una cantidad que casi supera el salario m\u00ednimo interprofesional y, que sigui\u00f3 cobrando <strong><em>hasta el pasado 29 de Febrero de 2012, en que fue cesado por \u201cjubilaci\u00f3n forzosa por edad\u201d.<\/em><\/strong> Un cese que termin\u00f3 con un periodo de aproximadamente \u00a0<strong>17 a\u00f1os cobrando, pero \u00a0sin aparecer por el Instituto<\/strong> Marco Fabio Quintiliano, en el que dej\u00f3 de dar clases el siglo pasado.<br \/>\nAunque sea legal esta situaci\u00f3n<strong><em>, no es nada \u00e9tica <\/em><\/strong><em>y, <\/em>este cese por jubilaci\u00f3n forzosa termin\u00f3 con algo sin duda tan excepcional como sorprendente. Que te paguen dinero p\u00fablico por no hacer nada en absoluto, <strong>cuando ya est\u00e1s disfrutando de otro sueldo estratosf\u00e9rico pagado igualmente con dinero p\u00fablico<\/strong>.<\/p>\n<p>Este tipo de cosas, son las que abonan el campo y dan fuerza a los argumentos de quienes denostan la pol\u00edtica como servicio p\u00fablico. Pero nunca hay que generalizar ya que \u00e9ste es un caso aislado, pues lo habitual es que un funcionario \u00a0liberado por otra administraci\u00f3n como alto cargo, no solicite dichos emolumentos. \u00a0Pero en este caso la misma persona que en 1999 se puso un sueldo de m\u00e1s de 7 millones de pesetas anuales en el Ayuntamiento, (cobr\u00e1ndolo hasta el 2004) y m\u00e1s de 50.000 euros anuales en su actual etapa de senador\u2026 Sigui\u00f3 percibiendo la paga por la antig\u00fcedad de su anterior puesto como profesor hasta que lo jubilaron forzosamente.<\/p>\n<p>&nbsp;<\/p>\n<p>&nbsp;<\/p>\n<p>&nbsp;<\/p>\n<p><a href=\"\/voc-migration\/endpointsite\/wp-content\/uploads\/sites\/159\/2013\/07\/faldon-como-pu\u00f1os-copia2.jpg\"><img loading=\"lazy\" class=\"aligncenter size-full wp-image-1598\" title=\"faldon como pu\u00f1os - copia\" src=\"\/voc-migration\/endpointsite\/wp-content\/uploads\/sites\/159\/2013\/07\/faldon-como-pu\u00f1os-copia2.jpg\" alt=\"\" width=\"800\" height=\"308\" srcset=\"https:\/\/static-blogs.larioja.com\/wp-content\/uploads\/sites\/159\/2013\/07\/faldon-como-pu\u00f1os-copia2.jpg 800w, https:\/\/static-blogs.larioja.com\/wp-content\/uploads\/sites\/159\/2013\/07\/faldon-como-pu\u00f1os-copia2-300x116.jpg 300w, https:\/\/static-blogs.larioja.com\/wp-content\/uploads\/sites\/159\/2013\/07\/faldon-como-pu\u00f1os-copia2-768x296.jpg 768w\" sizes=\"(max-width: 800px) 100vw, 800px\" \/><\/a><\/p>\n","protected":false},"excerpt":{"rendered":"<p>Acabo de leer una pregunta &#8211; de las muchas- que los ciudadanos\u00a0lanzaban al Senador Pagola,\u00a0 (Para un v\u00eddeo -Chat de Larioja.com)\u00a0relacionada con \u00a0cobros de \u00a0dinero -por su parte-\u00a0de la Consejer\u00eda de Cultura del Gobierno de La Rioja y me he puesto a buscar en la hemeroteca. Resulta que\u00a0hace unos meses (la fotograf\u00eda lo atestigua) \u00a0\u00a0, [&hellip;]<\/p>\n","protected":false},"author":8872,"featured_media":0,"comment_status":"open","ping_status":"closed","sticky":false,"template":"","format":"standard","meta":[],"categories":[1],"tags":[17,500,921,988,1002,1517,1538,1828,1961],"_links":{"self":[{"href":"https:\/\/blogs.larioja.com\/insolencias\/wp-json\/wp\/v2\/posts\/1240"}],"collection":[{"href":"https:\/\/blogs.larioja.com\/insolencias\/wp-json\/wp\/v2\/posts"}],"about":[{"href":"https:\/\/blogs.larioja.com\/insolencias\/wp-json\/wp\/v2\/types\/post"}],"author":[{"embeddable":true,"href":"https:\/\/blogs.larioja.com\/insolencias\/wp-json\/wp\/v2\/users\/8872"}],"replies":[{"embeddable":true,"href":"https:\/\/blogs.larioja.com\/insolencias\/wp-json\/wp\/v2\/comments?post=1240"}],"version-history":[{"count":0,"href":"https:\/\/blogs.larioja.com\/insolencias\/wp-json\/wp\/v2\/posts\/1240\/revisions"}],"wp:attachment":[{"href":"https:\/\/blogs.larioja.com\/insolencias\/wp-json\/wp\/v2\/media?parent=1240"}],"wp:term":[{"taxonomy":"category","embeddable":true,"href":"https:\/\/blogs.larioja.com\/insolencias\/wp-json\/wp\/v2\/categories?post=1240"},{"taxonomy":"post_tag","embeddable":true,"href":"https:\/\/blogs.larioja.com\/insolencias\/wp-json\/wp\/v2\/tags?post=1240"}],"curies":[{"name":"wp","href":"https:\/\/api.w.org\/{rel}","templated":true}]}}