{"id":126,"date":"2009-08-19T04:53:00","date_gmt":"2009-08-19T04:53:00","guid":{"rendered":"http:\/\/blogs.larioja.com\/insolencias\/?p=126"},"modified":"2009-08-19T04:53:00","modified_gmt":"2009-08-19T04:53:00","slug":"para-mas-leyes-anti-tabaco","status":"publish","type":"post","link":"https:\/\/blogs.larioja.com\/insolencias\/2009\/08\/19\/para-mas-leyes-anti-tabaco\/","title":{"rendered":"\u00bfPara qu\u00e9 m\u00e1s leyes anti-tabaco?"},"content":{"rendered":"<p><P class=MsoNormal style=\"MARGIN: 0cm 0cm 0pt\"><B style=\"mso-bidi-font-weight: normal\"><U><SPAN style=\"FONT-SIZE: 20pt\"><FONT face=\"Times New Roman\"><IMG class=imgizqda id=img_0 src=\"https:\/\/blogs.larioja.com\/insolencias\/files\/fumar.jpg\"><\/FONT><\/SPAN><\/U><\/B><\/p>\n<p> <P class=MsoNormal style=\"MARGIN: 0cm 0cm 0pt\"><?xml:namespace prefix = o ns = \"urn:schemas-microsoft-com:office:office\" \/><o:p><FONT face=\"Times New Roman\" size=3><\/FONT><\/o:p><\/p>\n<p> <P class=MsoNormal style=\"MARGIN: 0cm 0cm 0pt\"><o:p><FONT face=\"Times New Roman\" size=3><\/FONT><\/o:p><\/p>\n<p> <P class=MsoNormal style=\"MARGIN: 0cm 0cm 0pt\"><SPAN style=\"FONT-SIZE: 16pt\"><FONT face=\"Times New Roman\">Fumar en los lugares p\u00fablicos es algo que rechazan el 73% de los encuestados espa\u00f1oles y espa\u00f1olas. Lo acabo de leer. Con datos tan elocuentes creo que las Comunidades Aut\u00f3nomas &#8211; como Madrid-que han estado torpedeando la ley conocida como &#8220;anti tabaco&#8221; de la pasada legislatura, deber\u00edan recapacitar y sacar este tema tan importante del ruedo pol\u00edtico. <\/FONT><\/SPAN><\/p>\n<p> <P class=MsoNormal style=\"MARGIN: 0cm 0cm 0pt\"><SPAN style=\"FONT-SIZE: 16pt\"><FONT face=\"Times New Roman\">La ley no se cumple en casi ninguna parte &#8230; se vulnera en cualquier Comunidad, en cualquier ciudad de Espa\u00f1a.<o:p><\/o:p><\/FONT><\/SPAN><\/p>\n<p> <P class=MsoNormal style=\"MARGIN: 0cm 0cm 0pt\"><SPAN style=\"FONT-SIZE: 16pt\"><FONT face=\"Times New Roman\">Es intolerable que las personas no fumadoras tengan que soportar-en los locales de acceso p\u00fablico- el humo de quienes lo son.<o:p><\/o:p><\/FONT><\/SPAN><\/p>\n<p> <P class=MsoNormal style=\"MARGIN: 0cm 0cm 0pt\"><SPAN style=\"FONT-SIZE: 16pt\"><FONT face=\"Times New Roman\">Cualquier local p\u00fablico &#8211; con independencia de su superficie, deber\u00eda estar vetado al consumo de esta droga, que al contrario que otras (coca\u00edna, alcohol, etc) afecta tambi\u00e9n a quienes no la consumen, simplemente por estar all\u00ed presentes.<o:p><\/o:p><\/FONT><\/SPAN><\/p>\n<p> <P class=MsoNormal style=\"MARGIN: 0cm 0cm 0pt\"><SPAN style=\"FONT-SIZE: 16pt\"><FONT face=\"Times New Roman\">Seguramente que a m\u00e1s de uno (y de una) le moleste mucho m\u00e1s tener al lado -en un bar- a un caballero fum\u00e1ndose un puro,<SPAN style=\"mso-spacerun: yes\"> <\/SPAN>que a otro consumiendo anfetaminas. Ambos se est\u00e1n drogando. Ambos jodiendo su salud, pero el primero lo hace con consecuencias negativas para los que le rodean.<o:p><\/o:p><\/FONT><\/SPAN><\/p>\n<p> <P class=MsoNormal style=\"MARGIN: 0cm 0cm 0pt\"><SPAN style=\"FONT-SIZE: 20pt\"><FONT face=\"Times New Roman\"><IMG class=imgizqda id=img_1 src=\"https:\/\/blogs.larioja.com\/insolencias\/files\/FUMA2.jpg\"><\/FONT><\/SPAN><\/p>\n<p> <P class=MsoNormal style=\"MARGIN: 0cm 0cm 0pt\"><SPAN style=\"FONT-SIZE: 16pt\"><FONT face=\"Times New Roman\">En Espa\u00f1a hay<SPAN style=\"mso-spacerun: yes\"> <\/SPAN>poca conciencia en el respeto<SPAN style=\"mso-spacerun: yes\"> <\/SPAN>a los dem\u00e1s. Muchos<SPAN style=\"mso-spacerun: yes\"> <\/SPAN>fumadores se saltan las prohibiciones a la m\u00ednima ocasi\u00f3n. En las reuniones siempre aparece alguien con ganas de encender un cigarrito, pese a saber que no es lo adecuado y que molesta, al tiempo que perjudica a los dem\u00e1s.<o:p><\/o:p><\/FONT><\/SPAN><\/p>\n<p> <P class=MsoNormal style=\"MARGIN: 0cm 0cm 0pt\"><SPAN style=\"FONT-SIZE: 16pt\"><FONT face=\"Times New Roman\">En los hospitales los ba\u00f1os huelen tanto a tabaco que parecen &#8220;pubs&#8221; un s\u00e1bado por la noche.<o:p><\/o:p><\/FONT><\/SPAN><\/p>\n<p> <P class=MsoNormal style=\"MARGIN: 0cm 0cm 0pt\"><SPAN style=\"FONT-SIZE: 16pt\"><FONT face=\"Times New Roman\">En el propio centro comercial ARCCA<SPAN style=\"mso-spacerun: yes\"> <\/SPAN>(\u00fanico lugar &#8220;libre de humo&#8221; que recuerdo), incluso alguna se pone a fumar a hurtadillas junto a los ascensores &#8230;. \u00a1Co\u00f1o !&#8230;\u00bf tan dif\u00edcil es estar un rato sin fumar?.<o:p><\/o:p><\/FONT><\/SPAN><\/p>\n<p> <P class=MsoNormal style=\"MARGIN: 0cm 0cm 0pt\"><SPAN style=\"FONT-SIZE: 16pt\"><FONT face=\"Times New Roman\">En los grandes restaurantes fuma todo el que quiere, pero seg\u00fan la ley si tiene m\u00e1s de 100 metros cuadrados no se puede.<o:p><\/o:p><\/FONT><\/SPAN><\/p>\n<p> <P class=MsoNormal style=\"MARGIN: 0cm 0cm 0pt\"><SPAN style=\"FONT-SIZE: 16pt\"><FONT face=\"Times New Roman\">En los propios hogares algunos padres no tienen el menor rubor de fumar delante de sus hijos, convidando a los mismos a consumir este humo demostradamente cancer\u00edgeno.<o:p><\/o:p><\/FONT><\/SPAN><\/p>\n<p> <P class=MsoNormal style=\"MARGIN: 0cm 0cm 0pt\"><SPAN style=\"FONT-SIZE: 16pt\"><FONT face=\"Times New Roman\">.<o:p><\/o:p><\/FONT><\/SPAN><\/p>\n<p> <P class=MsoNormal style=\"MARGIN: 0cm 0cm 0pt\"><SPAN style=\"FONT-SIZE: 16pt\"><FONT face=\"Times New Roman\">Lo menos que se les puede pedir a las Comunidades Aut\u00f3nomas, sean o no sean del partido del Gobierno-, es<SPAN style=\"mso-spacerun: yes\"> <\/SPAN>que hagan cumplir las leyes y que velen por la salud de los ciudadanos.<SPAN style=\"mso-spacerun: yes\"> <\/SPAN>Si no es as\u00ed, que manden las leyes a tomar por el culo. Vivamos en la anarqu\u00eda &#8230; pero que empiecen por las de recaudaci\u00f3n tributaria.<o:p><\/o:p><\/FONT><\/SPAN><\/p>\n<p> <P class=MsoNormal style=\"MARGIN: 0cm 0cm 0pt\"><SPAN style=\"FONT-SIZE: 16pt\"><FONT face=\"Times New Roman\">.<o:p><\/o:p><\/FONT><\/SPAN><\/p>\n<p> <P class=MsoNormal style=\"MARGIN: 0cm 0cm 0pt\"><SPAN style=\"FONT-SIZE: 16pt\"><o:p><FONT face=\"Times New Roman\"><\/FONT><\/o:p><\/SPAN><\/p>\n<p> <P class=MsoNormal style=\"MARGIN: 0cm 0cm 0pt\"><SPAN style=\"FONT-SIZE: 16pt\"><FONT face=\"Times New Roman\">Y por cierto &#8211; por si alguien se lo estaba preguntando &#8230; estoy por la libertad,<SPAN style=\"mso-spacerun: yes\"> <\/SPAN>muy a favor de que cada cual consuma lo que considere conveniente &#8211; tambi\u00e9n <\/FONT><\/SPAN><SPAN style=\"FONT-SIZE: 16pt\"><FONT face=\"Times New Roman\">tabaco-, y decida que tipo de calidad quiere dar a su propia vida, pero no en presencia de personas que se puedan ver perjudicadas por esa conducta, ni delante de ni\u00f1os&#8230; y nunca en reuniones de trabajo o en locales de acceso p\u00fablico.<o:p><\/o:p><\/FONT><\/SPAN><\/p>\n","protected":false},"excerpt":{"rendered":"<p>Fumar en los lugares p\u00fablicos es algo que rechazan el 73% de los encuestados espa\u00f1oles y espa\u00f1olas. Lo acabo de leer. Con datos tan elocuentes creo que las Comunidades Aut\u00f3nomas &#8211; como Madrid-que han estado torpedeando la ley conocida como &#8220;anti tabaco&#8221; de la pasada legislatura, deber\u00edan recapacitar y sacar este tema tan importante del [&hellip;]<\/p>\n","protected":false},"author":8872,"featured_media":0,"comment_status":"open","ping_status":"closed","sticky":false,"template":"","format":"standard","meta":[],"categories":[1],"tags":[158,709,1242,1788],"_links":{"self":[{"href":"https:\/\/blogs.larioja.com\/insolencias\/wp-json\/wp\/v2\/posts\/126"}],"collection":[{"href":"https:\/\/blogs.larioja.com\/insolencias\/wp-json\/wp\/v2\/posts"}],"about":[{"href":"https:\/\/blogs.larioja.com\/insolencias\/wp-json\/wp\/v2\/types\/post"}],"author":[{"embeddable":true,"href":"https:\/\/blogs.larioja.com\/insolencias\/wp-json\/wp\/v2\/users\/8872"}],"replies":[{"embeddable":true,"href":"https:\/\/blogs.larioja.com\/insolencias\/wp-json\/wp\/v2\/comments?post=126"}],"version-history":[{"count":0,"href":"https:\/\/blogs.larioja.com\/insolencias\/wp-json\/wp\/v2\/posts\/126\/revisions"}],"wp:attachment":[{"href":"https:\/\/blogs.larioja.com\/insolencias\/wp-json\/wp\/v2\/media?parent=126"}],"wp:term":[{"taxonomy":"category","embeddable":true,"href":"https:\/\/blogs.larioja.com\/insolencias\/wp-json\/wp\/v2\/categories?post=126"},{"taxonomy":"post_tag","embeddable":true,"href":"https:\/\/blogs.larioja.com\/insolencias\/wp-json\/wp\/v2\/tags?post=126"}],"curies":[{"name":"wp","href":"https:\/\/api.w.org\/{rel}","templated":true}]}}