{"id":1290,"date":"2013-01-10T21:57:48","date_gmt":"2013-01-10T19:57:48","guid":{"rendered":"http:\/\/blogs.larioja.com\/insolencias\/?p=1290"},"modified":"2013-01-10T21:57:48","modified_gmt":"2013-01-10T19:57:48","slug":"carromero-mi-amol","status":"publish","type":"post","link":"https:\/\/blogs.larioja.com\/insolencias\/2013\/01\/10\/carromero-mi-amol\/","title":{"rendered":"Carromero &#8220;mi amol&#8221;"},"content":{"rendered":"<p><a href=\"\/voc-migration\/endpointsite\/wp-content\/uploads\/sites\/159\/2013\/01\/Mi-amol.jpg\"><img loading=\"lazy\" class=\"alignleft size-full wp-image-1295\" title=\"Mi amol\" src=\"\/voc-migration\/endpointsite\/wp-content\/uploads\/sites\/159\/2013\/01\/Mi-amol.jpg\" alt=\"\" width=\"224\" height=\"270\" \/><\/a>Cualquiera que haya conducido por una carretera secundaria cubana, ser\u00e1 plenamente consciente de que la seguridad vial en Cuba es directamente proporcional al tr\u00e1fico -es decir- inexistente. Se nota r\u00e1pidamente que por la mayor parte de ellas hace d\u00e9cadas que no ha pasado una \u201cparcheadota\u201d; que no tienen la menor idea de lo que es grupo de \u201calquitraneros\u201d.<br \/>\nLas se\u00f1ales \u2013 horizontales o verticales- son escasas en algunas zonas y las balizas reflectantes pr\u00e1cticamente inexistentes. No es extra\u00f1o que se te cruce un tipo embriagado en una curva o que un b\u00fafalo -de m\u00e1s de 500 kilos- atraviese la calzada junto a un cenagal.<br \/>\nEn determinadas partes del pa\u00eds (Matanzas por ejemplo) los lugare\u00f1os utilizan incluso las carreteras para extender productos agr\u00edcolas (arroz, etc) a modo de secadero, lo que supone que \u2013 durante kil\u00f3metros- la mitad de la calzada se encuentra ocupada, y el conductor ha de transitar por el espacio que queda, esperando no encontrarse nadie de frente , lo que sinceramente es raro.<br \/>\n\u00c1ngel Carromero viaj\u00f3 a Cuba, lo cual para empezar ya comienza a ser sospechoso. Es una isla a la que cualquier viaje (en el que no te acompa\u00f1e tu pareja) se puede prestar a las dobles interpretaciones.<br \/>\nEn el caso del se\u00f1orito madrile\u00f1o del PP, se antoja evidente que no iba a reforzar el r\u00e9gimen comunista, ni a restaurar retablos de iglesias. Pero de lo que no cabe la menor duda es de que su inter\u00e9s no era matar al dirigente Osvaldo Pay\u00e1 (de la derecha cubana) y, que su accidente fue fruto de la casualidad. Una casualidad que se repite cien veces cada d\u00eda en todo el planeta y que seg\u00fan la justicia cubana vino acompa\u00f1ado de un exceso de alcohol en la sangre de Carromero. Ya se sabe que en Cuba el ron y la carne son materias que algunos degustan en demas\u00eda.<br \/>\nSeg\u00fan el Ministerio de Asuntos Exteriores de Espa\u00f1a, el juicio fue impecable:<br \/>\n<strong><em>\u201cEs un juicio limpio, abierto y procesalmente impecable\u201d, dijo a la prensa el c\u00f3nsul de Espa\u00f1a en Cuba, Tom\u00e1s Rodr\u00edguez, quien agreg\u00f3 que \u201cse han respetado todas las normas del proceso. El acusado ha sido muy bien tratado, ha podido exponer sus razones sobre por qu\u00e9 actu\u00f3 de esa manera y la defensa ha estado muy bien\u201d.<\/em><\/strong><br \/>\nAlgo que choca con los motivos que la diplomacia espa\u00f1ola ha puesto para justificar su r\u00e1pida repatriaci\u00f3n. Una repatriaci\u00f3n de la que gustar\u00edan disfrutar (y no disfrutan) m\u00e1s de 2.500 espa\u00f1oles presos en el extranjero, que no tienen la suerte de ser pupilos de Esperanza Aguirre.<\/p>\n<p>Carromero habr\u00e1 sido una v\u00edctima o no, pero est\u00e1 claro que la mala suerte le ha acompa\u00f1ado por ser un pol\u00edtico espa\u00f1ol y del PP, al mismo tiempo que se ha beneficiado \u2013 para ser r\u00e1pidamente repatriado- de la misma condici\u00f3n.<br \/>\nEs de suponer que la extradici\u00f3n no ha sido gratis. \u00bfQu\u00e9 ha pagado el gobierno de Rajoy para que los Castro soltaran al se\u00f1orito del PP madrile\u00f1o?.<br \/>\nAhora se discute si otorgarle o no, el tercer grado en la c\u00e1rcel de Segovia. Yo lo tendr\u00eda muy claro.\u00a0 Que se cumpla la ley y,&#8230;Si de mi dependiera lo pon\u00eda ma\u00f1ana mismo de patitas en la calle.<\/p>\n<p>.<br \/>\nBastante has pasado ya\u2026\u00a1Mi amol!.<\/p>\n","protected":false},"excerpt":{"rendered":"<p>Cualquiera que haya conducido por una carretera secundaria cubana, ser\u00e1 plenamente consciente de que la seguridad vial en Cuba es directamente proporcional al tr\u00e1fico -es decir- inexistente. Se nota r\u00e1pidamente que por la mayor parte de ellas hace d\u00e9cadas que no ha pasado una \u201cparcheadota\u201d; que no tienen la menor idea de lo que es [&hellip;]<\/p>\n","protected":false},"author":8872,"featured_media":0,"comment_status":"open","ping_status":"closed","sticky":false,"template":"","format":"standard","meta":[],"categories":[1],"tags":[149,562,803,1322,1474,1618,1777,1818,1909],"_links":{"self":[{"href":"https:\/\/blogs.larioja.com\/insolencias\/wp-json\/wp\/v2\/posts\/1290"}],"collection":[{"href":"https:\/\/blogs.larioja.com\/insolencias\/wp-json\/wp\/v2\/posts"}],"about":[{"href":"https:\/\/blogs.larioja.com\/insolencias\/wp-json\/wp\/v2\/types\/post"}],"author":[{"embeddable":true,"href":"https:\/\/blogs.larioja.com\/insolencias\/wp-json\/wp\/v2\/users\/8872"}],"replies":[{"embeddable":true,"href":"https:\/\/blogs.larioja.com\/insolencias\/wp-json\/wp\/v2\/comments?post=1290"}],"version-history":[{"count":0,"href":"https:\/\/blogs.larioja.com\/insolencias\/wp-json\/wp\/v2\/posts\/1290\/revisions"}],"wp:attachment":[{"href":"https:\/\/blogs.larioja.com\/insolencias\/wp-json\/wp\/v2\/media?parent=1290"}],"wp:term":[{"taxonomy":"category","embeddable":true,"href":"https:\/\/blogs.larioja.com\/insolencias\/wp-json\/wp\/v2\/categories?post=1290"},{"taxonomy":"post_tag","embeddable":true,"href":"https:\/\/blogs.larioja.com\/insolencias\/wp-json\/wp\/v2\/tags?post=1290"}],"curies":[{"name":"wp","href":"https:\/\/api.w.org\/{rel}","templated":true}]}}