{"id":1297,"date":"2013-01-15T11:13:47","date_gmt":"2013-01-15T09:13:47","guid":{"rendered":"http:\/\/blogs.larioja.com\/insolencias\/?p=1297"},"modified":"2013-01-15T11:13:47","modified_gmt":"2013-01-15T09:13:47","slug":"las-amenazas-que-no-pueden-ser-obviadas","status":"publish","type":"post","link":"https:\/\/blogs.larioja.com\/insolencias\/2013\/01\/15\/las-amenazas-que-no-pueden-ser-obviadas\/","title":{"rendered":"Las amenazas que no pueden ser obviadas"},"content":{"rendered":"<p><a href=\"\/voc-migration\/endpointsite\/wp-content\/uploads\/sites\/159\/2013\/01\/Amenaza-virtual.jpg\"><img loading=\"lazy\" class=\"alignleft size-full wp-image-1301\" title=\"Amenaza virtual\" src=\"\/voc-migration\/endpointsite\/wp-content\/uploads\/sites\/159\/2013\/01\/Amenaza-virtual.jpg\" alt=\"\" width=\"397\" height=\"300\" srcset=\"https:\/\/static-blogs.larioja.com\/wp-content\/uploads\/sites\/159\/2013\/01\/Amenaza-virtual.jpg 397w, https:\/\/static-blogs.larioja.com\/wp-content\/uploads\/sites\/159\/2013\/01\/Amenaza-virtual-300x227.jpg 300w\" sizes=\"(max-width: 397px) 100vw, 397px\" \/><\/a>Hace unos d\u00edas, el consejero de industria del Gobierno de La Rioja, Javier Erro (del Partido Popular) realiz\u00f3 unas declaraciones en una comparecencia p\u00fablica, absolutamente reprochables, en las cuales se mofaba y calumniaba a los parados de esta Comunidad. Todav\u00eda el Sr. Erro no ha pedido disculpas por ello.<br \/>\nAprovechando esas declaraciones de Erro, un individuo, (de apellido \u201cPulgar\u201d) que en su d\u00eda fuera candidato del Partido Riojano en un municipio, aprovech\u00f3 dichas declaraciones para lanzar amenazas <em><strong>(totalmente rechazables sin paliativos)<\/strong><\/em> en un foro en Internet.<\/p>\n<p>Ante estos hechos, resulta que el Gobierno de La Rioja ha impulsado una denuncia en los juzgados contra el incauto amenazador .<br \/>\nResulta muy curioso ver como el Gobierno de La Rioja se muestra implacable con este caso y afirma que una amenaza &#8220;virtual&#8221; en forma de comentario en una web <strong>\u201cno puede ser obviada\u201d.<\/strong><br \/>\nAdem\u00e1s, no s\u00f3lo presenta \u00a0denuncia, sino que pone a disposici\u00f3n del pol\u00edtico los medios jur\u00eddicos y econ\u00f3micos de la Comunidad Aut\u00f3noma de La Rioja. Se muestran en esta ocasi\u00f3n extremadamente diligentes, solidarios y garantes, porque la amenaza afecta a un miembro del PP y, sin embargo son muy capaces de ignorarla si quienes amenazan son precisamente ellos, o sus familiares.<\/p>\n<p>Voy a poner un ejemplo ver\u00eddico:<\/p>\n<p>En cierta ocasi\u00f3n, no hace demasiado tiempo, un individuo me telefone\u00f3 al m\u00f3vil. El t\u00edo en cuesti\u00f3n quer\u00eda que le hiciera un informe, dentro de mis competencias como funcionario \u00a0(Agente Forestal del Gobierno de La Rioja).<br \/>\nAl tipo aquel ya lo conoc\u00eda. No en vano hac\u00eda unos meses que le hab\u00eda denunciado por destruir un bosque que no era suyo. Su llamada me son\u00f3 rara, principalmente porque el tipo llam\u00f3 a mi tel\u00e9fono m\u00f3vil particular y no al oficial del trabajo.<br \/>\nQued\u00e9 con \u00e9l en el campo, en una finca de su propiedad en mitad de La Ribera del Ebro. Cuando llegu\u00e9, el individuo estaba solo. Lo not\u00e9 algo nervioso y desconfi\u00e9 todav\u00eda m\u00e1s. Pero cuando uno tiene 24 a\u00f1os de carrera y, \u00a0el culo pelado\u2026Solamente queda esperar acontecimientos.<br \/>\nEn mitad de la peregrina explicaci\u00f3n del fulano aquel -justificando su llamada-, por una esquina de la finca aparecieron dos mujeres caminando en direcci\u00f3n a nosotros. Era su esposa y la hermana de \u00e9sta. Llegaron hasta nuestra posici\u00f3n y la m\u00e1s desagradable de las dos comenz\u00f3 a increparme, amenazarme e intentar que me quitara las gafas de sol, cosa que no hice \u2013 para su desesperaci\u00f3n-.<br \/>\nAcabado el show, los tres parientes (hermanas y cu\u00f1ado) desaparecieron de la escena y una vez en casa traslad\u00e9 un informe por registro -de lo sucedido- a mis superiores del Gobierno de La Rioja, (tal y como estipula el protocolo) comunicando la entidad y gravedad de las amenazas ( perpetradas contra un Agente de la Autoridad en acto de servicio) y <em><strong>que exist\u00eda la posibilidad de verificarlas, puesto que ten\u00eda pruebas de ello. <\/strong><\/em>Y las sigo teniendo.<\/p>\n<p><strong><em><\/em><\/strong><br \/>\n\u00bfSaben cual fue la respuesta?&#8230;pues la denuncia no se tramit\u00f3, ni se le dio traslado al juzgado como delito de amenazas contra un Agente de la Autoridad, ni tan siquiera me pidieron las pruebas\u2026Nada.<br \/>\nLos altos cargos de mi consejer\u00eda, (todos nombrados a dedo), decidieron denegarme la asistencia jur\u00eddica del Gobierno de La Rioja, pese a ser un Agente y recibir las amenazas &#8211;<strong>en acto de servicio<\/strong>&#8211; por realizar mi labor como tal. Consideraron que las mismas no eran suficientemente graves \u2013 pese a no verificar las pruebas ni pedirlas- y, rehusaron trasladar denuncia al juzgado. Y eso que en este caso<strong><em> no se trataba de un comentario en caliente en un foro<\/em><\/strong>, no\u2026Era un acto de amenaza personal, en grupo con premeditaci\u00f3n y alevos\u00eda; \u00a0en la clara intenci\u00f3n de coaccionar a un Agente de la Autoridad.<br \/>\nPero quienes amenazaban en esa ocasi\u00f3n no eran del PR sino de su propio partido.<\/p>\n<p>Ahora cuando leo -en la prensa de hoy- este alarde por parte del Partido Popular en el Gobierno de La Rioja, no dejo de pensar en lo fariseos que son y, en que tengo testimonios acumulados de su hipocres\u00eda como para mantener activo este blog durante lustros.<br \/>\nOtro d\u00eda\u2026M\u00e1s.<\/p>\n","protected":false},"excerpt":{"rendered":"<p>Hace unos d\u00edas, el consejero de industria del Gobierno de La Rioja, Javier Erro (del Partido Popular) realiz\u00f3 unas declaraciones en una comparecencia p\u00fablica, absolutamente reprochables, en las cuales se mofaba y calumniaba a los parados de esta Comunidad. Todav\u00eda el Sr. Erro no ha pedido disculpas por ello. Aprovechando esas declaraciones de Erro, un [&hellip;]<\/p>\n","protected":false},"author":8872,"featured_media":0,"comment_status":"open","ping_status":"closed","sticky":false,"template":"","format":"standard","meta":[],"categories":[1],"tags":[128,1036,1146,1517,1519,1687],"_links":{"self":[{"href":"https:\/\/blogs.larioja.com\/insolencias\/wp-json\/wp\/v2\/posts\/1297"}],"collection":[{"href":"https:\/\/blogs.larioja.com\/insolencias\/wp-json\/wp\/v2\/posts"}],"about":[{"href":"https:\/\/blogs.larioja.com\/insolencias\/wp-json\/wp\/v2\/types\/post"}],"author":[{"embeddable":true,"href":"https:\/\/blogs.larioja.com\/insolencias\/wp-json\/wp\/v2\/users\/8872"}],"replies":[{"embeddable":true,"href":"https:\/\/blogs.larioja.com\/insolencias\/wp-json\/wp\/v2\/comments?post=1297"}],"version-history":[{"count":0,"href":"https:\/\/blogs.larioja.com\/insolencias\/wp-json\/wp\/v2\/posts\/1297\/revisions"}],"wp:attachment":[{"href":"https:\/\/blogs.larioja.com\/insolencias\/wp-json\/wp\/v2\/media?parent=1297"}],"wp:term":[{"taxonomy":"category","embeddable":true,"href":"https:\/\/blogs.larioja.com\/insolencias\/wp-json\/wp\/v2\/categories?post=1297"},{"taxonomy":"post_tag","embeddable":true,"href":"https:\/\/blogs.larioja.com\/insolencias\/wp-json\/wp\/v2\/tags?post=1297"}],"curies":[{"name":"wp","href":"https:\/\/api.w.org\/{rel}","templated":true}]}}