{"id":1313,"date":"2013-01-21T18:16:10","date_gmt":"2013-01-21T16:16:10","guid":{"rendered":"http:\/\/blogs.larioja.com\/insolencias\/?p=1313"},"modified":"2013-01-21T18:16:10","modified_gmt":"2013-01-21T16:16:10","slug":"baja-el-rio-con-las-escrituras","status":"publish","type":"post","link":"https:\/\/blogs.larioja.com\/insolencias\/2013\/01\/21\/baja-el-rio-con-las-escrituras\/","title":{"rendered":"Baja el r\u00edo con las escrituras."},"content":{"rendered":"<p><a href=\"\/voc-migration\/endpointsite\/wp-content\/uploads\/sites\/159\/2013\/01\/IMG_4826.jpg\"><img loading=\"lazy\" class=\"aligncenter size-full wp-image-1316\" title=\"Caaa que chorrazo. Alfaro enero 20- 2013\" src=\"\/voc-migration\/endpointsite\/wp-content\/uploads\/sites\/159\/2013\/01\/IMG_4826.jpg\" alt=\"\" width=\"800\" height=\"389\" srcset=\"https:\/\/static-blogs.larioja.com\/wp-content\/uploads\/sites\/159\/2013\/01\/IMG_4826.jpg 800w, https:\/\/static-blogs.larioja.com\/wp-content\/uploads\/sites\/159\/2013\/01\/IMG_4826-300x146.jpg 300w, https:\/\/static-blogs.larioja.com\/wp-content\/uploads\/sites\/159\/2013\/01\/IMG_4826-768x373.jpg 768w\" sizes=\"(max-width: 800px) 100vw, 800px\" \/><\/a><\/p>\n<p>Cuando llueve en exceso, hace mucho calor, demasiado fr\u00edo o se desborda un r\u00edo, siempre aparece el paisano de turno, que ante el micr\u00f3fono del reportero afirma:<em><strong> \u201c Es la mayor que recuerdo\u201d\u2026\u201dEn mi vida hab\u00eda visto\u201d<\/strong><\/em>. \u00a0Frases \u201cmultiusos\u201d, que lo mismo sirven para inundaciones invernales o can\u00edculas veraniegas.<\/p>\n<p>.<br \/>\nAnte \u00a0los importantes\u00a0aumentos (pero no excepcionales) de caudal que el Ebro ha protagonizado estos \u00faltimos d\u00edas, tambi\u00e9n se ha escuchado un reproche recurrente en estos casos, que afirma que los cauces de los r\u00edos est\u00e1n sucios\u2026Con matas y gravas en los mismos. Es una opini\u00f3n generalizada y tan err\u00f3nea como sesgada, ya que el\u00a0gran\u00a0problema\u00a0\u00a0que las inundaciones de los r\u00edos pueden provocar no reside en la falta o exceso de dragado del lecho, sino de una equivocada gesti\u00f3n de los cauces p\u00fablicos.<br \/>\nLos r\u00edos han sido confinados a estrechos l\u00edmites, encorsetados entre murallas (caballones, motas, defensas o mazones). Unos muros construidos en \u00e9poca de estiaje, que en ocasiones no son capaces de contener la crecida que los grandes r\u00edos experimentan c\u00edclicamente.<br \/>\nHemos usurpado el cauce del r\u00edo y su zona natural de avenida, hasta confinarlo en un estrecho canal, que cuando transporta agua de forma abundante se desborda, anegando sus dominios arrebatados por nuestra codicia.<\/p>\n<p>.<br \/>\nSon los r\u00edos como aquella fulana del refr\u00e1n espa\u00f1ol, <em><strong>que tras de puta ten\u00eda que poner la cama.\u00a0<\/strong><\/em>\u00a0 No nos basta con roturar sus bosques naturales, poner en cultivo sus riberas o construir murallas en sus orillas. Tambi\u00e9n queremos que cuando se desborden, la culpa sea de ellos por tener gravas en sus cauces.<br \/>\nEstos d\u00edas baja el Ebro crecido, con sus escrituras de propiedad bajo el brazo, advirtiendo de que \u00a0las riberas son suyas y, que\u00a0 se extienden hasta donde\u00a0 llegan sus aguas.<\/p>\n<p><a href=\"\/voc-migration\/endpointsite\/wp-content\/uploads\/sites\/159\/2013\/01\/IMG_4814.jpg\"><img loading=\"lazy\" class=\"aligncenter size-full wp-image-1317\" title=\"IMG_4814\" src=\"\/voc-migration\/endpointsite\/wp-content\/uploads\/sites\/159\/2013\/01\/IMG_4814.jpg\" alt=\"\" width=\"800\" height=\"297\" srcset=\"https:\/\/static-blogs.larioja.com\/wp-content\/uploads\/sites\/159\/2013\/01\/IMG_4814.jpg 800w, https:\/\/static-blogs.larioja.com\/wp-content\/uploads\/sites\/159\/2013\/01\/IMG_4814-300x111.jpg 300w, https:\/\/static-blogs.larioja.com\/wp-content\/uploads\/sites\/159\/2013\/01\/IMG_4814-768x285.jpg 768w\" sizes=\"(max-width: 800px) 100vw, 800px\" \/><\/a><\/p>\n","protected":false},"excerpt":{"rendered":"<p>Cuando llueve en exceso, hace mucho calor, demasiado fr\u00edo o se desborda un r\u00edo, siempre aparece el paisano de turno, que ante el micr\u00f3fono del reportero afirma: \u201c Es la mayor que recuerdo\u201d\u2026\u201dEn mi vida hab\u00eda visto\u201d. \u00a0Frases \u201cmultiusos\u201d, que lo mismo sirven para inundaciones invernales o can\u00edculas veraniegas. . Ante \u00a0los importantes\u00a0aumentos (pero no [&hellip;]<\/p>\n","protected":false},"author":8872,"featured_media":0,"comment_status":"open","ping_status":"closed","sticky":false,"template":"","format":"standard","meta":[],"categories":[1],"tags":[232,542,664,1126],"_links":{"self":[{"href":"https:\/\/blogs.larioja.com\/insolencias\/wp-json\/wp\/v2\/posts\/1313"}],"collection":[{"href":"https:\/\/blogs.larioja.com\/insolencias\/wp-json\/wp\/v2\/posts"}],"about":[{"href":"https:\/\/blogs.larioja.com\/insolencias\/wp-json\/wp\/v2\/types\/post"}],"author":[{"embeddable":true,"href":"https:\/\/blogs.larioja.com\/insolencias\/wp-json\/wp\/v2\/users\/8872"}],"replies":[{"embeddable":true,"href":"https:\/\/blogs.larioja.com\/insolencias\/wp-json\/wp\/v2\/comments?post=1313"}],"version-history":[{"count":0,"href":"https:\/\/blogs.larioja.com\/insolencias\/wp-json\/wp\/v2\/posts\/1313\/revisions"}],"wp:attachment":[{"href":"https:\/\/blogs.larioja.com\/insolencias\/wp-json\/wp\/v2\/media?parent=1313"}],"wp:term":[{"taxonomy":"category","embeddable":true,"href":"https:\/\/blogs.larioja.com\/insolencias\/wp-json\/wp\/v2\/categories?post=1313"},{"taxonomy":"post_tag","embeddable":true,"href":"https:\/\/blogs.larioja.com\/insolencias\/wp-json\/wp\/v2\/tags?post=1313"}],"curies":[{"name":"wp","href":"https:\/\/api.w.org\/{rel}","templated":true}]}}