{"id":1319,"date":"2013-01-27T00:53:53","date_gmt":"2013-01-26T22:53:53","guid":{"rendered":"http:\/\/blogs.larioja.com\/insolencias\/?p=1319"},"modified":"2013-01-27T00:53:53","modified_gmt":"2013-01-26T22:53:53","slug":"zzzzzzzzzzzzzzzzzzzzzzzzzzzzzzzzzz","status":"publish","type":"post","link":"https:\/\/blogs.larioja.com\/insolencias\/2013\/01\/27\/zzzzzzzzzzzzzzzzzzzzzzzzzzzzzzzzzz\/","title":{"rendered":"Por fin alguien tuvo los huevos de preguntar."},"content":{"rendered":"<p><a href=\"\/voc-migration\/endpointsite\/wp-content\/uploads\/sites\/159\/2013\/01\/censura1.jpg\"><img loading=\"lazy\" class=\"alignleft size-full wp-image-1323\" title=\"censura\" src=\"\/voc-migration\/endpointsite\/wp-content\/uploads\/sites\/159\/2013\/01\/censura1.jpg\" alt=\"\" width=\"480\" height=\"305\" srcset=\"https:\/\/static-blogs.larioja.com\/wp-content\/uploads\/sites\/159\/2013\/01\/censura1.jpg 480w, https:\/\/static-blogs.larioja.com\/wp-content\/uploads\/sites\/159\/2013\/01\/censura1-300x191.jpg 300w\" sizes=\"(max-width: 480px) 100vw, 480px\" \/><\/a>Me acaban de pasar el<a href=\"http:\/\/manuelmartinrubio.wordpress.com\/2013\/01\/25\/pedro-sanz-sobre-su-chale-onda-cero\/\"> enlace al blog de un periodista<\/a> \u2013creo-, de nombre <strong>Manuel Mart\u00edn Rubio,\u00a0<\/strong> que traslada al papel la entrevista radiof\u00f3nica de una locutora de Onda Cero (<strong>Cecilia Romero<\/strong>\u00a0), \u00a0que tiene los huevos de preguntarle a Pedro Sanz &#8211; Presidente riojano- \u00a0por su casilla de 20 metros cuadrados, que seg\u00fan<a href=\"http:\/\/www.interviu.es\/reportajes\/articulos\/el-chale-ilegal-del-presidente-de-la-rioja\"> INTERVIU\u00a0<\/a>\u00a0tiene 176.<\/p>\n<p>.<br \/>\nY los huevos de Cecilia son<strong> muy destacables<\/strong>, porque despu\u00e9s de varias semanas sin que nadie se atreva a decir ni \u201cmu\u201d, esta periodista<strong> pregunt\u00f3 lo que ten\u00eda que preguntar<\/strong>, y el presidente -que no es ni tonto, ni mudo, ni manco-, respondi\u00f3 como consider\u00f3 oportuno y\u2026Aqu\u00ed paz y all\u00e1 gloria.<\/p>\n<p>Est\u00e1 claro que en La Rioja,- por lo menos- \u00a0nos queda Cecilia Romero \u00a0y Manuel Mart\u00edn Rubio.<\/p>\n<p>.<br \/>\nLo sorprendente con el tema de la &#8220;casilla de aperos&#8221; de Pedro Sanz -Presidente del Gobierno de La Rioja-, es que tengo la percepci\u00f3n de que los ciudadanos est\u00e1n much\u00edsimo m\u00e1s cabreados con los medios de comunicaci\u00f3n por ocultarlo, que con la propia cualidad legal de la casilla en cuesti\u00f3n.<\/p>\n<p>Es decir, que en esta tierra de casillas, sabe peor <strong>el silencio estruendoso de la prensa<\/strong>, que la pu\u00f1etera casilla.<\/p>\n<p>&nbsp;<\/p>\n","protected":false},"excerpt":{"rendered":"<p>Me acaban de pasar el enlace al blog de un periodista \u2013creo-, de nombre Manuel Mart\u00edn Rubio,\u00a0 que traslada al papel la entrevista radiof\u00f3nica de una locutora de Onda Cero (Cecilia Romero\u00a0), \u00a0que tiene los huevos de preguntarle a Pedro Sanz &#8211; Presidente riojano- \u00a0por su casilla de 20 metros cuadrados, que seg\u00fan INTERVIU\u00a0\u00a0tiene 176. [&hellip;]<\/p>\n","protected":false},"author":8872,"featured_media":0,"comment_status":"open","ping_status":"closed","sticky":false,"template":"","format":"standard","meta":[],"categories":[1],"tags":[371,386,1122,1299,1336,1538],"_links":{"self":[{"href":"https:\/\/blogs.larioja.com\/insolencias\/wp-json\/wp\/v2\/posts\/1319"}],"collection":[{"href":"https:\/\/blogs.larioja.com\/insolencias\/wp-json\/wp\/v2\/posts"}],"about":[{"href":"https:\/\/blogs.larioja.com\/insolencias\/wp-json\/wp\/v2\/types\/post"}],"author":[{"embeddable":true,"href":"https:\/\/blogs.larioja.com\/insolencias\/wp-json\/wp\/v2\/users\/8872"}],"replies":[{"embeddable":true,"href":"https:\/\/blogs.larioja.com\/insolencias\/wp-json\/wp\/v2\/comments?post=1319"}],"version-history":[{"count":0,"href":"https:\/\/blogs.larioja.com\/insolencias\/wp-json\/wp\/v2\/posts\/1319\/revisions"}],"wp:attachment":[{"href":"https:\/\/blogs.larioja.com\/insolencias\/wp-json\/wp\/v2\/media?parent=1319"}],"wp:term":[{"taxonomy":"category","embeddable":true,"href":"https:\/\/blogs.larioja.com\/insolencias\/wp-json\/wp\/v2\/categories?post=1319"},{"taxonomy":"post_tag","embeddable":true,"href":"https:\/\/blogs.larioja.com\/insolencias\/wp-json\/wp\/v2\/tags?post=1319"}],"curies":[{"name":"wp","href":"https:\/\/api.w.org\/{rel}","templated":true}]}}