{"id":1328,"date":"2013-02-05T18:29:15","date_gmt":"2013-02-05T16:29:15","guid":{"rendered":"http:\/\/blogs.larioja.com\/insolencias\/?p=1328"},"modified":"2013-02-05T18:29:15","modified_gmt":"2013-02-05T16:29:15","slug":"mientras-ellos-miran-para-otro-lado","status":"publish","type":"post","link":"https:\/\/blogs.larioja.com\/insolencias\/2013\/02\/05\/mientras-ellos-miran-para-otro-lado\/","title":{"rendered":"Mientras ellos miran para otro lado."},"content":{"rendered":"<p><a href=\"\/voc-migration\/endpointsite\/wp-content\/uploads\/sites\/159\/2013\/02\/promostock.jpg\"><img loading=\"lazy\" class=\"alignleft size-full wp-image-1331\" title=\"promostock\" src=\"\/voc-migration\/endpointsite\/wp-content\/uploads\/sites\/159\/2013\/02\/promostock.jpg\" alt=\"\" width=\"500\" height=\"330\" srcset=\"https:\/\/static-blogs.larioja.com\/wp-content\/uploads\/sites\/159\/2013\/02\/promostock.jpg 500w, https:\/\/static-blogs.larioja.com\/wp-content\/uploads\/sites\/159\/2013\/02\/promostock-300x198.jpg 300w\" sizes=\"(max-width: 500px) 100vw, 500px\" \/><\/a>La situaci\u00f3n del <a href=\"https:\/\/www.dropbox.com\/s\/b53va76r7dxduzp\/009-2013%20Situaci%C3%B3n%20comercio%20Calahorra.pdf\">comercio en Calahorra<\/a>, comienza a ser preocupante. Y ante la disyuntiva de ocultarla y mirar hacia otra parte, <strong><em>&#8211;<\/em><\/strong><em>como hacen los responsables del Ayuntamiento-<\/em>, conviene ponerla sobre la mesa de forma inmediata, para intentar solucionarla.<br \/>\nLa crisis ha golpeado el sector comercial en toda Espa\u00f1a, sin embargo, el impacto de la misma no ha sido igual en todas partes. Calahorra se lleva la palma en p\u00e9rdida de comercios en todo nuestro entorno. Una cuesti\u00f3n diferencial que no puede ser fruto de la casualidad. Muy al contrario responde a la incapacidad que ha mostrado el Ayuntamiento de Calahorra en poner en marcha medidas efectivas de promoci\u00f3n y protecci\u00f3n del tejido comercial minorista.<br \/>\nEn los \u00faltimos 10 a\u00f1os, tan solo en el Casco Antiguo, se han perdido m\u00e1s de 100 comercios, lo que sin duda ha contribuido a la depauperaci\u00f3n de esta zona esencial de nuestra ciudad.<br \/>\nPero la p\u00e9rdida de comercios, no solamente se ha cebado en la zona hist\u00f3rica, ya que seg\u00fan datos estad\u00edsticos,<strong> entre el 2008 y el 2011 han desaparecido 189 comercios en Calahorra<\/strong>. La sangr\u00eda no tiene parang\u00f3n en nuestro entorno, ya que mientras en el mismo periodo Logro\u00f1o o Tudela perdieron el 16% de sus comercios, (San Adri\u00e1n un 12%), <strong>en Calahorra se han perdido el 26% de los comercios<\/strong>. Diez puntos m\u00e1s que en la capital.<br \/>\nOtro indicativo que claramente se\u00f1ala el hundimiento comercial es el paro registrado en el sector servicios que ha pasado en la ciudad <strong>de 467 personas en paro (2006) a los actuales 1.132 parados del sector servicios.<\/strong><\/p>\n<p>Si seguimos negando la evidencia, la crisis -y la absurda negaci\u00f3n de la realidad- acabar\u00e1n por dilapidar la actividad comercial. <strong>Hemos pasado en tan solo cuatro a\u00f1os de 715 actividades de comercio minorista registrado, a tan solo 526.<\/strong><br \/>\nSi al equipo de gobierno del Ayuntamiento no le parece preocupante es que viven ajenos a la realidad.<\/p>\n<p>Pueden continuar ri\u00e9ndose \u00a0los responsables pol\u00edticos, o ponerse a trabajar de una pu\u00f1etera vez en el camino adecuado, o no tardaremos en llegar (en determinadas zonas) a un punto de \u201cno retorno\u201d.<\/p>\n<p><a href=\"\/voc-migration\/endpointsite\/wp-content\/uploads\/sites\/159\/2013\/02\/Evoluci\u00f3n-del-Comercio-minorista-en-Calahorra.jpg\"><img loading=\"lazy\" class=\"aligncenter size-full wp-image-1333\" title=\"Evoluci\u00f3n del Comercio minorista en Calahorra\" src=\"\/voc-migration\/endpointsite\/wp-content\/uploads\/sites\/159\/2013\/02\/Evoluci\u00f3n-del-Comercio-minorista-en-Calahorra.jpg\" alt=\"\" width=\"904\" height=\"670\" srcset=\"https:\/\/static-blogs.larioja.com\/wp-content\/uploads\/sites\/159\/2013\/02\/Evoluci\u00f3n-del-Comercio-minorista-en-Calahorra.jpg 904w, https:\/\/static-blogs.larioja.com\/wp-content\/uploads\/sites\/159\/2013\/02\/Evoluci\u00f3n-del-Comercio-minorista-en-Calahorra-300x222.jpg 300w, https:\/\/static-blogs.larioja.com\/wp-content\/uploads\/sites\/159\/2013\/02\/Evoluci\u00f3n-del-Comercio-minorista-en-Calahorra-768x569.jpg 768w\" sizes=\"(max-width: 904px) 100vw, 904px\" \/><\/a><\/p>\n<p>&nbsp;<\/p>\n<p><a href=\"\/voc-migration\/endpointsite\/wp-content\/uploads\/sites\/159\/2013\/02\/Caida-comercial-en-Calahorra.jpg\"><img loading=\"lazy\" class=\"aligncenter  wp-image-1332\" title=\"Caida comercial en Calahorra\" src=\"\/voc-migration\/endpointsite\/wp-content\/uploads\/sites\/159\/2013\/02\/Caida-comercial-en-Calahorra.jpg\" alt=\"\" width=\"888\" height=\"670\" srcset=\"https:\/\/static-blogs.larioja.com\/wp-content\/uploads\/sites\/159\/2013\/02\/Caida-comercial-en-Calahorra.jpg 888w, https:\/\/static-blogs.larioja.com\/wp-content\/uploads\/sites\/159\/2013\/02\/Caida-comercial-en-Calahorra-300x226.jpg 300w, https:\/\/static-blogs.larioja.com\/wp-content\/uploads\/sites\/159\/2013\/02\/Caida-comercial-en-Calahorra-768x579.jpg 768w\" sizes=\"(max-width: 888px) 100vw, 888px\" \/><\/a><\/p>\n","protected":false},"excerpt":{"rendered":"<p>La situaci\u00f3n del comercio en Calahorra, comienza a ser preocupante. Y ante la disyuntiva de ocultarla y mirar hacia otra parte, &#8211;como hacen los responsables del Ayuntamiento-, conviene ponerla sobre la mesa de forma inmediata, para intentar solucionarla. La crisis ha golpeado el sector comercial en toda Espa\u00f1a, sin embargo, el impacto de la misma [&hellip;]<\/p>\n","protected":false},"author":8872,"featured_media":0,"comment_status":"open","ping_status":"closed","sticky":false,"template":"","format":"standard","meta":[],"categories":[1],"tags":[366,451,626,1667],"_links":{"self":[{"href":"https:\/\/blogs.larioja.com\/insolencias\/wp-json\/wp\/v2\/posts\/1328"}],"collection":[{"href":"https:\/\/blogs.larioja.com\/insolencias\/wp-json\/wp\/v2\/posts"}],"about":[{"href":"https:\/\/blogs.larioja.com\/insolencias\/wp-json\/wp\/v2\/types\/post"}],"author":[{"embeddable":true,"href":"https:\/\/blogs.larioja.com\/insolencias\/wp-json\/wp\/v2\/users\/8872"}],"replies":[{"embeddable":true,"href":"https:\/\/blogs.larioja.com\/insolencias\/wp-json\/wp\/v2\/comments?post=1328"}],"version-history":[{"count":0,"href":"https:\/\/blogs.larioja.com\/insolencias\/wp-json\/wp\/v2\/posts\/1328\/revisions"}],"wp:attachment":[{"href":"https:\/\/blogs.larioja.com\/insolencias\/wp-json\/wp\/v2\/media?parent=1328"}],"wp:term":[{"taxonomy":"category","embeddable":true,"href":"https:\/\/blogs.larioja.com\/insolencias\/wp-json\/wp\/v2\/categories?post=1328"},{"taxonomy":"post_tag","embeddable":true,"href":"https:\/\/blogs.larioja.com\/insolencias\/wp-json\/wp\/v2\/tags?post=1328"}],"curies":[{"name":"wp","href":"https:\/\/api.w.org\/{rel}","templated":true}]}}