{"id":1336,"date":"2013-02-12T17:27:11","date_gmt":"2013-02-12T15:27:11","guid":{"rendered":"http:\/\/blogs.larioja.com\/insolencias\/?p=1336"},"modified":"2013-02-12T17:27:11","modified_gmt":"2013-02-12T15:27:11","slug":"toros-y-desahuciados","status":"publish","type":"post","link":"https:\/\/blogs.larioja.com\/insolencias\/2013\/02\/12\/toros-y-desahuciados\/","title":{"rendered":"Toros y  desahuciados."},"content":{"rendered":"<p><a href=\"\/voc-migration\/endpointsite\/wp-content\/uploads\/sites\/159\/2013\/02\/Rajoy-con-sus-amigos.jpg\"><img loading=\"lazy\" class=\"alignleft size-full wp-image-1344\" title=\"Rajoy con sus amigos\" src=\"\/voc-migration\/endpointsite\/wp-content\/uploads\/sites\/159\/2013\/02\/Rajoy-con-sus-amigos.jpg\" alt=\"\" width=\"448\" height=\"297\" srcset=\"https:\/\/static-blogs.larioja.com\/wp-content\/uploads\/sites\/159\/2013\/02\/Rajoy-con-sus-amigos.jpg 448w, https:\/\/static-blogs.larioja.com\/wp-content\/uploads\/sites\/159\/2013\/02\/Rajoy-con-sus-amigos-300x199.jpg 300w\" sizes=\"(max-width: 448px) 100vw, 448px\" \/><\/a>Hoy en el Congreso de los Diputados, el Partido Popular va a dar un paso m\u00e1s en el camino de la verg\u00fcenza; entre el profundo adoctrinamiento ideol\u00f3gico y la desidia frente a los verdaderos problemas de los ciudadanos. Una nueva escalada en el \u201cfrentismo\u201d contra las libertades y los derechos de los pueblos de Espa\u00f1a. Y alguno se sorprender\u00e1 de que sea posible acometer tantos atropellos en una sola tarde, en una sola sesi\u00f3n&#8230; Pues lo es.<br \/>\nTodo apunta a que seg\u00fan anunciaban\u00a0el PP esta misma ma\u00f1ana, va a dar curso libre a la Iniciativa legislativa Popular (ILP) que desembocar\u00e1 en que \u201clos Toros\u201d se declaren como \u201cBien de Inter\u00e9s Cultural\u201d,<strong> impulsada por 600.000 firmas<\/strong> y tambi\u00e9n por lo que sin duda es una torticera operaci\u00f3n orquestada por el propio PP -y sus c\u00edrculos m\u00e1s rancios-, que no persigue otra cosa que blindar la fiesta de los toros para garantizar -que pese al desinter\u00e9s general-, esta fiesta persista gracias a la subvenci\u00f3n de los festejos con el dinero p\u00fablico de nuestros impuestos. Una ILP que el PP usa a modo de tapadera para ocultar\u00a0una marcada pol\u00edtica de intervencionismo, \u00a0que busca impedir que la sociedad se pronuncie, tal y como sucedi\u00f3 en Catalu\u00f1a. Una formaci\u00f3n pol\u00edtica que no respeta la voluntad de ning\u00fan parlamento y \u201cbusca la vuelta\u201d con esta declaraci\u00f3n, disfraz\u00e1ndola de ILP, para torcer la voluntad de Catalu\u00f1a.<br \/>\nPero al final, por mucho dinero p\u00fablico que se malverse en fomentar festejos a los que nadie acude, la realidad es tozuda. A los espa\u00f1oles no les gusta la fiesta\u2026\u00a1Qu\u00e9 le vamos a hacer!.<br \/>\nAl mismo tiempo, los verdaderos problemas que traslada la sociedad al Congreso, van ha ser rechazados por el mismo Partido Popular. La ILP, que la plataforma contra los desahucios presenta a consideraci\u00f3n, (para la daci\u00f3n en pago) avalada por <strong>las firmas de 1.400.000 ciudadanos<\/strong>, va a ser vetada con los votos en contra de los 185 diputados y diputadas del PP, que se muestran muy sensibles con las corridas de toros y totalmente indiferentes ante el drama de miles de familias, que se quedan sin sus casas en la puta calle y, para colmo endeudados en su indigencia. En el mejor de los escenarios y, para cubrir el expediente, la plataforma\u00a0y la sociedad presionan, aunque las esperanzas de que tan siquiera se debata, son pocas. En el mejor de los casos ser\u00eda un <strong>&#8220;engordar para morir&#8221;.<\/strong><br \/>\nMientras tanto, Mariano Rajoy \u2013 en plena crisis- vio su sueldo aumentado en un 27%, a Cospedal<strong> \u201cno le consta\u201d<\/strong> y la se\u00f1ora Ana Mato, siente indescriptibles sensaciones org\u00e1nicas mientras contempla como la criada viste a sus hijos.<\/p>\n<p>.<br \/>\nSeguiremos aguantando\u2026No se sabe hasta cuando.<\/p>\n","protected":false},"excerpt":{"rendered":"<p>Hoy en el Congreso de los Diputados, el Partido Popular va a dar un paso m\u00e1s en el camino de la verg\u00fcenza; entre el profundo adoctrinamiento ideol\u00f3gico y la desidia frente a los verdaderos problemas de los ciudadanos. Una nueva escalada en el \u201cfrentismo\u201d contra las libertades y los derechos de los pueblos de Espa\u00f1a. [&hellip;]<\/p>\n","protected":false},"author":8872,"featured_media":0,"comment_status":"open","ping_status":"closed","sticky":false,"template":"","format":"standard","meta":[],"categories":[1],"tags":[139,494,531,580,1095,1699,1879],"_links":{"self":[{"href":"https:\/\/blogs.larioja.com\/insolencias\/wp-json\/wp\/v2\/posts\/1336"}],"collection":[{"href":"https:\/\/blogs.larioja.com\/insolencias\/wp-json\/wp\/v2\/posts"}],"about":[{"href":"https:\/\/blogs.larioja.com\/insolencias\/wp-json\/wp\/v2\/types\/post"}],"author":[{"embeddable":true,"href":"https:\/\/blogs.larioja.com\/insolencias\/wp-json\/wp\/v2\/users\/8872"}],"replies":[{"embeddable":true,"href":"https:\/\/blogs.larioja.com\/insolencias\/wp-json\/wp\/v2\/comments?post=1336"}],"version-history":[{"count":0,"href":"https:\/\/blogs.larioja.com\/insolencias\/wp-json\/wp\/v2\/posts\/1336\/revisions"}],"wp:attachment":[{"href":"https:\/\/blogs.larioja.com\/insolencias\/wp-json\/wp\/v2\/media?parent=1336"}],"wp:term":[{"taxonomy":"category","embeddable":true,"href":"https:\/\/blogs.larioja.com\/insolencias\/wp-json\/wp\/v2\/categories?post=1336"},{"taxonomy":"post_tag","embeddable":true,"href":"https:\/\/blogs.larioja.com\/insolencias\/wp-json\/wp\/v2\/tags?post=1336"}],"curies":[{"name":"wp","href":"https:\/\/api.w.org\/{rel}","templated":true}]}}