{"id":134,"date":"2009-09-18T00:50:00","date_gmt":"2009-09-18T00:50:00","guid":{"rendered":"http:\/\/blogs.larioja.com\/insolencias\/?p=134"},"modified":"2009-09-18T00:50:00","modified_gmt":"2009-09-18T00:50:00","slug":"ya-sabia","status":"publish","type":"post","link":"https:\/\/blogs.larioja.com\/insolencias\/2009\/09\/18\/ya-sabia\/","title":{"rendered":"Ya lo sab\u00eda"},"content":{"rendered":"<p><P class=MsoNormal style=\"MARGIN: 0cm 0cm 0pt; TEXT-ALIGN: justify\"><B style=\"mso-bidi-font-weight: normal\"><SPAN style=\"FONT-SIZE: 16pt\"><FONT face=\"Times New Roman\"><\/FONT><\/SPAN><\/B><IMG class=imgizqda id=img_0 src=\"https:\/\/blogs.larioja.com\/insolencias\/files\/Esc\u00e1ndalo.jpg\"><\/p>\n<p> <P class=MsoNormal style=\"MARGIN: 0cm 0cm 0pt; TEXT-ALIGN: justify\"><B style=\"mso-bidi-font-weight: normal\"><SPAN style=\"FONT-SIZE: 16pt\"><?xml:namespace prefix = o ns = \"urn:schemas-microsoft-com:office:office\" \/><o:p><FONT face=\"Times New Roman\"><\/FONT><\/o:p><\/SPAN><\/B><\/p>\n<p> <P class=MsoNormal style=\"MARGIN: 0cm 0cm 0pt; TEXT-ALIGN: justify\"><SPAN style=\"FONT-SIZE: 16pt\"><FONT face=\"Times New Roman\">Lamento la falta de originalidad \u2026ya s\u00e9 que antes que yo fue otro sindicalista qui\u00e9n calific\u00f3 (desde las p\u00e1ginas del DIARIO LA RIOJA)<SPAN style=\"mso-spacerun: yes\"> <\/SPAN>de \u201cpelotazo\u201d la operaci\u00f3n especulativa urban\u00edstica que se perpetrar\u00e1 en Calahorra, a ra\u00edz del cierre de la empresa Envases Met\u00e1licos Riojanos Moreno S.A. <SPAN style=\"mso-spacerun: yes\"><\/SPAN>Pero este tema, es en s\u00ed mismo un esc\u00e1ndalo como pocos se han conocido.<o:p><\/o:p><\/FONT><\/SPAN><\/p>\n<p> <P class=MsoNormal style=\"MARGIN: 0cm 0cm 0pt; TEXT-ALIGN: justify\"><SPAN style=\"FONT-SIZE: 16pt\"><FONT face=\"Times New Roman\">.<o:p><\/o:p><\/FONT><\/SPAN><\/p>\n<p> <P class=MsoNormal style=\"MARGIN: 0cm 0cm 0pt; TEXT-ALIGN: justify\"><SPAN style=\"FONT-SIZE: 16pt\"><FONT face=\"Times New Roman\">En Calahorra, el alcalde y senador del Partido Popular, Francisco Javier Pagola <SPAN style=\"mso-spacerun: yes\"><\/SPAN>accedi\u00f3 a la pretensi\u00f3n de una empresa \u2013 de las muchas <SPAN style=\"mso-spacerun: yes\"><\/SPAN>en dificultades econ\u00f3micas-, a firmarle un convenio \u2013a tres bandas- por el cual se compromet\u00eda a recalificarle &#8211;<SPAN style=\"mso-spacerun: yes\"><\/SPAN>a urbanizables- todos los terrenos de su factor\u00eda, de tal modo que esta los vend\u00eda a unas constructoras (tambi\u00e9n firmantes del convenio) por 25 millones de euros, cuando en esos momentos su valor era de menos de 1 mill\u00f3n. <o:p><\/o:p><\/FONT><\/SPAN><\/p>\n<p> <P class=MsoNormal style=\"MARGIN: 0cm 0cm 0pt; TEXT-ALIGN: justify\"><SPAN style=\"FONT-SIZE: 16pt\"><FONT face=\"Times New Roman\">El alcalde y Senador alegaba que lo hac\u00eda para salvar la actividad de la empresa as\u00ed como a la plantilla de trabajadores. Pon\u00eda como condiciones para acceder a recalificaci\u00f3n, que la empresa <SPAN style=\"mso-spacerun: yes\"><\/SPAN>no despidiera a los trabajadores , que <SPAN style=\"mso-spacerun: yes\"><\/SPAN>montara una nueva factor\u00eda en la ciudad -en la cual recolocar a sus obreros- y que la misma presentara ante el ayuntamiento un aval de 8,8 millones de euros como garant\u00eda de todos estos compromisos, dinero que quedar\u00eda en poder de la ciudad si no los cumpl\u00eda.<o:p><\/o:p><\/FONT><\/SPAN><\/p>\n<p> <P class=MsoNormal style=\"MARGIN: 0cm 0cm 0pt; TEXT-ALIGN: justify\"><SPAN style=\"FONT-SIZE: 16pt\"><FONT face=\"Times New Roman\">.<o:p><\/o:p><\/FONT><\/SPAN><\/p>\n<p> <P class=MsoNormal style=\"MARGIN: 0cm 0cm 0pt; TEXT-ALIGN: justify\"><SPAN style=\"FONT-SIZE: 16pt\"><FONT face=\"Times New Roman\">Pues bien\u2026dos a\u00f1os despu\u00e9s la empresa ya no tiene ning\u00fan obrero, se han destruido el 100% de los puestos de trabajo. La empresa no ha presentado ning\u00fan aval, ni va a contratar a ninguno de sus extrabajadores -ahora en el paro-, ni va a montar ninguna otra f\u00e1brica. Y lo m\u00e1s inaudito es que pese a todo, el alcalde y senador Javier Pagola <SPAN style=\"mso-spacerun: yes\"><\/SPAN>recalificar\u00e1 los terrenos, que son <SPAN style=\"mso-spacerun: yes\"><\/SPAN>(a partir del 31 de marzo)<SPAN style=\"mso-spacerun: yes\"> <\/SPAN>propiedad de unas promotoras, que gracias a toda esta operaci\u00f3n surrealista van a ahorrarse nada m\u00e1s y nada menos que 12 millones de Euros. Una recalificaci\u00f3n a la carta, que no afecta a un sector homog\u00e9neo\u2026tan solo a los terrenos de Envases Moreno.<o:p><\/o:p><\/FONT><\/SPAN><\/p>\n<p> <P class=MsoNormal style=\"MARGIN: 0cm 0cm 0pt; TEXT-ALIGN: justify\"><SPAN style=\"FONT-SIZE: 16pt\"><FONT face=\"Times New Roman\">.<o:p><\/o:p><\/FONT><\/SPAN><\/p>\n<p> <P class=MsoNormal style=\"MARGIN: 0cm 0cm 0pt; TEXT-ALIGN: justify\"><SPAN style=\"FONT-SIZE: 16pt\"><FONT face=\"Times New Roman\">No hace mucho (lo tengo por escrito) <SPAN style=\"mso-spacerun: yes\"><\/SPAN>el concejal de urbanismo dec\u00eda que mientras \u00e9l fuese concejal no se recalificar\u00edan los terrenos\u2026. este hombre no tiene techo.<o:p><\/o:p><\/FONT><\/SPAN><\/p>\n<p> <P class=MsoNormal style=\"MARGIN: 0cm 0cm 0pt; TEXT-ALIGN: justify\"><SPAN style=\"FONT-SIZE: 16pt\"><FONT face=\"Times New Roman\">Preguntaba tambi\u00e9n \u2013 en un pleno- el edil de urbanismo del Ayuntamiento de Calahorra, D. Lu\u00eds Mart\u00ednez Portillo que \u201c\u00bfd\u00f3nde ve\u00edamos <SPAN style=\"mso-spacerun: yes\"><\/SPAN>el pelotazo en esta operaci\u00f3n urban\u00edstica?\u201d&#8230;.pues le voy a orientar, se\u00f1or Portillo, por donde puede empezar a buscar\u2026igual con suerte encuentra alguno.<o:p><\/o:p><\/FONT><\/SPAN><\/p>\n<p> <P class=MsoNormal style=\"MARGIN: 0cm 0cm 0pt; TEXT-ALIGN: justify\"><SPAN style=\"FONT-SIZE: 16pt\"><FONT face=\"Times New Roman\">La propia empresa de envases, <SPAN style=\"mso-spacerun: yes\"><\/SPAN>gracias a Javier Pagola, pasa de tener una situaci\u00f3n supuestamente de quiebra a sanear completamente sus deudas y marcharse de nuestra ciudad <SPAN style=\"mso-spacerun: yes\"><\/SPAN>de rositas, gracias a la firma de un convenio que no ha cumplido en ninguno de sus compromisos. Y como premio a sus incumplimientos<SPAN style=\"mso-spacerun: yes\"> <\/SPAN>Javier Pagola <SPAN style=\"mso-spacerun: yes\"><\/SPAN>accede a todas sus pretensiones. <o:p><\/o:p><\/FONT><\/SPAN><\/p>\n<p> <P class=MsoNormal style=\"MARGIN: 0cm 0cm 0pt; TEXT-ALIGN: justify\"><SPAN style=\"FONT-SIZE: 16pt\"><FONT face=\"Times New Roman\">Las promotoras adquieren los terrenos por un precio de 25 millones de euros a la firma del convenio y que ahora se van a ahorrar la mitad\u2026\u00bfles parecen 12 millones de euros poco rendimiento?<o:p><\/o:p><\/FONT><\/SPAN><\/p>\n<p> <P class=MsoNormal style=\"MARGIN: 0cm 0cm 0pt; TEXT-ALIGN: justify\"><SPAN style=\"FONT-SIZE: 16pt\"><FONT face=\"Times New Roman\">Por \u00faltimo pudiera ser que existiera unos terceros beneficiados\u2026si, esos que todos estamos pensando.<o:p><\/o:p><\/FONT><\/SPAN><\/p>\n<p> <P class=MsoNormal style=\"MARGIN: 0cm 0cm 0pt; TEXT-ALIGN: justify\"><SPAN style=\"FONT-SIZE: 16pt\"><FONT face=\"Times New Roman\">.<o:p><\/o:p><\/FONT><\/SPAN><\/p>\n<p> <P class=MsoNormal style=\"MARGIN: 0cm 0cm 0pt; TEXT-ALIGN: justify\"><SPAN style=\"FONT-SIZE: 16pt\"><FONT face=\"Times New Roman\">Al final resulta que Javier Pagola ha dado con la f\u00f3rmula m\u00e1gica para acabar con la crisis y los \u201cERE\u00b4S\u201d. Es muy sencillo. Si su empresa anda mal, tiene p\u00e9rdidas o quiere deshacerse de sus obreros\u2026\u00a1Llame a Pagola!. \u00c9l le recalificar\u00e1 los terrenos a urbanizables. Eso s\u00ed, <SPAN style=\"mso-spacerun: yes\"><\/SPAN>le har\u00e1 firmar un convenio, pero no se <o:p><\/o:p><\/FONT><\/SPAN><\/p>\n<p> <P class=MsoNormal style=\"MARGIN: 0cm 0cm 0pt; TEXT-ALIGN: justify\"><SPAN style=\"FONT-SIZE: 16pt\"><FONT face=\"Times New Roman\">preocupe, no ser\u00e1 necesario que usted cumpla nada de lo que firme\u2026al final le recalificar\u00e1 los terrenos igualmente. Podr\u00e1 pagar sus trampas, echar a sus obreros a la calle &#8211; sin trabajo pero forrados y contentos-\u2026no tendr\u00e1 que montar ninguna nueva empresa y podr\u00e1 vender por un pellizco sus terrenos a la constructora que le digan. <o:p><\/o:p><\/FONT><\/SPAN><\/p>\n<p> <P class=MsoNormal style=\"MARGIN: 0cm 0cm 0pt; TEXT-ALIGN: justify\"><SPAN style=\"FONT-SIZE: 16pt\"><FONT face=\"Times New Roman\">.<o:p><\/o:p><\/FONT><\/SPAN><\/p>\n<p> <P class=MsoNormal style=\"MARGIN: 0cm 0cm 0pt; TEXT-ALIGN: justify\"><SPAN style=\"FONT-SIZE: 16pt\"><FONT face=\"Times New Roman\">Al final\u2026\u00bfqu\u00e9 ha pasado?. Pues ni m\u00e1s ni menos que todo aquello que ven\u00edamos diciendo desde hace dos a\u00f1os. Ni en el inter\u00e9s del Ayuntamiento estaba salvar nada, <SPAN style=\"mso-spacerun: yes\"><\/SPAN>ni se ha conservado la empresa, ni se ha montado una nueva f\u00e1brica, ni han comprado terrenos para ello, ni se han presentado los avales, ni se ha mantenido ning\u00fan puesto de trabajo, ni se ha montado una factor\u00eda de reciclaje, ni nada de nada. <o:p><\/o:p><\/FONT><\/SPAN><\/p>\n<p> <P class=MsoNormal style=\"MARGIN: 0cm 0cm 0pt; TEXT-ALIGN: justify\"><SPAN style=\"FONT-SIZE: 16pt\"><FONT face=\"Times New Roman\">Todo humo\u2026todo mentiras.<o:p><\/o:p><\/FONT><\/SPAN><\/p>\n<p> <P class=MsoNormal style=\"MARGIN: 0cm 0cm 0pt; TEXT-ALIGN: justify\"><SPAN style=\"FONT-SIZE: 16pt\"><SPAN style=\"mso-spacerun: yes\"><FONT face=\"Times New Roman\"><\/FONT><\/SPAN><o:p><\/o:p><\/SPAN><\/p>\n","protected":false},"excerpt":{"rendered":"<p>Lamento la falta de originalidad \u2026ya s\u00e9 que antes que yo fue otro sindicalista qui\u00e9n calific\u00f3 (desde las p\u00e1ginas del DIARIO LA RIOJA) de \u201cpelotazo\u201d la operaci\u00f3n especulativa urban\u00edstica que se perpetrar\u00e1 en Calahorra, a ra\u00edz del cierre de la empresa Envases Met\u00e1licos Riojanos Moreno S.A. Pero este tema, es en s\u00ed mismo un esc\u00e1ndalo [&hellip;]<\/p>\n","protected":false},"author":8872,"featured_media":0,"comment_status":"open","ping_status":"closed","sticky":false,"template":"","format":"standard","meta":[],"categories":[1],"tags":[1377,1421,1922],"_links":{"self":[{"href":"https:\/\/blogs.larioja.com\/insolencias\/wp-json\/wp\/v2\/posts\/134"}],"collection":[{"href":"https:\/\/blogs.larioja.com\/insolencias\/wp-json\/wp\/v2\/posts"}],"about":[{"href":"https:\/\/blogs.larioja.com\/insolencias\/wp-json\/wp\/v2\/types\/post"}],"author":[{"embeddable":true,"href":"https:\/\/blogs.larioja.com\/insolencias\/wp-json\/wp\/v2\/users\/8872"}],"replies":[{"embeddable":true,"href":"https:\/\/blogs.larioja.com\/insolencias\/wp-json\/wp\/v2\/comments?post=134"}],"version-history":[{"count":0,"href":"https:\/\/blogs.larioja.com\/insolencias\/wp-json\/wp\/v2\/posts\/134\/revisions"}],"wp:attachment":[{"href":"https:\/\/blogs.larioja.com\/insolencias\/wp-json\/wp\/v2\/media?parent=134"}],"wp:term":[{"taxonomy":"category","embeddable":true,"href":"https:\/\/blogs.larioja.com\/insolencias\/wp-json\/wp\/v2\/categories?post=134"},{"taxonomy":"post_tag","embeddable":true,"href":"https:\/\/blogs.larioja.com\/insolencias\/wp-json\/wp\/v2\/tags?post=134"}],"curies":[{"name":"wp","href":"https:\/\/api.w.org\/{rel}","templated":true}]}}