{"id":1343,"date":"2013-02-17T13:10:13","date_gmt":"2013-02-17T11:10:13","guid":{"rendered":"http:\/\/blogs.larioja.com\/insolencias\/?p=1343"},"modified":"2013-02-17T13:10:13","modified_gmt":"2013-02-17T11:10:13","slug":"la-marca-blanca-de-la-derecha-espanola","status":"publish","type":"post","link":"https:\/\/blogs.larioja.com\/insolencias\/2013\/02\/17\/la-marca-blanca-de-la-derecha-espanola\/","title":{"rendered":"La marca blanca de la derecha espa\u00f1ola."},"content":{"rendered":"<p><a href=\"\/voc-migration\/endpointsite\/wp-content\/uploads\/sites\/159\/2013\/02\/Peligroso-populismo.jpg\"><img loading=\"lazy\" class=\"alignleft size-full wp-image-1347\" src=\"\/voc-migration\/endpointsite\/wp-content\/uploads\/sites\/159\/2013\/02\/Peligroso-populismo.jpg\" alt=\"\" width=\"448\" height=\"272\" srcset=\"https:\/\/static-blogs.larioja.com\/wp-content\/uploads\/sites\/159\/2013\/02\/Peligroso-populismo.jpg 448w, https:\/\/static-blogs.larioja.com\/wp-content\/uploads\/sites\/159\/2013\/02\/Peligroso-populismo-300x182.jpg 300w\" sizes=\"(max-width: 448px) 100vw, 448px\" \/><\/a>Desde la formaci\u00f3n pol\u00edtica UPyD\u201d se lanzan con recurrencia an\u00e1lisis cr\u00edticos contra el resto de formaciones. Andanadas que buscan la &#8220;criminalizaci\u00f3n&#8221; generalizada de la pr\u00e1ctica pol\u00edtica en sus adversarios, al mismo tiempo que se erigen como ejemplo de una honestidad ideol\u00f3gica y \u00e9tica, cimentada en la evidencia de qui\u00e9n nunca ha tenido la oportunidad de gobernar. Hoy vamos a analizarlos a ellos &#8211; eso s\u00ed- \u2026Someramente. Porque para conocer los planteamientos de Uni\u00f3n Progreso y Democracia, hay que dejar hablar a sus representantes. Que nos cuenten lo que piensan, para que la gente se percate de cual es su nicho pol\u00edtico. Porque precisamente este partido pol\u00edtico &#8211; de cu\u00f1o virginal e impoluto-, se presenta como un \u201cproducto nuevo\u201d, en cuya publicidad se anuncia a modo de m\u00e1gico multiusos su novedad, pero que a ciencia cierta, nadie sabe como funciona porque nunca se ha utilizado.<br \/>\nNecesitamos escucharles m\u00e1s veces, para que se les caiga la careta \u2013 el envoltorio- y podamos ver su verdadero rostro. La marca blanca de la derecha, \u00bfLa marca blanca del\u00a0Partido Popular?.<\/p>\n<p>Hace tan solo unas jornadas, esta formaci\u00f3n pol\u00edtica <strong>se posicionaba contundentemente en contra de prohibir<\/strong> en Espa\u00f1a la pr\u00e1ctica extractiva denominada \u201cFracking\u201d, una t\u00e9cnica altamente contaminante que utilizan algunas empresas para exprimir hasta la \u00faltima gota de gas a costa de envenenar el medio ambiente. Ha votado en contra de la prohibici\u00f3n toda la derecha del Congreso de los Diputados, es decir: UPyD, los nacionalistas conservadores \u00a0y el propio Partido Popular.<br \/>\nLas recientes declaraciones \u2013el d\u00eda anterior- ofrecidas por el diputado Toni Cant\u00f3 respecto a que los animales<strong> \u201cno tienen derecho ni a la vida ni a la libertad\u201d<\/strong>, lo definen tanto a \u00e9l como al partido que representa. Les gustan mucho los Toros\u2026Para torturarlos. Uno de los requisitos indispensable para entrar en UPyD es defender las tradiciones de la patria, por muy rancias que sean.<br \/>\nPero dejando las cuestiones taurinas a un lado, (que soy el menos legitimado para criticar a los taurinos), todos los planteamientos y posicionamientos iniciales de UPyD, (de moderaci\u00f3n o imparcialidad ideol\u00f3gica) se revelan de una extrema debilidad y est\u00e1n plagados de mensajes subliminales, que adquieren protagonismo a poco que rasques la superficie de los mismos.<br \/>\nUna formaci\u00f3n pol\u00edtica que surge alrededor de un l\u00edder, -no de unos ideales o principios-, bebe exclusivamente de los jugos que \u00e9l mismo lixivia.<br \/>\nUPyD, nace de los anhelos- de un pol\u00edtico que fracas\u00f3 en sus objetivos (Rosa D\u00edez) . Es un gigante con los pies compuestos de finos cristales.<br \/>\nDel mismo modo que Federico Jim\u00e9nez Losantos comenz\u00f3 siendo un comunista para metamorfosearse en un aut\u00e9ntico ultraderechista, la se\u00f1ora Rosa\u00a0Diez\u00a0ha transitado por similar camino, pasando de un pretendido progresismo a su actual estatus de derecha contundente que se disimula con funda de cordero. Una derecha (si me permiten) mucho menos sincera que la que representa el Partido Popular -y por ello menos recomendable-, que esconde bajo la demagogia y el populismo sus verdaderas intenciones. Una derecha asentada en el extremo de la unificaci\u00f3n nacional, de la supresi\u00f3n de las identidades del Estado y especialmente beligerante contra la gesti\u00f3n p\u00fablica. Una derecha que quiere acabar con las estructuras del Estado de las Autonom\u00edas, en un retroceso hist\u00f3rico hacia la Espa\u00f1a preauton\u00f3mica.<br \/>\nPara UPyD la crisis es una monumental oportunidad; el descr\u00e9dito de la clase pol\u00edtica, el desencanto de la sociedad, la falta de referentes\u2026Son las cu\u00f1as que pretenden para resquebrajar el sistema. La ocasi\u00f3n que tantos \u201coportunistas\u201d y populistas han aprovechado en la historia de la humanidad, para pescar en r\u00edo revuelto.<br \/>\nCon Uni\u00f3n Progreso y Democracia, la \u201cuni\u00f3n\u201d asusta, el \u201cprogreso\u201d se adivina en sentido inverso y la \u201cdemocracia\u201d, puede correr peligro.<\/p>\n<p>Puedo\u00a0estar\u00a0equivocado, aunque esta es <strong>mi opini\u00f3n<\/strong>, que estoy seguro en UPyD no compartir\u00e1n aunque posiblemente respeten, porque ellos son muy dados a juzgar al resto&#8230;Sin que nadie les juzgue.<\/p>\n<p>&nbsp;<\/p>\n<p>&nbsp;<\/p>\n","protected":false},"excerpt":{"rendered":"<p>Desde la formaci\u00f3n pol\u00edtica UPyD\u201d se lanzan con recurrencia an\u00e1lisis cr\u00edticos contra el resto de formaciones. Andanadas que buscan la &#8220;criminalizaci\u00f3n&#8221; generalizada de la pr\u00e1ctica pol\u00edtica en sus adversarios, al mismo tiempo que se erigen como ejemplo de una honestidad ideol\u00f3gica y \u00e9tica, cimentada en la evidencia de qui\u00e9n nunca ha tenido la oportunidad de [&hellip;]<\/p>\n","protected":false},"author":8872,"featured_media":0,"comment_status":"open","ping_status":"closed","sticky":false,"template":"","format":"standard","meta":[],"categories":[1],"tags":[350,529,601,614,618,812,914,1606,1779,1928,1982,1986,1988],"_links":{"self":[{"href":"https:\/\/blogs.larioja.com\/insolencias\/wp-json\/wp\/v2\/posts\/1343"}],"collection":[{"href":"https:\/\/blogs.larioja.com\/insolencias\/wp-json\/wp\/v2\/posts"}],"about":[{"href":"https:\/\/blogs.larioja.com\/insolencias\/wp-json\/wp\/v2\/types\/post"}],"author":[{"embeddable":true,"href":"https:\/\/blogs.larioja.com\/insolencias\/wp-json\/wp\/v2\/users\/8872"}],"replies":[{"embeddable":true,"href":"https:\/\/blogs.larioja.com\/insolencias\/wp-json\/wp\/v2\/comments?post=1343"}],"version-history":[{"count":0,"href":"https:\/\/blogs.larioja.com\/insolencias\/wp-json\/wp\/v2\/posts\/1343\/revisions"}],"wp:attachment":[{"href":"https:\/\/blogs.larioja.com\/insolencias\/wp-json\/wp\/v2\/media?parent=1343"}],"wp:term":[{"taxonomy":"category","embeddable":true,"href":"https:\/\/blogs.larioja.com\/insolencias\/wp-json\/wp\/v2\/categories?post=1343"},{"taxonomy":"post_tag","embeddable":true,"href":"https:\/\/blogs.larioja.com\/insolencias\/wp-json\/wp\/v2\/tags?post=1343"}],"curies":[{"name":"wp","href":"https:\/\/api.w.org\/{rel}","templated":true}]}}