{"id":136,"date":"2009-09-24T12:46:00","date_gmt":"2009-09-24T12:46:00","guid":{"rendered":"http:\/\/blogs.larioja.com\/insolencias\/?p=136"},"modified":"2009-09-24T12:46:00","modified_gmt":"2009-09-24T12:46:00","slug":"autovia-erokeria","status":"publish","type":"post","link":"https:\/\/blogs.larioja.com\/insolencias\/2009\/09\/24\/autovia-erokeria\/","title":{"rendered":"Autov\u00eda eroker\u00eda"},"content":{"rendered":"<p><IMG class=imgizqda id=img_0 src=\"https:\/\/blogs.larioja.com\/insolencias\/files\/locura2.jpg\"><\/p>\n<p> <P class=MsoNormal style=\"MARGIN: 0cm 0cm 0pt; TEXT-ALIGN: justify\"><SPAN style=\"FONT-SIZE: 16pt\"><FONT face=\"Times New Roman\">Cuando con 18 a\u00f1itos reci\u00e9n cumplidos abandon\u00e9 mi tierra natal y me fui a estudiar a las fant\u00e1sticas tierras de Huesca, corr\u00eda el final de la d\u00e9cada de los 80. Estaba en plena ebullici\u00f3n la cultura de la transgresi\u00f3n y la oposici\u00f3n a los grandes proyectos. El movimiento ecologista y conservacionista se ve\u00eda perturbado por un paternalismo indeseable y la tutela siempre rechazada de aquellos que ve\u00edan en la violencia un camino para conseguir algo.<?xml:namespace prefix = o ns = \"urn:schemas-microsoft-com:office:office\" \/><o:p><\/o:p><\/FONT><\/SPAN><\/p>\n<p> <P class=MsoNormal style=\"MARGIN: 0cm 0cm 0pt; TEXT-ALIGN: justify\"><SPAN style=\"FONT-SIZE: 16pt\"><FONT face=\"Times New Roman\">En los ambientes estudiantiles de la izquierda florec\u00eda la filosof\u00eda de <SPAN style=\"mso-spacerun: yes\"><\/SPAN>la Polla records.<o:p><\/o:p><\/FONT><\/SPAN><\/p>\n<p> <P class=MsoNormal style=\"MARGIN: 0cm 0cm 0pt; TEXT-ALIGN: justify\"><SPAN style=\"FONT-SIZE: 16pt\"><FONT face=\"Times New Roman\">Una de las grandes batallas ambientales \u00e9ticas y sociales que se libraban en aquellos momentos era la pretensi\u00f3n del Gobierno de construir una autov\u00eda entre Iru\u00f1ea y Donostia\u2026entre San Sebasti\u00e1n y Pamplona. La conoc\u00edamos como la autopista Irurzun- Andoa\u00edn. <o:p><\/o:p><\/FONT><\/SPAN><\/p>\n<p> <P class=MsoNormal style=\"MARGIN: 0cm 0cm 0pt; TEXT-ALIGN: justify\"><SPAN style=\"FONT-SIZE: 16pt\"><FONT face=\"Times New Roman\">La primera vez que escuch\u00e9 hablar de ella fue al leer en la camiseta de un compa\u00f1ero \u2013 natural de Lezo- un lema en Euskera que dec\u00eda \u201cAutov\u00eda eroker\u00eda\u201d. <SPAN style=\"mso-spacerun: yes\"><\/SPAN>\u201cAutov\u00eda una locura\u201d\u2026 traducido a nuestra maravillosa lengua castellana.<o:p><\/o:p><\/FONT><\/SPAN><\/p>\n<p> <P class=MsoNormal style=\"MARGIN: 0cm 0cm 0pt; TEXT-ALIGN: justify\"><SPAN style=\"FONT-SIZE: 16pt\"><FONT face=\"Times New Roman\">.<o:p><\/o:p><\/FONT><\/SPAN><\/p>\n<p> <P class=MsoNormal style=\"MARGIN: 0cm 0cm 0pt; TEXT-ALIGN: justify\"><SPAN style=\"FONT-SIZE: 16pt\"><FONT face=\"Times New Roman\">Ahora y con la perspectiva que dan los a\u00f1os, veo con nitidez que si bien aquella autov\u00eda ten\u00eda sus carencias, la que nos quieren colar desde el Gobierno de La Rioja entre Arnedo y Calahorra, no solo es una locura\u2026es una aut\u00e9ntica estupidez. <o:p><\/o:p><\/FONT><\/SPAN><\/p>\n<p> <P class=MsoNormal style=\"MARGIN: 0cm 0cm 0pt; TEXT-ALIGN: justify\"><SPAN style=\"FONT-SIZE: 16pt\"><FONT face=\"Times New Roman\">Un trasvase de 37 millones de euros de nuestros impuestos directamente a los bolsillos de alguna constructora af\u00edn a los de siempre. <IMG class=imgdcha id=img_0 src=\"https:\/\/blogs.larioja.com\/insolencias\/files\/171919_Locura.jpg\">6.156 millones de pesetas para transformar una carretera actualmente sin tr\u00e1fico ni rotondas, en una v\u00eda doble de baja velocidad, con seis rotondas, de las cuales al menos cuatro van a ser a nivel. Es decir, que tendr\u00e1 la velocidad m\u00e1xima limitada a 100 kil\u00f3metros por hora, y habr\u00e1 que pararse varias veces en tan solo 14 kil\u00f3metros para hacer cuatro rotonditas. Al final costar\u00e1 mucho m\u00e1s tiempo llegar de Arnedo a Calahorra y ser\u00e1 m\u00e1s complicado, caro (en combustible) y peligroso.<o:p><\/o:p><\/FONT><\/SPAN><\/p>\n<p> <P class=MsoNormal style=\"MARGIN: 0cm 0cm 0pt; TEXT-ALIGN: justify\"><SPAN style=\"FONT-SIZE: 16pt\"><FONT face=\"Times New Roman\">Y salen en la prensa cantando la gran idea y la importancia de tal piltrafa para la econom\u00eda de Arnedo y su conexi\u00f3n con el mundo entero\u2026y el resto del extranjero. <\/FONT><\/SPAN><\/p>\n<p> <P class=MsoNormal style=\"MARGIN: 0cm 0cm 0pt; TEXT-ALIGN: justify\"><SPAN style=\"FONT-SIZE: 16pt\"><FONT face=\"Times New Roman\">\u00a1Joder!\u2026menudos lumbreras.<o:p><\/o:p><\/FONT><\/SPAN><\/p>\n","protected":false},"excerpt":{"rendered":"<p>Cuando con 18 a\u00f1itos reci\u00e9n cumplidos abandon\u00e9 mi tierra natal y me fui a estudiar a las fant\u00e1sticas tierras de Huesca, corr\u00eda el final de la d\u00e9cada de los 80. Estaba en plena ebullici\u00f3n la cultura de la transgresi\u00f3n y la oposici\u00f3n a los grandes proyectos. El movimiento ecologista y conservacionista se ve\u00eda perturbado por [&hellip;]<\/p>\n","protected":false},"author":8872,"featured_media":0,"comment_status":"open","ping_status":"closed","sticky":false,"template":"","format":"standard","meta":[],"categories":[1],"tags":[181,225,323,1264],"_links":{"self":[{"href":"https:\/\/blogs.larioja.com\/insolencias\/wp-json\/wp\/v2\/posts\/136"}],"collection":[{"href":"https:\/\/blogs.larioja.com\/insolencias\/wp-json\/wp\/v2\/posts"}],"about":[{"href":"https:\/\/blogs.larioja.com\/insolencias\/wp-json\/wp\/v2\/types\/post"}],"author":[{"embeddable":true,"href":"https:\/\/blogs.larioja.com\/insolencias\/wp-json\/wp\/v2\/users\/8872"}],"replies":[{"embeddable":true,"href":"https:\/\/blogs.larioja.com\/insolencias\/wp-json\/wp\/v2\/comments?post=136"}],"version-history":[{"count":0,"href":"https:\/\/blogs.larioja.com\/insolencias\/wp-json\/wp\/v2\/posts\/136\/revisions"}],"wp:attachment":[{"href":"https:\/\/blogs.larioja.com\/insolencias\/wp-json\/wp\/v2\/media?parent=136"}],"wp:term":[{"taxonomy":"category","embeddable":true,"href":"https:\/\/blogs.larioja.com\/insolencias\/wp-json\/wp\/v2\/categories?post=136"},{"taxonomy":"post_tag","embeddable":true,"href":"https:\/\/blogs.larioja.com\/insolencias\/wp-json\/wp\/v2\/tags?post=136"}],"curies":[{"name":"wp","href":"https:\/\/api.w.org\/{rel}","templated":true}]}}