{"id":1362,"date":"2013-02-25T11:40:06","date_gmt":"2013-02-25T09:40:06","guid":{"rendered":"http:\/\/blogs.larioja.com\/insolencias\/?p=1362"},"modified":"2013-02-25T11:40:06","modified_gmt":"2013-02-25T09:40:06","slug":"10-000-euros-para-reactivar-el-comercio-en-el-casco-antiguo","status":"publish","type":"post","link":"https:\/\/blogs.larioja.com\/insolencias\/2013\/02\/25\/10-000-euros-para-reactivar-el-comercio-en-el-casco-antiguo\/","title":{"rendered":"10.000  euros para reactivar el comercio en el Casco Antiguo."},"content":{"rendered":"<p><a href=\"\/voc-migration\/endpointsite\/wp-content\/uploads\/sites\/159\/2013\/02\/soga-al-cuellorrrrr1.jpg\"><img loading=\"lazy\" class=\"alignleft size-full wp-image-1368\" src=\"\/voc-migration\/endpointsite\/wp-content\/uploads\/sites\/159\/2013\/02\/soga-al-cuellorrrrr1.jpg\" alt=\"\" width=\"300\" height=\"413\" srcset=\"https:\/\/static-blogs.larioja.com\/wp-content\/uploads\/sites\/159\/2013\/02\/soga-al-cuellorrrrr1.jpg 300w, https:\/\/static-blogs.larioja.com\/wp-content\/uploads\/sites\/159\/2013\/02\/soga-al-cuellorrrrr1-218x300.jpg 218w\" sizes=\"(max-width: 300px) 100vw, 300px\" \/><\/a>Despu\u00e9s de largos a\u00f1os de indecoroso letargo, parece que por fin, desde el Ayuntamiento se ponen manos a la obra para frenar una sangr\u00eda comercial que ha supuesto en Calahorra (en su conjunto) la desaparici\u00f3n de 189 actividades comerciales minoristas entre el 1de Enero de 2008 y el 31 de diciembre de 2011. Establecimientos comerciales a los que sumar todos los que se han \u201cchapado\u201d durante el 2012.<br \/>\nLa situaci\u00f3n es l\u00edmite y la crisis \u2013unida a la inoperancia de los responsables municipales-, han dado como resultado la desaparici\u00f3n del 26% de los comercios en tan solo cuatro a\u00f1os. Un porcentaje desconocido en las ciudades de nuestro entorno. Logro\u00f1o o Tudela \u2013 por ejemplo- han perdido en el mismo per\u00edodo el 16% de sus comercios, -es decir- 10 puntos menos de p\u00e9rdida que Calahorra. Ese diferencial ha de tener necesariamente una causa\u2026Un responsable, o varios.<\/p>\n<p>.<br \/>\nHa sido necesario que el PSOE <a href=\"http:\/\/www.larioja.com\/v\/20130206\/rioja-comarcas\/psoe-pide-plan-para-20130206.html\">denunciara p\u00fablicamente esta situaci\u00f3n<\/a>, para que parezca que algo se menea en el Ayuntamiento a favor del comercio. Pero las medidas que tan solemnemente se presentaban la pasada semana, suenan a broma pesada.<br \/>\nResulta que como medida estrella anuncian la asignaci\u00f3n de 10.000 euros para otorgar cien euros mensuales a propietarios de locales que los alquilen. Una medida bastante curiosa, ya que reparte dinero a propietarios de locales; dinero p\u00fablico a manos privadas, para ayudar a que el propietario siga cobrando un precio (posiblemente elevado) por alquilar su local, cuando lo l\u00f3gico ser\u00eda\u00a0decirle que lo que\u00a0est\u00e1 pidiendo -en algunos casos-\u00a0 tal vez sea inapropiado en estos momentos de crisis y, destinar ese dinero directamente al comerciante. Mucho mejor ser\u00eda intermediar entre ofertantes de locales y posibles emprendedores, de tal manera que el precio del local se vea reducido a cambio de un compromiso de permanencia; dedicar\u00a0ese dinero al emprendedor y no al rev\u00e9s.<\/p>\n<p>Hay que decirles a los propietarios de locales vac\u00edos que han de elegir entre asegurar unos ingresos menores \u2013pero sostenibles- o tener vac\u00edos los locales, aboc\u00e1ndolos a la depreciaci\u00f3n que supondr\u00e1 la desaparici\u00f3n de la actividad comercial en determinadas zonas de la ciudad. Que tal vez hay que reducir los importes de las rentas, no s\u00f3lo a los nuevos emprendedores\u2026Tambi\u00e9n a los que ya est\u00e1n en activo.<br \/>\nDejando este dilema a un lado, hay que evidenciar que 10.000 euros para tal menester (para impulsar un plan de reapertura de comercios nuevos)<em><strong> son absolutamente insuficientes,<\/strong><\/em> ya que en mensualidades de 100 euros por comercio, tan solo alcanzan para sufragar 8 locales durante un a\u00f1o\u2026Y se acab\u00f3.<br \/>\nAnunciar a bombo y platillo un presunto plan salvador, cuyo mayor atractivo parece ser facilitar 8 nuevas actividades comerciales durante un a\u00f1o, cuando se han perdido cerca de 200 en los \u00faltimos cinco \u2026Suena a escasamente ambicioso, incluso ofensivo al sentido com\u00fan.<br \/>\nEn el mejor de los escenarios 10.000 euros son tan s\u00f3lo la quinta parte de lo que se gast\u00f3 la concejal\u00eda de comercio en 2.008 en una pista de hielo puesta 15 d\u00edas en la plaza del raso, o la sexta parte de lo que se gast\u00f3 el Ayuntamiento en 2.012 en subvencionar a una empresa privada para que esta ofrezca festejos taurinos -de tercera -, a los que acuden 1000 personas\u2026O <em><strong>la s\u00e9ptima parte de lo que se pag\u00f3<\/strong><\/em> a un pintor por la escultura de la verdura en 2.007 perpetrada en el Paseo del Mercadal.<br \/>\nSeamos serios por favor\u2026El problema es mucho m\u00e1s importante.<\/p>\n","protected":false},"excerpt":{"rendered":"<p>Despu\u00e9s de largos a\u00f1os de indecoroso letargo, parece que por fin, desde el Ayuntamiento se ponen manos a la obra para frenar una sangr\u00eda comercial que ha supuesto en Calahorra (en su conjunto) la desaparici\u00f3n de 189 actividades comerciales minoristas entre el 1de Enero de 2008 y el 31 de diciembre de 2011. Establecimientos comerciales [&hellip;]<\/p>\n","protected":false},"author":8872,"featured_media":0,"comment_status":"open","ping_status":"closed","sticky":false,"template":"","format":"standard","meta":[],"categories":[1],"tags":[7,19,366,480,1575],"_links":{"self":[{"href":"https:\/\/blogs.larioja.com\/insolencias\/wp-json\/wp\/v2\/posts\/1362"}],"collection":[{"href":"https:\/\/blogs.larioja.com\/insolencias\/wp-json\/wp\/v2\/posts"}],"about":[{"href":"https:\/\/blogs.larioja.com\/insolencias\/wp-json\/wp\/v2\/types\/post"}],"author":[{"embeddable":true,"href":"https:\/\/blogs.larioja.com\/insolencias\/wp-json\/wp\/v2\/users\/8872"}],"replies":[{"embeddable":true,"href":"https:\/\/blogs.larioja.com\/insolencias\/wp-json\/wp\/v2\/comments?post=1362"}],"version-history":[{"count":0,"href":"https:\/\/blogs.larioja.com\/insolencias\/wp-json\/wp\/v2\/posts\/1362\/revisions"}],"wp:attachment":[{"href":"https:\/\/blogs.larioja.com\/insolencias\/wp-json\/wp\/v2\/media?parent=1362"}],"wp:term":[{"taxonomy":"category","embeddable":true,"href":"https:\/\/blogs.larioja.com\/insolencias\/wp-json\/wp\/v2\/categories?post=1362"},{"taxonomy":"post_tag","embeddable":true,"href":"https:\/\/blogs.larioja.com\/insolencias\/wp-json\/wp\/v2\/tags?post=1362"}],"curies":[{"name":"wp","href":"https:\/\/api.w.org\/{rel}","templated":true}]}}