{"id":1370,"date":"2013-02-27T11:09:15","date_gmt":"2013-02-27T09:09:15","guid":{"rendered":"http:\/\/blogs.larioja.com\/insolencias\/?p=1370"},"modified":"2013-02-27T11:09:15","modified_gmt":"2013-02-27T09:09:15","slug":"toni-canto-la-cago-rectifico-y-volvio-a-cantar","status":"publish","type":"post","link":"https:\/\/blogs.larioja.com\/insolencias\/2013\/02\/27\/toni-canto-la-cago-rectifico-y-volvio-a-cantar\/","title":{"rendered":"Toni cant\u00f3, la cag\u00f3, rectific\u00f3 y volvi\u00f3 a cantar."},"content":{"rendered":"<p><a href=\"\/voc-migration\/endpointsite\/wp-content\/uploads\/sites\/159\/2013\/02\/Toni-cant\u00f3-y-la-cag\u00f3.1.jpg\"><img loading=\"lazy\" class=\"alignleft size-full wp-image-1376\" title=\"Toni cant\u00f3 y la cag\u00f3.\" src=\"\/voc-migration\/endpointsite\/wp-content\/uploads\/sites\/159\/2013\/02\/Toni-cant\u00f3-y-la-cag\u00f3.1.jpg\" alt=\"\" width=\"336\" height=\"354\" srcset=\"https:\/\/static-blogs.larioja.com\/wp-content\/uploads\/sites\/159\/2013\/02\/Toni-cant\u00f3-y-la-cag\u00f3.1.jpg 336w, https:\/\/static-blogs.larioja.com\/wp-content\/uploads\/sites\/159\/2013\/02\/Toni-cant\u00f3-y-la-cag\u00f3.1-285x300.jpg 285w\" sizes=\"(max-width: 336px) 100vw, 336px\" \/><\/a>No es habitual que grupos pol\u00edticos de distintas tendencias se unan en el Congreso de los Diputados y, mucho menos que lo hagan para reprobar o afear la conducta de un diputado de la c\u00e1mara. Eso es precisamente lo que hoy suceder\u00e1 en el Congreso, ante lo desafortunado de las declaraciones del diputado de UPyD, Toni Cant\u00f3, el cual vino a unir a su (multidisciplinar) retah\u00edla de declaraciones desafortunadas una nueva.<br \/>\nEn esta ocasi\u00f3n el diputado \u2013<strong>de perfil marcadamente conservador<\/strong>&#8211; carg\u00f3 contra la m\u00e9dula de las pol\u00edticas de defensa de mujeres agredidas \u2013 y amenazadas-, al cuestionar los cimientos de las mismas;\u00a0 poniendo en duda que las denuncias que se presentan sean ciertas y, otra serie de barbaridades relacionadas con lo mismo.<br \/>\nAfirm\u00f3 que la mayor parte de estas denuncias (por violencia machista) obedecen a invenciones de las v\u00edctimas, por lo que daba a entender\u00a0 que el motivo ser\u00eda &#8211; tal vez- criminalizar, chantajear \u00a0o vengarse de sus parejas. Este planteamiento que emana del diputado de UPyD, -aunque pueda ser cierto en muy contados casos- , no dejar\u00eda de ser <strong>la excepcional excepci\u00f3n<\/strong> a la regla. No en vano, se conoce con certeza que la inmensa mayor\u00eda de las mujeres que sufren violencia a cargo de sus parejas, ni tan siquiera tienen el valor de denunciar esta situaci\u00f3n, por lo que poner en duda la veracidad de las que s\u00ed que encuentran el valor para denunciar, es un ejercicio de irresponsabilidad que un representante de los ciudadanos no tendr\u00eda que cometer. No es\u00a0un tema que se pueda someter a la disputa pol\u00edtica o a la libre\u00a0interpretaci\u00f3n, porque hay vidas en juego.<br \/>\nEl Sr. Cant\u00f3 la cag\u00f3, pero luego rectific\u00f3, <strong>lo cual le honra<\/strong>, siempre y cuando esa rectificaci\u00f3n sea el fruto de una profunda reflexi\u00f3n interna y no de una coyuntura de presi\u00f3n sobre \u00e9l y sobre su propio partido pol\u00edtico, o de las directrices de su jefa de filas, (la se\u00f1ora Rosa D\u00edez), la cual pese a su habitual locuacidad, lleva dos d\u00edas esquivando a la prensa para evitar tener que pronunciarse al respecto de los excesos verbales del valenciano. Escapando al trote de los periodistas la una y, a bordo de su coche -con ch\u00f3fer- el otro\u2026Al final va a resultar que los de UPyD son como todos\u2026Tambi\u00e9n tienen pelillos en el culo y no les gusta que se los cuenten.<br \/>\nPero la rectificaci\u00f3n de ayer por la ma\u00f1ana,(que en mi opini\u00f3n le honraba) se la dej\u00f3 en casa por la tarde y, en una entrevista con Susanna Gris\u00f3 (Espejo P\u00fablico de Antena 3), volvi\u00f3 a poner en cuesti\u00f3n los datos del Gobierno de Espa\u00f1a que certifican que solamente el 0,01 % de la denuncias por violencia de g\u00e9nero son falsas. Es decir, que Cant\u00f3 sigue en sus trece y qued\u00f3 nuevamente como el culo ante la audiencia, que lo estaba viendo en directo.<br \/>\nDe lo que no ha rectificado el Sr. Cant\u00f3 \u2013 ni se espera que lo haga- es de sus ofensivas declaraciones contra los animales, para\u00a0los que consideramos que s\u00ed tienen derechos y dignidad, <a href=\"https:\/\/blogs.larioja.com\/insolencias\/2013\/02\/17\/la-marca-blanca-de-la-derecha-espanola\/\">(de lo que ya escrib\u00ed un art\u00edculo hace 10 d\u00edas ), <\/a>pero claro, los animalistas ofendidos ya \u00a0nunca van a votar a UPyD \u00a0mientras ande por all\u00ed Cant\u00f3\u2026Los animales tampoco.<\/p>\n","protected":false},"excerpt":{"rendered":"<p>No es habitual que grupos pol\u00edticos de distintas tendencias se unan en el Congreso de los Diputados y, mucho menos que lo hagan para reprobar o afear la conducta de un diputado de la c\u00e1mara. Eso es precisamente lo que hoy suceder\u00e1 en el Congreso, ante lo desafortunado de las declaraciones del diputado de UPyD, [&hellip;]<\/p>\n","protected":false},"author":8872,"featured_media":0,"comment_status":"open","ping_status":"closed","sticky":false,"template":"","format":"standard","meta":[],"categories":[1],"tags":[674,1721,1740,1779,1890,1928,1988,2039],"_links":{"self":[{"href":"https:\/\/blogs.larioja.com\/insolencias\/wp-json\/wp\/v2\/posts\/1370"}],"collection":[{"href":"https:\/\/blogs.larioja.com\/insolencias\/wp-json\/wp\/v2\/posts"}],"about":[{"href":"https:\/\/blogs.larioja.com\/insolencias\/wp-json\/wp\/v2\/types\/post"}],"author":[{"embeddable":true,"href":"https:\/\/blogs.larioja.com\/insolencias\/wp-json\/wp\/v2\/users\/8872"}],"replies":[{"embeddable":true,"href":"https:\/\/blogs.larioja.com\/insolencias\/wp-json\/wp\/v2\/comments?post=1370"}],"version-history":[{"count":0,"href":"https:\/\/blogs.larioja.com\/insolencias\/wp-json\/wp\/v2\/posts\/1370\/revisions"}],"wp:attachment":[{"href":"https:\/\/blogs.larioja.com\/insolencias\/wp-json\/wp\/v2\/media?parent=1370"}],"wp:term":[{"taxonomy":"category","embeddable":true,"href":"https:\/\/blogs.larioja.com\/insolencias\/wp-json\/wp\/v2\/categories?post=1370"},{"taxonomy":"post_tag","embeddable":true,"href":"https:\/\/blogs.larioja.com\/insolencias\/wp-json\/wp\/v2\/tags?post=1370"}],"curies":[{"name":"wp","href":"https:\/\/api.w.org\/{rel}","templated":true}]}}