{"id":1379,"date":"2013-03-05T13:13:01","date_gmt":"2013-03-05T11:13:01","guid":{"rendered":"http:\/\/blogs.larioja.com\/insolencias\/?p=1379"},"modified":"2013-03-05T13:13:01","modified_gmt":"2013-03-05T11:13:01","slug":"el-paraguas-de-luis-barcenas","status":"publish","type":"post","link":"https:\/\/blogs.larioja.com\/insolencias\/2013\/03\/05\/el-paraguas-de-luis-barcenas\/","title":{"rendered":"El paraguas de Lu\u00eds B\u00e1rcenas"},"content":{"rendered":"<p><a href=\"\/voc-migration\/endpointsite\/wp-content\/uploads\/sites\/159\/2013\/03\/BEY8YbiCAAA69iw.jpg\"><img loading=\"lazy\" class=\"alignleft size-full wp-image-1384\" title=\"Grand\u00edsima ofensa\" src=\"\/voc-migration\/endpointsite\/wp-content\/uploads\/sites\/159\/2013\/03\/BEY8YbiCAAA69iw.jpg\" alt=\"\" width=\"446\" height=\"336\" srcset=\"https:\/\/static-blogs.larioja.com\/wp-content\/uploads\/sites\/159\/2013\/03\/BEY8YbiCAAA69iw.jpg 446w, https:\/\/static-blogs.larioja.com\/wp-content\/uploads\/sites\/159\/2013\/03\/BEY8YbiCAAA69iw-300x226.jpg 300w\" sizes=\"(max-width: 446px) 100vw, 446px\" \/><\/a>Dice el refr\u00e1n que<strong> \u201cno ofende el que quiere, sino el que puede\u201d,<\/strong> pero parece ser que muchos pol\u00edticos del Partido Popular se ofenden profundamente con tan solo escuchar o leer el apellido del ex\u2013tesorero del PP, Lu\u00eds B\u00e1rcenas, o la palabra <strong>&#8220;sobre&#8221;.<\/strong><\/p>\n<p>As\u00ed sucedi\u00f3 este fin de semana en la celebraci\u00f3n de una cena de hermandad \u2013 de una pe\u00f1a festera- en la ciudad de Calahorra, en mitad de las fiestas patronales de la localidad. A la misma estaba invitado el alcalde de la ciudad y senador por La Rioja (Javier Pagola) acompa\u00f1ado por uno de sus concejales m\u00e1s asiduos a\u00a0este tipo de\u00a0convites, el edil de comercio.<\/p>\n<p>sin acabar \u00a0la cena y, \u00a0dentro del ambiente festivo y de l\u00f3gico desenfado, uno de los pe\u00f1istas despleg\u00f3 un paraguas negro tuneado, en el cual se pod\u00eda leer el apellido del apodan \u201cCabr\u00f3n\u201d as\u00ed como las siglas del PP y la palabra tab\u00fa: <strong>\u201csobres\u201d.<\/strong><\/p>\n<p>La reacci\u00f3n sorprendente de los dos pol\u00edticos \u00a0ante ese paraguas que deambulaba por el restaurante fue la de levantarse de la mesa presidencial y abandonar el restaurante airados y muy ofendidos.<br \/>\nAnte esta conducta infantil y<strong> rid\u00edcula<\/strong> del senador y su pupilo, los centenares de pe\u00f1istas asistentes a la cena se quedaron perplejos.<br \/>\nEs inaudito que un senador \u2013y alcalde- que lleva m\u00e1s de 20 a\u00f1os apoltronado en la pol\u00edtica, demuestre tan poco aguante y,\u00a0\u00a0 la sola visi\u00f3n del paraguas negro, les haga darse por aludidos, abandonando su compostura en espantada. \u00a0Porque si a m\u00ed me pasean en una cena un paraguas en el que ponga Filesa o \u00a0Lu\u00eds Roldan \u2013 en letras de oro- me importar\u00eda un pito. No me iba a dar por aludido. Pero con\u00a0estos personajes, que tienen la &#8220;presunta honorabilidad&#8221; tan a flor de pie y, la verg\u00fcenza tan desaparecida&#8230;\u00a0Pocas bromas.<\/p>\n<p>Yo a la pe\u00f1a Philips les recomendar\u00eda, (a modo de sugerencia) que para la pr\u00f3ximas ocasiones\u00a0repartan paraguas con las siguientes frases en negrita:<\/p>\n<p><strong>-Doble cobro.<\/strong><br \/>\n<a href=\"http:\/\/www.mundoguia.com\/index.php?componente=noticias&#038;arch=ver&#038;id=11617599\">http:\/\/www.mundoguia.com\/index.php?componente=noticias&#038;arch=ver&#038;id=11617599<\/a><br \/>\n<strong>-Pista de Hielo.<\/strong><br \/>\n<a href=\"http:\/\/www.stvrioja.com\/noticias-4065-CALAHORRA_PSOE_de_Calahorra_denuncia_la_contratac.html\">http:\/\/www.stvrioja.com\/noticias-4065-CALAHORRA_PSOE_de_Calahorra_denuncia_la_contratac.html<strong><\/strong><\/a><\/p>\n<p><strong>-Cobros ilegales.<\/strong><\/p>\n<p><a href=\"https:\/\/blogs.larioja.com\/insolencias\/2013\/01\/17\/pagola-ii-el-insaciable-depredador\/\">https:\/\/blogs.larioja.com\/insolencias\/2013\/01\/17\/pagola-ii-el-insaciable-depredador\/<\/a><br \/>\n<strong>-Contratos con Vodafone.<\/strong><br \/>\n<a href=\"http:\/\/www.lanoticia.es\/ediciones\/2009\/ln499\/contratotelefonia.htm\">http:\/\/www.lanoticia.es\/ediciones\/2009\/ln499\/contratotelefonia.htm<\/a><br \/>\n<strong>-Fraccionamiento de Contratos.<\/strong><br \/>\n<a href=\"http:\/\/psoecalahorra.blogspot.com.es\/2010\/10\/fiscalia-reconoce-que-se-realizaron.html\">http:\/\/psoecalahorra.blogspot.com.es\/2010\/10\/fiscalia-reconoce-que-se-realizaron.html<\/a><br \/>\n<strong>-Ocultaci\u00f3n de bienes en la declaraci\u00f3n.<\/strong><br \/>\n<a href=\"http:\/\/www.larioja.com\/v\/20130207\/rioja-comarcas\/psoe-acusa-pagola-ocultar-20130207.html\">http:\/\/www.larioja.com\/v\/20130207\/rioja-comarcas\/psoe-acusa-pagola-ocultar-20130207.html<\/a><br \/>\n<strong>-Atenciones protocolarias y Gin tonic,S.<\/strong><br \/>\n<a href=\"https:\/\/blogs.larioja.com\/insolencias\/2013\/02\/22\/atenciones-protocolarias-once-gin-tonic-y-unas-navajas\/\">https:\/\/blogs.larioja.com\/insolencias\/2013\/02\/22\/atenciones-protocolarias-once-gin-tonic-y-unas-navajas\/<\/a><\/p>\n<p>.<\/p>\n<p>A ver si con estas frases se dan por aludidos, pero en este caso con raz\u00f3n.<br \/>\n<a href=\"\/voc-migration\/endpointsite\/wp-content\/uploads\/sites\/159\/2013\/03\/paraguas-b\u00e1rceas.jpg\"><img loading=\"lazy\" class=\"aligncenter size-full wp-image-1385\" title=\"El de Comercio toma la iniciativa\" src=\"\/voc-migration\/endpointsite\/wp-content\/uploads\/sites\/159\/2013\/03\/paraguas-b\u00e1rceas.jpg\" alt=\"\" width=\"640\" height=\"287\" srcset=\"https:\/\/static-blogs.larioja.com\/wp-content\/uploads\/sites\/159\/2013\/03\/paraguas-b\u00e1rceas.jpg 640w, https:\/\/static-blogs.larioja.com\/wp-content\/uploads\/sites\/159\/2013\/03\/paraguas-b\u00e1rceas-300x135.jpg 300w\" sizes=\"(max-width: 640px) 100vw, 640px\" \/><\/a><\/p>\n","protected":false},"excerpt":{"rendered":"<p>Dice el refr\u00e1n que \u201cno ofende el que quiere, sino el que puede\u201d, pero parece ser que muchos pol\u00edticos del Partido Popular se ofenden profundamente con tan solo escuchar o leer el apellido del ex\u2013tesorero del PP, Lu\u00eds B\u00e1rcenas, o la palabra &#8220;sobre&#8221;. As\u00ed sucedi\u00f3 este fin de semana en la celebraci\u00f3n de una cena [&hellip;]<\/p>\n","protected":false},"author":8872,"featured_media":0,"comment_status":"open","ping_status":"closed","sticky":false,"template":"","format":"standard","meta":[],"categories":[1],"tags":[121,1047,1275,1518,1542,1830,1862],"_links":{"self":[{"href":"https:\/\/blogs.larioja.com\/insolencias\/wp-json\/wp\/v2\/posts\/1379"}],"collection":[{"href":"https:\/\/blogs.larioja.com\/insolencias\/wp-json\/wp\/v2\/posts"}],"about":[{"href":"https:\/\/blogs.larioja.com\/insolencias\/wp-json\/wp\/v2\/types\/post"}],"author":[{"embeddable":true,"href":"https:\/\/blogs.larioja.com\/insolencias\/wp-json\/wp\/v2\/users\/8872"}],"replies":[{"embeddable":true,"href":"https:\/\/blogs.larioja.com\/insolencias\/wp-json\/wp\/v2\/comments?post=1379"}],"version-history":[{"count":0,"href":"https:\/\/blogs.larioja.com\/insolencias\/wp-json\/wp\/v2\/posts\/1379\/revisions"}],"wp:attachment":[{"href":"https:\/\/blogs.larioja.com\/insolencias\/wp-json\/wp\/v2\/media?parent=1379"}],"wp:term":[{"taxonomy":"category","embeddable":true,"href":"https:\/\/blogs.larioja.com\/insolencias\/wp-json\/wp\/v2\/categories?post=1379"},{"taxonomy":"post_tag","embeddable":true,"href":"https:\/\/blogs.larioja.com\/insolencias\/wp-json\/wp\/v2\/tags?post=1379"}],"curies":[{"name":"wp","href":"https:\/\/api.w.org\/{rel}","templated":true}]}}