{"id":138,"date":"2009-10-01T14:35:00","date_gmt":"2009-10-01T14:35:00","guid":{"rendered":"http:\/\/blogs.larioja.com\/insolencias\/?p=138"},"modified":"2009-10-01T14:35:00","modified_gmt":"2009-10-01T14:35:00","slug":"el-83-dice-no","status":"publish","type":"post","link":"https:\/\/blogs.larioja.com\/insolencias\/2009\/10\/01\/el-83-dice-no\/","title":{"rendered":"El 83% dice no."},"content":{"rendered":"<p><P class=MsoNormal style=\"MARGIN: 0cm 0cm 0pt; TEXT-ALIGN: justify\"><SPAN style=\"FONT-SIZE: 16pt\"><FONT face=\"Times New Roman\"><IMG class=imgizqda id=img_0 src=\"https:\/\/blogs.larioja.com\/insolencias\/files\/cementerio.jpg\"><\/FONT><\/SPAN><br \/>\n <P class=MsoNormal style=\"MARGIN: 0cm 0cm 0pt; TEXT-ALIGN: justify\"><SPAN style=\"FONT-SIZE: 16pt\"><?xml:namespace prefix = o ns = \"urn:schemas-microsoft-com:office:office\" \/><o:p><FONT face=\"Times New Roman\"><\/FONT><\/o:p><\/SPAN><\/p>\n<p> <P class=MsoNormal style=\"MARGIN: 0cm 0cm 0pt; TEXT-ALIGN: justify\"><SPAN style=\"FONT-SIZE: 16pt\"><FONT face=\"Times New Roman\">Acabo de leer en la edici\u00f3n impresa de DIARIO LA RIOJA, una encuesta en la que se preguntaba a los internautas si estaban o no de acuerdo con que en Logro\u00f1o se habilite un anexo al actual cementerio para creyentes de la religi\u00f3n musulmana. El 83 % dijo que no\u2026el 17 % que s\u00ed. Yo no vote, pero evidentemente hubiera votado que s\u00ed.<o:p><\/o:p><\/FONT><\/SPAN><\/p>\n<p> <P class=MsoNormal style=\"MARGIN: 0cm 0cm 0pt; TEXT-ALIGN: justify\"><SPAN style=\"FONT-SIZE: 16pt\"><o:p><FONT face=\"Times New Roman\"><\/FONT><\/o:p><\/SPAN><\/p>\n<p> <P class=MsoNormal style=\"MARGIN: 0cm 0cm 0pt; TEXT-ALIGN: justify\"><SPAN style=\"FONT-SIZE: 16pt\"><FONT face=\"Times New Roman\">No le veo el problema para que los muertos de otras religiones reciban sepultura seg\u00fan los preceptos de sus correspondientes religiones. Ya sean musulmanes, adventistas o cristianos. El Estado es aconfesional y tiene que poner a disposici\u00f3n de los ciudadanos infraestructuras b\u00e1sicas para todos, respetando y tolerando a todas las creencias religiosas y a la falta de ellas.<o:p><\/o:p><\/FONT><\/SPAN><\/p>\n<p> <P class=MsoNormal style=\"MARGIN: 0cm 0cm 0pt; TEXT-ALIGN: justify\"><SPAN style=\"FONT-SIZE: 16pt\"><FONT face=\"Times New Roman\"><SPAN style=\"mso-spacerun: yes\"><\/SPAN>\u00bfQu\u00e9 hay de malo en ello\u2026\u00bfa qui\u00e9n puede molestar?&#8230;\u00bfacaso no pagan impuestos igual que el resto de los riojanos?.<o:p><\/o:p><\/FONT><\/SPAN><\/p>\n<p> <P class=MsoNormal style=\"MARGIN: 0cm 0cm 0pt; TEXT-ALIGN: justify\"><SPAN style=\"FONT-SIZE: 16pt\"><FONT face=\"Times New Roman\">.<o:p><\/o:p><\/FONT><\/SPAN><\/p>\n<p> <P class=MsoNormal style=\"MARGIN: 0cm 0cm 0pt; TEXT-ALIGN: justify\"><SPAN style=\"FONT-SIZE: 16pt\"><FONT face=\"Times New Roman\">En La Rioja viven 12.000 musulmanes, yo conozco a algunos, los tengo por vecinos. Gente honrada, honesta y trabajadora son los que yo conozco. Buenas personas educadas y amables. Entiendo que son pocos, pero bastantes m\u00e1s que los practicantes del Golf&#8230;y m\u00e1s se gast\u00f3 el Ayuntamiento -con un alcalde popular- en prepararles un campo en La Grajera.<\/FONT><\/SPAN><\/p>\n<p> <P class=MsoNormal style=\"MARGIN: 0cm 0cm 0pt; TEXT-ALIGN: justify\"><SPAN style=\"FONT-SIZE: 16pt\"><FONT face=\"Times New Roman\">No entiendo qu\u00e9 puede molestar que en una ciudad moderna como Logro\u00f1o se habilite una ampliaci\u00f3n de su Campo Santo para dar entierro con orientaci\u00f3n a La Meca a los fieles de esa religi\u00f3n, tal es su costumbre. Pues si se trata de costumbres, nosotros \u2013 los cristianos- tenemos otras tantas igual de absurdas o importantes.<o:p><\/o:p><\/FONT><\/SPAN><\/p>\n<p> <P class=MsoNormal style=\"MARGIN: 0cm 0cm 0pt; TEXT-ALIGN: justify\"><SPAN style=\"FONT-SIZE: 16pt\"><FONT face=\"Times New Roman\">M\u00e1s respeto a las personas y menos intolerancia es lo que hace falta en esta Comunidad. <o:p><\/o:p><\/FONT><\/SPAN><\/p>\n","protected":false},"excerpt":{"rendered":"<p>Acabo de leer en la edici\u00f3n impresa de DIARIO LA RIOJA, una encuesta en la que se preguntaba a los internautas si estaban o no de acuerdo con que en Logro\u00f1o se habilite un anexo al actual cementerio para creyentes de la religi\u00f3n musulmana. El 83 % dijo que no\u2026el 17 % que s\u00ed. Yo [&hellip;]<\/p>\n","protected":false},"author":8872,"featured_media":0,"comment_status":"open","ping_status":"closed","sticky":false,"template":"","format":"standard","meta":[],"categories":[1],"tags":[388,1123,1266,1408],"_links":{"self":[{"href":"https:\/\/blogs.larioja.com\/insolencias\/wp-json\/wp\/v2\/posts\/138"}],"collection":[{"href":"https:\/\/blogs.larioja.com\/insolencias\/wp-json\/wp\/v2\/posts"}],"about":[{"href":"https:\/\/blogs.larioja.com\/insolencias\/wp-json\/wp\/v2\/types\/post"}],"author":[{"embeddable":true,"href":"https:\/\/blogs.larioja.com\/insolencias\/wp-json\/wp\/v2\/users\/8872"}],"replies":[{"embeddable":true,"href":"https:\/\/blogs.larioja.com\/insolencias\/wp-json\/wp\/v2\/comments?post=138"}],"version-history":[{"count":0,"href":"https:\/\/blogs.larioja.com\/insolencias\/wp-json\/wp\/v2\/posts\/138\/revisions"}],"wp:attachment":[{"href":"https:\/\/blogs.larioja.com\/insolencias\/wp-json\/wp\/v2\/media?parent=138"}],"wp:term":[{"taxonomy":"category","embeddable":true,"href":"https:\/\/blogs.larioja.com\/insolencias\/wp-json\/wp\/v2\/categories?post=138"},{"taxonomy":"post_tag","embeddable":true,"href":"https:\/\/blogs.larioja.com\/insolencias\/wp-json\/wp\/v2\/tags?post=138"}],"curies":[{"name":"wp","href":"https:\/\/api.w.org\/{rel}","templated":true}]}}