{"id":1383,"date":"2013-03-07T13:04:34","date_gmt":"2013-03-07T11:04:34","guid":{"rendered":"http:\/\/blogs.larioja.com\/insolencias\/?p=1383"},"modified":"2013-03-07T13:04:34","modified_gmt":"2013-03-07T11:04:34","slug":"seis-meses-con-la-nariz-rota-y-en-lista-de-espera","status":"publish","type":"post","link":"https:\/\/blogs.larioja.com\/insolencias\/2013\/03\/07\/seis-meses-con-la-nariz-rota-y-en-lista-de-espera\/","title":{"rendered":"Seis meses con la nariz rota y, en lista de espera."},"content":{"rendered":"<p><a href=\"\/voc-migration\/endpointsite\/wp-content\/uploads\/sites\/159\/2013\/03\/IMG_61541.jpg\"><img loading=\"lazy\" class=\"alignleft size-full wp-image-1389\" title=\"Rota\" src=\"\/voc-migration\/endpointsite\/wp-content\/uploads\/sites\/159\/2013\/03\/IMG_61541.jpg\" alt=\"\" width=\"165\" height=\"314\" srcset=\"https:\/\/static-blogs.larioja.com\/wp-content\/uploads\/sites\/159\/2013\/03\/IMG_61541.jpg 165w, https:\/\/static-blogs.larioja.com\/wp-content\/uploads\/sites\/159\/2013\/03\/IMG_61541-158x300.jpg 158w\" sizes=\"(max-width: 165px) 100vw, 165px\" \/><\/a>19 de septiembre de 2.012. Eran las doce de la ma\u00f1ana. En mitad de la clase de gimnasia sent\u00ed un golpetazo seco en la cara. Uno de mis compa\u00f1eros hab\u00eda colisionado directamente contra mi nariz, haci\u00e9ndome un da\u00f1o terrible. Comenc\u00e9 a sangrar . .<br \/>\nEn el colegio, la profesora de educaci\u00f3n f\u00edsica me aplic\u00f3 una especie de \u201croll on\u201d para moratones, en el aler\u00f3n izquierdo de mi nariz\u2026<br \/>\nAl llegar a casa, me pusieron hielo; la hemorragia hab\u00eda cesado y ten\u00eda la cara hinchada, pero parec\u00eda que solamente era un golpetazo. A la ma\u00f1ana siguiente, -como me doli\u00f3 durante la noche- , mi madre me llev\u00f3 al servicio de pediatr\u00eda del Centro de Salud de Calahorra. Con una radiograf\u00eda se me diagnostic\u00f3\u00a0 &#8220;fractura nasal&#8221;. A d\u00eda de hoy sigo esperando a que me operen.<br \/>\nEn estos casi seis meses he recorrido varios despachos m\u00e9dicos. Se me deriv\u00f3 a Logro\u00f1o en vez de mandarme a la Fundaci\u00f3n Hospital de Calahorra. Primero al cirujano pl\u00e1stico en el Hospital San Pedro de Logro\u00f1o. Otro d\u00eda un TAC en el mismo lugar. A los d\u00edas nueva consulta en el cirujano pl\u00e1stico del San Pedro. La siguiente visita fue nuevamente al Hospital San Pedro derivado por el cirujano pl\u00e1stico, en esta ocasi\u00f3n a visitar a un otorrinolaring\u00f3logo. Este \u00faltimo especialista me pregunt\u00f3: \u00bfpero y que hacen ustedes aqu\u00ed en el San Pedro y no van al otorrino de la Fundaci\u00f3n Hospital de Calahorra?&#8230;<br \/>\nAl final, despu\u00e9s de subir varias veces a Logro\u00f1o y de ver como se pasaban las semanas, el Otorrino de la Fundaci\u00f3n Hospital de Calahorra, me dice que hay que operar y, que como ya se ha perdido mucho tiempo, me van a poner en lista de espera como \u201cpreferente&#8221;, para evitar que la fractura acabe de soldarse mal por completo.<br \/>\nA mediados de noviembre ya ten\u00eda todas las pruebas, an\u00e1lisis y revisi\u00f3n del anestesista realizadas, tan s\u00f3lo a la espera de que me dieran fecha para operar.<br \/>\nPas\u00f3 noviembre y lleg\u00f3 diciembre\u2026Y no me llamaban. Vinieron las navidades, a\u00f1o nuevo y los reyes. Termin\u00f3 enero y se acab\u00f3 febrero\u2026Pasaron las fiestas de marzo y aqu\u00ed sigo casi medio a\u00f1o despu\u00e9s con la nariz rota.<br \/>\nDice mi padre, que esto nunca hubiera pasado en la FHC \u2013antes de los recortes- y, que siempre me han atendido all\u00ed fant\u00e1sticamente; con profesionalidad, amabilidad y eficacia \u2013 que al fin y al cabo es lo que verdaderamente importa-. Incluso que gracias a la profesionalidad de quienes trabajan all\u00ed, puede ser que est\u00e9 en este mundo.<br \/>\nLos problemas han comenzado cuando a alguien se le ha ocurrido que con la sanidad tambi\u00e9n se puede hacer negocio y, se han puesto manos a la obra. Ahora les resulta m\u00e1s rentable derivar a los pacientes a Logro\u00f1o \u2013 marearnos vivos- y mientras, reducir personal, m\u00e9dicos y enfermeros.<br \/>\nA menos personal, menos sueldos a pagar, peor servicio a ofrecer a los ciudadanos y el dinero p\u00fablico para las manos privadas.<br \/>\nFinalmente me operar\u00e1n el 19 de marzo, d\u00eda del padre\u2026ser\u00e1 como un cumplea\u00f1os\u2026Seis meses con la nariz rota. <em><strong>Estar\u00e1 ya m\u00e1s soldada que la cadera de Juan Carlos I.<\/strong><\/em><br \/>\nY luego los muy hip\u00f3critas (los gobernantes) dir\u00e1n que no hay listas de espera interminables y\u2026Que todo funciona de narices.<\/p>\n","protected":false},"excerpt":{"rendered":"<p>19 de septiembre de 2.012. Eran las doce de la ma\u00f1ana. En mitad de la clase de gimnasia sent\u00ed un golpetazo seco en la cara. Uno de mis compa\u00f1eros hab\u00eda colisionado directamente contra mi nariz, haci\u00e9ndome un da\u00f1o terrible. Comenc\u00e9 a sangrar . . En el colegio, la profesora de educaci\u00f3n f\u00edsica me aplic\u00f3 una [&hellip;]<\/p>\n","protected":false},"author":8872,"featured_media":0,"comment_status":"open","ping_status":"closed","sticky":false,"template":"","format":"standard","meta":[],"categories":[1],"tags":[422,944,1050,1256,1475,1837],"_links":{"self":[{"href":"https:\/\/blogs.larioja.com\/insolencias\/wp-json\/wp\/v2\/posts\/1383"}],"collection":[{"href":"https:\/\/blogs.larioja.com\/insolencias\/wp-json\/wp\/v2\/posts"}],"about":[{"href":"https:\/\/blogs.larioja.com\/insolencias\/wp-json\/wp\/v2\/types\/post"}],"author":[{"embeddable":true,"href":"https:\/\/blogs.larioja.com\/insolencias\/wp-json\/wp\/v2\/users\/8872"}],"replies":[{"embeddable":true,"href":"https:\/\/blogs.larioja.com\/insolencias\/wp-json\/wp\/v2\/comments?post=1383"}],"version-history":[{"count":0,"href":"https:\/\/blogs.larioja.com\/insolencias\/wp-json\/wp\/v2\/posts\/1383\/revisions"}],"wp:attachment":[{"href":"https:\/\/blogs.larioja.com\/insolencias\/wp-json\/wp\/v2\/media?parent=1383"}],"wp:term":[{"taxonomy":"category","embeddable":true,"href":"https:\/\/blogs.larioja.com\/insolencias\/wp-json\/wp\/v2\/categories?post=1383"},{"taxonomy":"post_tag","embeddable":true,"href":"https:\/\/blogs.larioja.com\/insolencias\/wp-json\/wp\/v2\/tags?post=1383"}],"curies":[{"name":"wp","href":"https:\/\/api.w.org\/{rel}","templated":true}]}}