{"id":1391,"date":"2013-03-12T10:01:46","date_gmt":"2013-03-12T08:01:46","guid":{"rendered":"http:\/\/blogs.larioja.com\/insolencias\/?p=1391"},"modified":"2013-03-12T10:01:46","modified_gmt":"2013-03-12T08:01:46","slug":"el-ponferradazo","status":"publish","type":"post","link":"https:\/\/blogs.larioja.com\/insolencias\/2013\/03\/12\/el-ponferradazo\/","title":{"rendered":"El Ponferradazo."},"content":{"rendered":"<p><span style=\"font-size: medium;\"><a href=\"\/voc-migration\/endpointsite\/wp-content\/uploads\/sites\/159\/2013\/03\/Dame-la-manita.jpg\"><img loading=\"lazy\" class=\"alignleft size-full wp-image-1401\" title=\"Dame la manita\" src=\"\/voc-migration\/endpointsite\/wp-content\/uploads\/sites\/159\/2013\/03\/Dame-la-manita.jpg\" alt=\"\" width=\"349\" height=\"317\" srcset=\"https:\/\/static-blogs.larioja.com\/wp-content\/uploads\/sites\/159\/2013\/03\/Dame-la-manita.jpg 349w, https:\/\/static-blogs.larioja.com\/wp-content\/uploads\/sites\/159\/2013\/03\/Dame-la-manita-300x272.jpg 300w\" sizes=\"(max-width: 349px) 100vw, 349px\" \/><\/a>Existe en estos momentos una corriente de opini\u00f3n \u2013 en la calle- que exige\u00a0cambios sustanciales en las normas que rigen los procesos democr\u00e1ticos de elecci\u00f3n de representantes en las instituciones. No es nada nuevo \u2013 ni mucho menos- pero parece que se escucha con m\u00e1s claridad.<\/span><br \/>\n<span style=\"font-size: medium;\"> Esas reformas afectar\u00edan a varias cuestiones, como la proporcionalidad , los l\u00edmites de entrada en las instituciones, la confecci\u00f3n de listas, etc.<\/span><br \/>\n<span style=\"font-size: medium;\"> Una a una, o en su conjunto, creo que estoy de acuerdo en casi todas, por no decir en todas. Aunque me gustar\u00eda a\u00f1adir una m\u00e1s. Esa ser\u00eda la asunci\u00f3n por parte de los que representan a las formaciones pol\u00edticas, de que el esca\u00f1o que ocupan no es suyo, sino de dichas formaciones. Porque mientras el sistema siga como hasta ahora, son los partidos pol\u00edticos quienes designan sus representantes y los presentan ante los ciudadanos para que apoyen o no esas listas. <\/span><\/p>\n<p><span style=\"font-size: medium;\">Tal vez para pr\u00f3ximas elecciones, sea diferente, a m\u00ed sinceramente me da lo mismo. Pero de momento eso es as\u00ed.<\/span><br \/>\n<span style=\"font-size: medium;\"> Por ello, cuando un pol\u00edtico no est\u00e1 de acuerdo con el partido o formaci\u00f3n pol\u00edtica a la que representa, ha de dimitir de su puesto y, \u00a0ponerlo a disposici\u00f3n del mismo, ; aunque la ley permita lo contrario, el esca\u00f1o no es propiedad del edil o parlamentario, ya que los electores han votado a la formaci\u00f3n, no individualmente a los que la componen. Y si quiere seguir en pol\u00edtica, podr\u00e1 presentarse en las pr\u00f3ximas elecciones como independiente, formando un nuevo partido o agrupaci\u00f3n de electores.<\/span><\/p>\n<p><span style=\"font-size: medium;\">.<\/span><br \/>\n<span style=\"font-size: medium;\"> Cuando una persona decide entrar a formar parte de un partido \u2013 o formaci\u00f3n- pol\u00edtica, ha de hacerlo con todas las consecuencias y, respetar las normas\u00a0 -y\u00a0 los \u00f3rganos- \u00a0democr\u00e1ticamente elegidos por sus propios compa\u00f1eros y compa\u00f1eras. <\/span><span style=\"font-size: medium;\">Exactamente igual que en cualquier otra instituci\u00f3n, asociaci\u00f3n o sociedad a la que uno llegue o de la que quiera participar. <\/span><\/p>\n<p><span style=\"font-size: medium;\">A nadie le ponen una pistola en la entrepierna para que se incluya en una lista electoral ni se afilie. Si no te gustan los partidos ni respetar sus \u00f3rganos y sus normas\u2026No te metas.<\/span><br \/>\n<span style=\"font-size: medium;\"> Una vez dentro de las instituciones -ya sea gobernando o en la oposici\u00f3n- est\u00e1s representando en primer lugar a los electores, pero tambi\u00e9n a la formaci\u00f3n que te ha elegido para ello.<\/span><br \/>\n<span style=\"font-size: medium;\"> Situaciones como la vivida en el Ayuntamiento de Ponferrada, en la que el portavoz del PSOE, desatiende las \u00f3rdenes del Secretario General del partido para que no acepte la alcald\u00eda de manos de un acosador sexual, anteponiendo sus intereses personales -y sus ambiciones- al inter\u00e9s com\u00fan del partido, resultan poco edificantes.<\/span><br \/>\n<span style=\"font-size: medium;\"> Los esca\u00f1os (por lo menos hasta que el sistema no se cambie) no deber\u00edan ser de los culos que los calientan, sino de los ciudadanos, \u00a0que los prestaron a la formaci\u00f3n que representan.<\/span><\/p>\n","protected":false},"excerpt":{"rendered":"<p>Existe en estos momentos una corriente de opini\u00f3n \u2013 en la calle- que exige\u00a0cambios sustanciales en las normas que rigen los procesos democr\u00e1ticos de elecci\u00f3n de representantes en las instituciones. No es nada nuevo \u2013 ni mucho menos- pero parece que se escucha con m\u00e1s claridad. Esas reformas afectar\u00edan a varias cuestiones, como la proporcionalidad [&hellip;]<\/p>\n","protected":false},"author":8872,"featured_media":0,"comment_status":"open","ping_status":"closed","sticky":false,"template":"","format":"standard","meta":[],"categories":[1],"tags":[242,790,1676,1727,1808],"_links":{"self":[{"href":"https:\/\/blogs.larioja.com\/insolencias\/wp-json\/wp\/v2\/posts\/1391"}],"collection":[{"href":"https:\/\/blogs.larioja.com\/insolencias\/wp-json\/wp\/v2\/posts"}],"about":[{"href":"https:\/\/blogs.larioja.com\/insolencias\/wp-json\/wp\/v2\/types\/post"}],"author":[{"embeddable":true,"href":"https:\/\/blogs.larioja.com\/insolencias\/wp-json\/wp\/v2\/users\/8872"}],"replies":[{"embeddable":true,"href":"https:\/\/blogs.larioja.com\/insolencias\/wp-json\/wp\/v2\/comments?post=1391"}],"version-history":[{"count":0,"href":"https:\/\/blogs.larioja.com\/insolencias\/wp-json\/wp\/v2\/posts\/1391\/revisions"}],"wp:attachment":[{"href":"https:\/\/blogs.larioja.com\/insolencias\/wp-json\/wp\/v2\/media?parent=1391"}],"wp:term":[{"taxonomy":"category","embeddable":true,"href":"https:\/\/blogs.larioja.com\/insolencias\/wp-json\/wp\/v2\/categories?post=1391"},{"taxonomy":"post_tag","embeddable":true,"href":"https:\/\/blogs.larioja.com\/insolencias\/wp-json\/wp\/v2\/tags?post=1391"}],"curies":[{"name":"wp","href":"https:\/\/api.w.org\/{rel}","templated":true}]}}