{"id":142,"date":"2009-10-14T08:00:00","date_gmt":"2009-10-14T08:00:00","guid":{"rendered":"http:\/\/blogs.larioja.com\/insolencias\/?p=142"},"modified":"2009-10-14T08:00:00","modified_gmt":"2009-10-14T08:00:00","slug":"la-mayor-tropelia-la-historia-espana","status":"publish","type":"post","link":"https:\/\/blogs.larioja.com\/insolencias\/2009\/10\/14\/la-mayor-tropelia-la-historia-espana\/","title":{"rendered":"\u00bfLa mayor tropel\u00eda en la historia de Espa\u00f1a?"},"content":{"rendered":"<p><P class=MsoNormal style=\"MARGIN: 0cm 0cm 0pt\"><SPAN style=\"FONT-SIZE: 16pt\"><FONT face=\"Times New Roman\"><IMG class=imgizqda id=img_0 src=\"https:\/\/blogs.larioja.com\/insolencias\/files\/175134_arantz.jpg\">Con los votos <SPAN style=\"mso-spacerun: yes\"><\/SPAN>a favor de casi todos los grupos parlamentarios,(incluido el abandono de tres diputados del PP) y en contra el resto del PP+ UpyD, se ha aprobado esta pasada jornada en el Congreso de los Diputados <SPAN style=\"mso-spacerun: yes\"><\/SPAN>la toma en consideraci\u00f3n de <SPAN style=\"mso-spacerun: yes\"><\/SPAN>la proposici\u00f3n del Parlamento Vasco que interesadamente se ha denominado \u201cEl blindaje vasco\u201d.<?xml:namespace prefix = o ns = \"urn:schemas-microsoft-com:office:office\" \/><o:p><\/o:p><\/FONT><\/SPAN><\/p>\n<p> <P class=MsoNormal style=\"MARGIN: 0cm 0cm 0pt\"><SPAN style=\"FONT-SIZE: 16pt\"><FONT face=\"Times New Roman\">Pedro Sanz ya ha salido <SPAN style=\"mso-spacerun: yes\"><\/SPAN>en <B style=\"mso-bidi-font-weight: normal\">larioja.com<\/B> expresando su m\u00e1ximo vocabulario de crispaci\u00f3n -tan agotado como <SPAN style=\"mso-spacerun: yes\"><\/SPAN>habitual-. <o:p><\/o:p><\/FONT><\/SPAN><\/p>\n<p> <P class=MsoNormal style=\"MARGIN: 0cm 0cm 0pt\"><SPAN style=\"FONT-SIZE: 16pt\"><FONT face=\"Times New Roman\">Ha calificado la cuesti\u00f3n como: \u201cla mayor tropel\u00eda cometida nunca en la historia de Espa\u00f1a\u201d. Se olvida \u2013por ejemplo- del franquismo.<\/FONT><\/SPAN><\/p>\n<p> <P class=MsoNormal style=\"MARGIN: 0cm 0cm 0pt\"><SPAN style=\"FONT-SIZE: 16pt\"><FONT face=\"Times New Roman\">Pedro Sanz no ha debido de seguir el desarrollo de la intervenci\u00f3n del portavoz del PP en el Congreso ante la presentaci\u00f3n de esta Proposici\u00f3n de Ley del Parlamento Vasco. Pues el PP no ha votado en contra de esta proposici\u00f3n para defender los derechos de La Rioja \u00a1Ni mucho menos!&#8230; estaban totalmente de acuerdo con la misma y as\u00ed lo han manifestado. Los motivos del voto en contra han sido otros, \u00a1qu\u00e9 no se enteras D. Pedro!&#8230;o no se quiere enterar.<o:p><\/o:p><\/FONT><\/SPAN><\/p>\n<p> <P class=MsoNormal style=\"MARGIN: 0cm 0cm 0pt\"><SPAN style=\"FONT-SIZE: 16pt\"><FONT face=\"Times New Roman\">El PSOE de La Rioja mantiene y defiende desde 1993 su disconformidad con esta propuesta.<o:p><\/o:p><\/FONT><\/SPAN><\/p>\n<p> <P class=MsoNormal style=\"MARGIN: 0cm 0cm 0pt\"><SPAN style=\"FONT-SIZE: 16pt\"><FONT face=\"Times New Roman\">Pero entremos en este asunto sin histerismos y desde la verdad, teniendo siempre presente que la foralidad del Pa\u00eds Vasco no es algo nuevo. No est\u00e1 mal leerse la Constituci\u00f3n de 1978. <\/FONT><\/SPAN><\/p>\n<p> <P class=MsoNormal style=\"MARGIN: 0cm 0cm 0pt\"><SPAN style=\"FONT-SIZE: 14pt\"><FONT face=\"Times New Roman\">.<\/FONT><\/SPAN><\/p>\n<p> <P class=MsoNormal style=\"MARGIN: 0cm 0cm 0pt\"><SPAN style=\"FONT-SIZE: 14pt\"><\/SPAN><FONT face=\"Times New Roman\"><SPAN style=\"FONT-SIZE: 14pt\">El Parlamento Vasco ha presentado en el Congreso una Proposici\u00f3n de Ley, cuya toma en consideraci\u00f3n se celebra en el Pleno del Congreso de los Diputados por la que se pretende que las normas forales que actualmente tienen rango reglamentario, pasen a ser leyes.<o:p><\/o:p><\/SPAN><\/FONT><\/p>\n<p> <P class=MsoNormal style=\"MARGIN: 0cm 0cm 0pt; TEXT-ALIGN: justify\"><SPAN style=\"FONT-SIZE: 14pt\"><FONT face=\"Times New Roman\"><SPAN style=\"mso-tab-count: 1\"><\/SPAN>Para ello pretenden modificar dos Leyes Org\u00e1nicas, la del Tribunal Constitucional y la del Poder Judicial,<SPAN style=\"mso-spacerun: yes\"> <\/SPAN>modificaciones que se tendr\u00e1n que aprobar en un momento posterior para que su pretensi\u00f3n se lleve a efecto.<o:p><\/o:p><\/FONT><\/SPAN><\/p>\n<p> <P class=MsoNormal style=\"MARGIN: 0cm 0cm 0pt; TEXT-ALIGN: justify\"><SPAN style=\"FONT-SIZE: 14pt\"><o:p><FONT face=\"Times New Roman\"><\/FONT><\/o:p><\/SPAN><\/p>\n<p> <P class=MsoNormal style=\"MARGIN: 0cm 0cm 0pt; TEXT-ALIGN: justify\"><SPAN style=\"FONT-SIZE: 14pt\"><FONT face=\"Times New Roman\"><SPAN style=\"mso-tab-count: 1\"><\/SPAN>Efectos que se producir\u00edan caso que estas actuaciones se llevaran a <SPAN style=\"mso-spacerun: yes\"><\/SPAN>cabo, aunque<SPAN style=\"mso-spacerun: yes\"> <\/SPAN>no antes.<o:p><\/o:p><\/FONT><\/SPAN><\/p>\n<p> <P class=MsoNormal style=\"MARGIN: 0cm 0cm 0pt; TEXT-ALIGN: justify\"><SPAN style=\"FONT-SIZE: 14pt\"><o:p><FONT face=\"Times New Roman\"><\/FONT><\/o:p><\/SPAN><\/p>\n<p> <P class=MsoNormal style=\"MARGIN: 0cm 0cm 0pt; TEXT-ALIGN: justify\"><SPAN style=\"FONT-SIZE: 14pt\"><FONT face=\"Times New Roman\">Al convertirse las normas forales en leyes, se equiparar\u00e1n a las leyes de los parlamentos auton\u00f3micos. <o:p><\/o:p><\/FONT><\/SPAN><\/p>\n<p> <P class=MsoNormal style=\"MARGIN: 0cm 0cm 0pt; TEXT-ALIGN: justify\"><SPAN style=\"FONT-SIZE: 14pt\"><FONT face=\"Times New Roman\">Como consecuencia de ello <B style=\"mso-bidi-font-weight: normal\"><U>no es que las normas forales no podr\u00e1n ser recurridas<\/U><\/B>, sino que <SPAN style=\"mso-spacerun: yes\"><\/SPAN>podr\u00e1n ser recurridas al Tribunal Constitucional y no a la jurisdicci\u00f3n ordinaria (Tribunal Superior de Justicia Vasco).<o:p><\/o:p><\/FONT><\/SPAN><\/p>\n<p> <P class=MsoNormal style=\"MARGIN: 0cm 0cm 0pt; TEXT-ALIGN: justify\"><SPAN style=\"FONT-SIZE: 14pt\"><o:p><FONT face=\"Times New Roman\"><\/FONT><\/o:p><\/SPAN><\/p>\n<p> <P class=MsoNormal style=\"MARGIN: 0cm 0cm 0pt; TEXT-ALIGN: justify\"><SPAN style=\"FONT-SIZE: 14pt\"><FONT face=\"Times New Roman\">Produce un efecto no deseado: Los agentes sociales no podr\u00e1n recurrir como hasta ahora v\u00eda contencioso administrativa, aunque sus intereses y posiciones podr\u00e1n ser siempre recogidas por las instituciones riojanas para sustituir la legitimaci\u00f3n.<o:p><\/o:p><\/FONT><\/SPAN><\/p>\n<p> <P class=MsoNormal style=\"MARGIN: 0cm 0cm 0pt; TEXT-ALIGN: justify\"><SPAN style=\"FONT-SIZE: 14pt\"><o:p><FONT face=\"Times New Roman\"><\/FONT><\/o:p><\/SPAN><\/p>\n<p> <P class=MsoNormal style=\"MARGIN: 0cm 0cm 0pt; TEXT-ALIGN: justify\"><SPAN style=\"FONT-SIZE: 14pt\"><FONT face=\"Times New Roman\">No obstante, la pretensi\u00f3n que quiere el Parlamento Vasco tiene dif\u00edcil encaje constitucional. Muchos constitucionalistas se van a oponer por razones jur\u00eddico constitucionales a modificar la arquitectura institucional y normativa del Estado.<o:p><\/o:p><\/FONT><\/SPAN><\/p>\n<p> <P class=MsoNormal style=\"MARGIN: 0cm 0cm 0pt; TEXT-ALIGN: justify\"><SPAN style=\"FONT-SIZE: 14pt\"><o:p><FONT face=\"Times New Roman\"><\/FONT><\/o:p><\/SPAN><\/p>\n<p> <P class=MsoNormal style=\"MARGIN: 0cm 0cm 0pt; TEXT-ALIGN: justify\"><SPAN style=\"FONT-SIZE: 14pt\"><FONT face=\"Times New Roman\">El PSOE de La Rioja siempre ha tenido la misma posici\u00f3n pol\u00edtica, siempre ha mantenido los mismos argumentos. Un ejemplo de coherencia. Ha entendido que es un problema de regi\u00f3n y como tal se ha comportado. Un ejemplo de responsabilidad y de honestidad con nuestra Comunidad. Ha sido la \u00fanica fuerza pol\u00edtica y social que no ha tenido dificultad en discrepar o enfrentarse con la direcci\u00f3n nacional. El \u00fanico ejemplo contrastable de autonom\u00eda.<o:p><\/o:p><\/FONT><\/SPAN><\/p>\n<p> <P class=MsoNormal style=\"MARGIN: 0cm 0cm 0pt; TEXT-ALIGN: justify\"><B style=\"mso-bidi-font-weight: normal\"><SPAN style=\"FONT-SIZE: 14pt\"><FONT face=\"Times New Roman\"><SPAN style=\"mso-spacerun: yes\"><\/SPAN><o:p><\/o:p><\/FONT><\/SPAN><\/B><\/p>\n<p> <P class=MsoNormal style=\"MARGIN: 0cm 0cm 0pt; TEXT-ALIGN: justify\"><SPAN style=\"FONT-SIZE: 14pt\"><FONT face=\"Times New Roman\">Muy al contrario, el PP de La Rioja al comienzo de la d\u00e9cada de los noventa estuvo remiso. Entendi\u00f3 siempre que la soluci\u00f3n estaba \u00fanicamente en el campo pol\u00edtico. Su discurso era: \u201cCuando Gonz\u00e1lez se vaya Aznar lo arreglar\u00e1\u201d.<o:p><\/o:p><\/FONT><\/SPAN><\/p>\n<p> <P class=MsoNormal style=\"MARGIN: 0cm 0cm 0pt; TEXT-ALIGN: justify\"><SPAN style=\"FONT-SIZE: 14pt\"><FONT face=\"Times New Roman\">Llegado al poder y observando la rentabilidad se convierten en \u201cfundamentalistas de galer\u00eda\u201d intentando obscurecer la etapa anterior y erigi\u00e9ndose en los \u201cdue\u00f1os\u201d del tema, eso si con grandes grietas de conocimiento del mismo, que se mantiene todav\u00eda hoy.<o:p><\/o:p><\/FONT><\/SPAN><\/p>\n<p> <P class=MsoNormal style=\"MARGIN: 0cm 0cm 0pt; TEXT-ALIGN: justify\"><SPAN style=\"FONT-SIZE: 14pt\"><FONT face=\"Times New Roman\">Cometen dos errores, que adem\u00e1s no solo les descalifican para dar lecciones, sino que debieran estar definitivamente avergonzados por su deshonroso comportamiento. Tanto en la modificaci\u00f3n del Concierto en 1997 como en la retirada de los recursos por parte de Aznar en 1999, no se opusieron. Ni hicieron ni dijeron nada para enfrentarse al PP Nacional, incluso lo justificaron y lo defendieron.<o:p><\/o:p><\/FONT><\/SPAN><\/p>\n<p> <P class=MsoNormal style=\"MARGIN: 0cm 0cm 0pt; TEXT-ALIGN: justify\"><SPAN style=\"FONT-SIZE: 14pt\"><FONT face=\"Times New Roman\">Lo que no soportan es <SPAN style=\"mso-spacerun: yes\"><\/SPAN>la postura institucional del PSOE e intentan cada vez que pueden, como actualmente, destruir el consenso social.<o:p><\/o:p><\/FONT><\/SPAN><\/p>\n<p> <P class=MsoNormal style=\"MARGIN: 0cm 0cm 0pt; TEXT-ALIGN: justify\"><SPAN style=\"FONT-SIZE: 14pt\"><FONT face=\"Times New Roman\">.<o:p><\/o:p><\/FONT><\/SPAN><\/p>\n<p> <P class=MsoNormal style=\"MARGIN: 0cm 0cm 0pt; TEXT-ALIGN: justify\"><SPAN style=\"FONT-SIZE: 14pt\"><FONT face=\"Times New Roman\">En suma, la votaci\u00f3n de ayer tan solo <B style=\"mso-bidi-font-weight: normal\"><U>es una toma de consideraci\u00f3n de una ley,<\/U><\/B> solo eso. Ayer no se cambi\u00f3 ninguna Ley. La propuesta de modificaci\u00f3n de las dos Leyes Org\u00e1nicas pueden votarse dentro de un a\u00f1o, dos o decaer con la legislatura.<o:p><\/o:p><\/FONT><\/SPAN><\/p>\n<p> <P class=MsoNormal style=\"MARGIN: 0cm 0cm 0pt; TEXT-ALIGN: justify\"><SPAN style=\"FONT-SIZE: 14pt\"><o:p><FONT face=\"Times New Roman\"><\/FONT><\/o:p><\/SPAN><\/p>\n<p> <P class=MsoNormal style=\"MARGIN: 0cm 0cm 0pt; TEXT-ALIGN: justify\"><o:p><FONT face=\"Times New Roman\" size=3><\/FONT><\/o:p><\/p>\n<p> <P class=MsoNormal style=\"MARGIN: 0cm 0cm 0pt; TEXT-ALIGN: justify\"><o:p><FONT face=\"Times New Roman\" size=3><\/FONT><\/o:p><\/p>\n<p> <P class=MsoNormal style=\"MARGIN: 0cm 0cm 0pt; TEXT-ALIGN: justify\"><o:p><FONT face=\"Times New Roman\" size=3><\/FONT><\/o:p><\/p>\n<p> <P class=MsoNormal style=\"MARGIN: 0cm 0cm 0pt; TEXT-ALIGN: justify\"><o:p><FONT face=\"Times New Roman\" size=3><\/FONT><\/o:p><\/p>\n<p> <P class=MsoNormal style=\"MARGIN: 0cm 0cm 0pt; TEXT-ALIGN: justify\"><o:p><FONT face=\"Times New Roman\" size=3><\/FONT><\/o:p><\/p>\n<p> <P class=MsoNormal style=\"MARGIN: 0cm 0cm 0pt; TEXT-ALIGN: justify\"><B style=\"mso-bidi-font-weight: normal\"><o:p><FONT face=\"Times New Roman\" size=3><\/FONT><\/o:p><\/B><\/p>\n<p> <P class=MsoNormal style=\"MARGIN: 0cm 0cm 0pt; TEXT-ALIGN: justify\"><o:p><FONT face=\"Times New Roman\" size=3><\/FONT><\/o:p><\/p>\n<p> <P class=MsoNormal style=\"MARGIN: 0cm 0cm 0pt; TEXT-ALIGN: justify\"><o:p><FONT face=\"Times New Roman\" size=3><\/FONT><\/o:p><\/p>\n<p> <P class=MsoNormal style=\"MARGIN: 0cm 0cm 0pt; TEXT-ALIGN: justify\"><o:p><FONT face=\"Times New Roman\" size=3><\/FONT><\/o:p><\/p>\n<p> <P class=MsoNormal style=\"MARGIN: 0cm 0cm 0pt\"><SPAN style=\"FONT-SIZE: 14pt\"><o:p><FONT face=\"Times New Roman\"><\/FONT><\/o:p><\/SPAN><\/p>\n<p> <P class=MsoNormal style=\"MARGIN: 0cm 0cm 0pt\"><SPAN style=\"FONT-SIZE: 14pt\"><o:p><FONT face=\"Times New Roman\"><\/FONT><\/o:p><\/SPAN><\/p>\n<p> <P class=MsoNormal style=\"MARGIN: 0cm 0cm 0pt\"><SPAN style=\"FONT-SIZE: 14pt\"><o:p><FONT face=\"Times New Roman\"><\/FONT><\/o:p><\/SPAN><\/p>\n","protected":false},"excerpt":{"rendered":"<p>Con los votos a favor de casi todos los grupos parlamentarios,(incluido el abandono de tres diputados del PP) y en contra el resto del PP+ UpyD, se ha aprobado esta pasada jornada en el Congreso de los Diputados la toma en consideraci\u00f3n de la proposici\u00f3n del Parlamento Vasco que interesadamente se ha denominado \u201cEl blindaje [&hellip;]<\/p>\n","protected":false},"author":8872,"featured_media":0,"comment_status":"open","ping_status":"closed","sticky":false,"template":"","format":"standard","meta":[],"categories":[1],"tags":[292,2005],"_links":{"self":[{"href":"https:\/\/blogs.larioja.com\/insolencias\/wp-json\/wp\/v2\/posts\/142"}],"collection":[{"href":"https:\/\/blogs.larioja.com\/insolencias\/wp-json\/wp\/v2\/posts"}],"about":[{"href":"https:\/\/blogs.larioja.com\/insolencias\/wp-json\/wp\/v2\/types\/post"}],"author":[{"embeddable":true,"href":"https:\/\/blogs.larioja.com\/insolencias\/wp-json\/wp\/v2\/users\/8872"}],"replies":[{"embeddable":true,"href":"https:\/\/blogs.larioja.com\/insolencias\/wp-json\/wp\/v2\/comments?post=142"}],"version-history":[{"count":0,"href":"https:\/\/blogs.larioja.com\/insolencias\/wp-json\/wp\/v2\/posts\/142\/revisions"}],"wp:attachment":[{"href":"https:\/\/blogs.larioja.com\/insolencias\/wp-json\/wp\/v2\/media?parent=142"}],"wp:term":[{"taxonomy":"category","embeddable":true,"href":"https:\/\/blogs.larioja.com\/insolencias\/wp-json\/wp\/v2\/categories?post=142"},{"taxonomy":"post_tag","embeddable":true,"href":"https:\/\/blogs.larioja.com\/insolencias\/wp-json\/wp\/v2\/tags?post=142"}],"curies":[{"name":"wp","href":"https:\/\/api.w.org\/{rel}","templated":true}]}}