{"id":1425,"date":"2013-03-27T12:30:05","date_gmt":"2013-03-27T10:30:05","guid":{"rendered":"http:\/\/blogs.larioja.com\/insolencias\/?p=1425"},"modified":"2013-03-27T12:30:05","modified_gmt":"2013-03-27T10:30:05","slug":"terror-cultural","status":"publish","type":"post","link":"https:\/\/blogs.larioja.com\/insolencias\/2013\/03\/27\/terror-cultural\/","title":{"rendered":"Terror cultural"},"content":{"rendered":"<p>&nbsp;<\/p>\n<p>&nbsp;<\/p>\n<p><span style=\"font-size: medium;\"><a href=\"\/voc-migration\/endpointsite\/wp-content\/uploads\/sites\/159\/2013\/03\/A-ver-donde-acaban-los-cuadros.1.jpg\"><img loading=\"lazy\" class=\"alignleft size-full wp-image-1427\" title=\"A ver donde acaban los cuadros.\" src=\"\/voc-migration\/endpointsite\/wp-content\/uploads\/sites\/159\/2013\/03\/A-ver-donde-acaban-los-cuadros.1.jpg\" alt=\"\" width=\"300\" height=\"204\" \/><\/a>\u00bfDejar\u00eda Usted a su perro al cuidado del gerente de una carnicer\u00eda \u00a0Tailandesa?<\/span><\/p>\n<p><span style=\"font-size: medium;\">.<\/span><\/p>\n<p><span style=\"font-size: medium;\">Ayer fue \u00a0noticia que la familia de un se\u00f1or fallecido recientemente, sin herederos directos (hijos), ha puesto en manos de su Ayuntamiento \u2013a modo de donaci\u00f3n- unas importantes obras de arte, cuya importancia se interpreta desde dos \u00e1ngulos diferentes. El primero que su autor es el pintor <a href=\"http:\/\/ivlia.org\/garrido-romanos-francisco.html#biografia\">Francisco Javier Garrido Romanos <\/a>y, el segundo\u00a0 su formato en tama\u00f1o mural, por tanto escaso en la producci\u00f3n de este genial pintor.<\/span><\/p>\n<p><span style=\"font-size: medium;\">Las obras fueron encargadas al propio artista \u00a0por Jos\u00e9 Luis \u201cEl escayolista\u201d, una persona implicada e interesada por la cultura en toda la extensi\u00f3n de la palabra. Lamentablemente todos acabamos en la fosa y, es angosta. No caben nuestras obras\u00a0 &#8211; ni bienes- en la caja, mucho menos si miden \u00a01,68 metrosde altura por 4,25 de anchura.<\/span><\/p>\n<p><span style=\"font-size: medium;\">La familia del desaparecido -en un gesto que le honra- \u00a0ha decidido donar a su Ayuntamiento algunas obras. Hasta aqu\u00ed todo normal. El problema comienza cuando revisamos los \u201cantecedentes\u201d de los responsables culturales del Ayuntamiento de Calahorra (receptor de las mismas). Unos antecedentes que son para echarse a temblar.<\/span><\/p>\n<p><span style=\"font-size: medium;\">Tras la solemne recepci\u00f3n de las obras, escenificada en una foto con las donantes, el alcalde Pagola y el concejal de cultura \u2013 Jos\u00e9 Iba\u00f1ez- manifestaron que: <em>\u201cEl lugar que ocupar\u00e1n los murales, de 1,68 metros de altura por 4,25 de anchura, no est\u00e1 concretado todav\u00eda. <strong>\u00abEstamos barajando un\u00a0 <\/strong><\/em><\/span><span style=\"font-size: medium;\"><em><strong>par de sitios y en breve lo decidiremos\u00bb,<\/strong> explic\u00f3 ayer el edil de Cultura, Jos\u00e9 Ib\u00e1\u00f1ez.\u201d<\/em>\u00a0 <\/span><\/p>\n<p><span style=\"font-size: medium;\">Lo que traducido al castellano, tal y como hemos comprobado en m\u00faltiples ocasiones, puede suponer que corran la misma suerte que las celos\u00edas del Puente de Hierro de La Catedral, que tambi\u00e9n se iban a restaurar y colocar en \u201cno s\u00e9 donde\u201d y, \u00a0llevan casi quince a\u00f1o oxid\u00e1ndose en un foso al aire libre.<\/span><\/p>\n<p><span style=\"font-size: medium;\">Qu\u00e9 decir del destino sufrido por otras piezas donadas por particulares, que seg\u00fan Iba\u00f1ez iban a formar parte de alguno de los muchos museos fantasmas que solo existen en su cabeza.<\/span><\/p>\n<p><span style=\"font-size: medium;\">O qu\u00e9 decir \u2013 tambi\u00e9n- \u00a0de aquel Friso que adornaba la fachada de IBERCAJA y fue donado al Ayuntamiento\u2026Recuerdan:<\/span><\/p>\n<p><span style=\"font-size: medium;\">\u00a0\u00a0\u00a0\u00a0\u00a0\u00a0\u00a0\u00a0\u00a0\u00a0\u00a0\u00a0\u00a0\u00a0\u00a0\u00a0\u00a0\u00a0\u00a0\u00a0\u00a0\u00a0\u00a0\u00a0\u00a0\u00a0\u00a0\u00a0\u00a0\u00a0\u00a0\u00a0\u00a0\u00a0\u00a0\u00a0\u00a0\u00a0\u00a0\u00a0\u00a0\u00a0 <a href=\"\/voc-migration\/endpointsite\/wp-content\/uploads\/sites\/159\/2013\/03\/Diario-La-Rioja.-15-de-febrero-de-2.008.jpg\"><img loading=\"lazy\" class=\"alignright size-full wp-image-1428\" title=\"KONICA MINOLTA DIGITAL CAMERA\" src=\"\/voc-migration\/endpointsite\/wp-content\/uploads\/sites\/159\/2013\/03\/Diario-La-Rioja.-15-de-febrero-de-2.008.jpg\" alt=\"\" width=\"409\" height=\"336\" srcset=\"https:\/\/static-blogs.larioja.com\/wp-content\/uploads\/sites\/159\/2013\/03\/Diario-La-Rioja.-15-de-febrero-de-2.008.jpg 409w, https:\/\/static-blogs.larioja.com\/wp-content\/uploads\/sites\/159\/2013\/03\/Diario-La-Rioja.-15-de-febrero-de-2.008-300x246.jpg 300w\" sizes=\"(max-width: 409px) 100vw, 409px\" \/><\/a>Corr\u00eda el a\u00f1o 2.008, cuando la Asociaci\u00f3n de Amigos de la Historia de Calahorra dio la voz de alarma sobre un elemento art\u00edstico -de importancia en la ciudad- que se encontraba pr\u00f3ximo a desaparecer. Se trataba de un interesante relieve escult\u00f3rico, obra del escultor catal\u00e1n \u00a0Eduardo Alfonso Cun\u00ed , que adornaba la fachada principal de la oficina de IBERCAJA en el paseo del Mercadal. Una alegor\u00eda al trabajo agr\u00edcola y al ahorro, fechado en los a\u00f1os 60.\u00a0 <\/span><span style=\"font-size: medium;\">Ante la alarma social despertada por esta asociaci\u00f3n, el Ayuntamiento de Calahorra entr\u00f3 en escena por boca de su concejal de cultura, el Sr., Jos\u00e9 Ib\u00e1\u00f1ez, afirmando que ya estaban al tanto de esta obra con anterioridad y se comprometi\u00f3 a colocar el friso en otro lugar. Diario La Rioja en su edici\u00f3n del 15 de febrero de 2.008, recoge profusamente las declaraciones de Ib\u00e1\u00f1ez y de Jos\u00e9 Luis Cinca al respecto.<\/span><\/p>\n<p><span style=\"font-size: medium;\">Han transcurrido ya cinco a\u00f1os de aquello y el friso descansa pl\u00e1cidamente en el sue\u00f1o de los justos, esperamos que en el parque de obras bien resguardado para que no se estropee. De momento -a d\u00eda de hoy- no se ha reubicado en ninguna parte. \u00a0<\/span><\/p>\n<p>&nbsp;<\/p>\n<p><span style=\"font-size: medium;\">Pero la lista de donaciones perdidas, olvidadas o desaparecidas, es interminable\u2026Casi tan interminable como los fiascos culturales de estas dos \u00faltimas d\u00e9cadas. Desde la desaparici\u00f3n de muy importantes restos arqueol\u00f3gicos, como el Cerro del Sorb\u00e1n, las ruinas romanas del ARCCA\u2026 la desaparici\u00f3n f\u00edsica del Museo Municipal, el abandono de las Cloacas, el tremendo \u2013 e in\u00fatil- \u00a0despilfarro perpetrado en el yacimiento romano de \u201cla Cl\u00ednica\u201d, el monumental fracaso del Museo de la Verdura, o la situaci\u00f3n francamente lamentable del edificio de \u201clos Deanes\u201d (en la calle Mediavilla), que tambi\u00e9n \u00a0fue donado al Ayuntamiento en 1998, y tras gastarse 127 millones de las antiguas pesetas en su restauraci\u00f3n, est\u00e1 hecho unos zorros y nunca se ha utilizado para nada.<\/span><\/p>\n<p><span style=\"font-size: medium;\">Por cierto\u2026En Tailandia se comen a los perros.<\/span><\/p>\n","protected":false},"excerpt":{"rendered":"<p>&nbsp; &nbsp; \u00bfDejar\u00eda Usted a su perro al cuidado del gerente de una carnicer\u00eda \u00a0Tailandesa? . Ayer fue \u00a0noticia que la familia de un se\u00f1or fallecido recientemente, sin herederos directos (hijos), ha puesto en manos de su Ayuntamiento \u2013a modo de donaci\u00f3n- unas importantes obras de arte, cuya importancia se interpreta desde dos \u00e1ngulos diferentes. [&hellip;]<\/p>\n","protected":false},"author":8872,"featured_media":0,"comment_status":"open","ping_status":"closed","sticky":false,"template":"","format":"standard","meta":[],"categories":[1],"tags":[240,703,920,931,1172,1175,1397,1405,1901,1913],"_links":{"self":[{"href":"https:\/\/blogs.larioja.com\/insolencias\/wp-json\/wp\/v2\/posts\/1425"}],"collection":[{"href":"https:\/\/blogs.larioja.com\/insolencias\/wp-json\/wp\/v2\/posts"}],"about":[{"href":"https:\/\/blogs.larioja.com\/insolencias\/wp-json\/wp\/v2\/types\/post"}],"author":[{"embeddable":true,"href":"https:\/\/blogs.larioja.com\/insolencias\/wp-json\/wp\/v2\/users\/8872"}],"replies":[{"embeddable":true,"href":"https:\/\/blogs.larioja.com\/insolencias\/wp-json\/wp\/v2\/comments?post=1425"}],"version-history":[{"count":0,"href":"https:\/\/blogs.larioja.com\/insolencias\/wp-json\/wp\/v2\/posts\/1425\/revisions"}],"wp:attachment":[{"href":"https:\/\/blogs.larioja.com\/insolencias\/wp-json\/wp\/v2\/media?parent=1425"}],"wp:term":[{"taxonomy":"category","embeddable":true,"href":"https:\/\/blogs.larioja.com\/insolencias\/wp-json\/wp\/v2\/categories?post=1425"},{"taxonomy":"post_tag","embeddable":true,"href":"https:\/\/blogs.larioja.com\/insolencias\/wp-json\/wp\/v2\/tags?post=1425"}],"curies":[{"name":"wp","href":"https:\/\/api.w.org\/{rel}","templated":true}]}}