{"id":1432,"date":"2013-03-30T14:31:20","date_gmt":"2013-03-30T12:31:20","guid":{"rendered":"http:\/\/blogs.larioja.com\/insolencias\/?p=1432"},"modified":"2013-03-30T14:31:20","modified_gmt":"2013-03-30T12:31:20","slug":"apartheid-en-la-d-o-c-del-vino-de-rioja","status":"publish","type":"post","link":"https:\/\/blogs.larioja.com\/insolencias\/2013\/03\/30\/apartheid-en-la-d-o-c-del-vino-de-rioja\/","title":{"rendered":"Apartheid en la D.O.C. del vino de Rioja"},"content":{"rendered":"<p>&nbsp;<\/p>\n<p>&nbsp;<\/p>\n<p><span style=\"font-size: medium;\"><a href=\"\/voc-migration\/endpointsite\/wp-content\/uploads\/sites\/159\/2013\/03\/IMG_7015.jpg\"><img loading=\"lazy\" class=\"alignright size-full wp-image-1433\" title=\"El mapa del apartheid\" src=\"\/voc-migration\/endpointsite\/wp-content\/uploads\/sites\/159\/2013\/03\/IMG_7015.jpg\" alt=\"\" width=\"640\" height=\"388\" srcset=\"https:\/\/static-blogs.larioja.com\/wp-content\/uploads\/sites\/159\/2013\/03\/IMG_7015.jpg 640w, https:\/\/static-blogs.larioja.com\/wp-content\/uploads\/sites\/159\/2013\/03\/IMG_7015-300x182.jpg 300w\" sizes=\"(max-width: 640px) 100vw, 640px\" \/><\/a>Lo ten\u00edan en secreto, tal vez\u00a0porque les daba verg\u00fcenza contarlo.<\/span><\/p>\n<p><span style=\"font-size: medium;\">Se ha destapado el mayor secreto de la candidatura (ante la UNESCO) \u00a0de La Rioja para la declaraci\u00f3n de los vi\u00f1edos de la Denominci\u00f3n de Origen Calificada \u201cRioja\u201d , como \u201cPatrimonio Mundial de la Humanidad\u201d y, ese secreto tan celosamente guardado no era otro que la sorprendente delimitaci\u00f3n de la zona impulsada por el Gobierno del Partido Popular. Una delimitaci\u00f3n que deja fuera \u00a0(de promoci\u00f3n tur\u00edstica y econ\u00f3mica) \u00a0al 90% de la superficie del territorio acogido a la actual Denominaci\u00f3n de Origen Calificada Rioja.<\/span><\/p>\n<p><span style=\"font-size: medium;\">Seg\u00fan refleja<a href=\"http:\/\/www.elcorreo.com\/alava\/20130319\/local\/paisaje-vino-rioja-alavsa-201303191323.html\"> la prensa alavesa<\/a>, La candidatura presentada por los Gobiernos riojano y vasco recoge la excepcionalidad cultural del paisaje conformado por los espacios de una zona singular desde un punto de vista hist\u00f3rico, geogr\u00e1fico y cultural, como es La Rioja y Rioja Alavesa. Esta zona es an\u00e1loga a otros paisajes culturales, como los de la regi\u00f3n vitivin\u00edcola de Tokay (Hungr\u00eda), la zona de Saint-Emilion (Francia) y de la regi\u00f3n vit\u00edcola del Alto Duero (Portugal),<\/span><\/p>\n<p><span style=\"font-size: medium;\">Con esta sorprendente propuesta se pretende crear una \u201ccategor\u00eda especial\u201d dentro de otra. Un club \u201cVIP\u201d, cuyos criterios\u00a0parecen inconsistentes y est\u00e1n poco claros.<\/span><\/p>\n<p><span style=\"font-size: medium;\">Al contrario de lo sucedido cuando el Gobierno de La Rioja impuls\u00f3 la declaraci\u00f3n -por parte de la UNESCO- de la Reserva de la Biosfera de las sierras riojanas, \u00a0(que inclu\u00eda todas los espacios de monta\u00f1a de La Rioja suroriental, que todav\u00eda no estaban acogidos a protecci\u00f3n ambiental),\u00a0 el min\u00fasculo y elitista espacio inventado para \u201cLos Paisajes del Vino\u201d es extra\u00f1o e insuficiente y parece <em><strong>delimitado m\u00e1s bien con criterios geopol\u00edticos<\/strong><\/em> que pensando en un beneficio para los paisajes vitivin\u00edcolas de La Rioja.<\/span><\/p>\n<p><span style=\"font-size: medium;\">El Gobierno de La Rioja \u2013 con esta propuesta \u2013 crea un\u00a0apartheid dentro del \u00e1mbito de la Denominaci\u00f3n de Origen Calificada Rioja en el que consiente \u2013incluso- que territorios de Euzkadi \u2013 leg\u00edtimamente adscritos a la D.O.C.- queden privilegiados sobre otros de \u00a0nuestra Comunidad Aut\u00f3noma, cuya tradici\u00f3n vitivin\u00edcola es \u2013 al menos- tan arraigada como la que m\u00e1s.<\/span><\/p>\n<p><span style=\"font-size: medium;\">En esta ocasi\u00f3n el ejecutivo de Pedro Sanz no ha tenido prejuicios para urdir a escondidas \u00a0-junto con el Gobierno del \u00a0Pa\u00eds Vasco- \u00a0un proyecto de promoci\u00f3n econ\u00f3mica ( de lo que en esencia se trata) \u00a0que premia a terrenos de nuestros vecinos frente a los nuestros.<\/span><\/p>\n<p><span style=\"font-size: medium;\">Una separaci\u00f3n clasista que terminar\u00e1 afectando a la marca Rioja\u201d, creando artificialmente un problema donde no exist\u00eda. Impulsando tur\u00edstica y econ\u00f3micamente \u00a0una min\u00fascula parte de la Denominaci\u00f3n de Origen Calificada frente al resto.<\/span><\/p>\n<p><span style=\"font-size: medium;\">\u00a0\u00a0\u00a0\u00a0\u00a0\u00a0\u00a0\u00a0\u00a0\u00a0\u00a0\u00a0\u00a0\u00a0\u00a0\u00a0\u00a0\u00a0 No se puede ser tan inconsciente de \u201cmalmeter\u201d en el n\u00facleo de un sector tan sensible y estrat\u00e9gico para La Rioja como el vitivin\u00edcola, destrozando una trayectoria de uniformidad \u00a0seriamente consolidada durante d\u00e9cadas, presentando un proyecto cuya mayor virtud ser\u00e1 la promoci\u00f3n de una parte de la Denominaci\u00f3n Calificada Rioja frente al resto de la misma.<\/span><\/p>\n<p><span style=\"font-size: medium;\">En esencia, la candidatura de los Paisajes del Vino -dise\u00f1ada por el Partido Popular- busca premiar artificialmente un espacio reducido del territorio, que ya cuenta con unos alicientes importantes ajenos a cualquier impulso artificial. Obviando de forma inconsciente, que esa promoci\u00f3n puede ser altamente perjudicial para otras zonas vitivin\u00edcolas, que como en el caso de la Rioja Media, Rioja Baja, \u00a0o la parte de Navarra incluida en la Denominaci\u00f3n de Origen Calificada ,quedan con esta propuesta \u00a0totalmente excluidas del club.<\/span><\/p>\n<p><span style=\"font-size: medium;\">No tardando mucho, comenzaremos a ver en las etiquetas de determinados vinos de la Denominaci\u00f3n de Origen Calificada \u00a0Rioja, alg\u00fan tipo de sello distintivo de los \u201cPaisajes del Vino\u201d que ayude al consumidor a elegir un caldo frente a otro no incluido en el selecto club.<\/span><\/p>\n<p><span style=\"font-size: medium;\">El Partido Popular juega a lo de siempre, a dividir y a premiar a los m\u00e1s privilegiados.<\/span><\/p>\n<p><span style=\"font-size: medium;\">Y, \u00a0\u00bfqu\u00e9 opinar\u00e1n de este asunto en el Consejo Regulador de la Denominaci\u00f3n de Origen Calificada Rioja&#8230;En la interprofesional, los sindicatos agrarios y las bodegas de casi toda La Rioja, \u00a0que quedan excluidas por el apartheid\u00a0 que supone esta declaraci\u00f3n?<\/span><\/p>\n","protected":false},"excerpt":{"rendered":"<p>&nbsp; &nbsp; Lo ten\u00edan en secreto, tal vez\u00a0porque les daba verg\u00fcenza contarlo. Se ha destapado el mayor secreto de la candidatura (ante la UNESCO) \u00a0de La Rioja para la declaraci\u00f3n de los vi\u00f1edos de la Denominci\u00f3n de Origen Calificada \u201cRioja\u201d , como \u201cPatrimonio Mundial de la Humanidad\u201d y, ese secreto tan celosamente guardado no era [&hellip;]<\/p>\n","protected":false},"author":8872,"featured_media":0,"comment_status":"open","ping_status":"closed","sticky":false,"template":"","format":"standard","meta":[],"categories":[1],"tags":[301,505,607,988,989,1121,1489,1503,1517,1668,1980],"_links":{"self":[{"href":"https:\/\/blogs.larioja.com\/insolencias\/wp-json\/wp\/v2\/posts\/1432"}],"collection":[{"href":"https:\/\/blogs.larioja.com\/insolencias\/wp-json\/wp\/v2\/posts"}],"about":[{"href":"https:\/\/blogs.larioja.com\/insolencias\/wp-json\/wp\/v2\/types\/post"}],"author":[{"embeddable":true,"href":"https:\/\/blogs.larioja.com\/insolencias\/wp-json\/wp\/v2\/users\/8872"}],"replies":[{"embeddable":true,"href":"https:\/\/blogs.larioja.com\/insolencias\/wp-json\/wp\/v2\/comments?post=1432"}],"version-history":[{"count":0,"href":"https:\/\/blogs.larioja.com\/insolencias\/wp-json\/wp\/v2\/posts\/1432\/revisions"}],"wp:attachment":[{"href":"https:\/\/blogs.larioja.com\/insolencias\/wp-json\/wp\/v2\/media?parent=1432"}],"wp:term":[{"taxonomy":"category","embeddable":true,"href":"https:\/\/blogs.larioja.com\/insolencias\/wp-json\/wp\/v2\/categories?post=1432"},{"taxonomy":"post_tag","embeddable":true,"href":"https:\/\/blogs.larioja.com\/insolencias\/wp-json\/wp\/v2\/tags?post=1432"}],"curies":[{"name":"wp","href":"https:\/\/api.w.org\/{rel}","templated":true}]}}