{"id":1445,"date":"2013-04-08T18:16:34","date_gmt":"2013-04-08T16:16:34","guid":{"rendered":"http:\/\/blogs.larioja.com\/insolencias\/?p=1445"},"modified":"2013-04-08T18:16:34","modified_gmt":"2013-04-08T16:16:34","slug":"no-molestaras-a-los-politicos","status":"publish","type":"post","link":"https:\/\/blogs.larioja.com\/insolencias\/2013\/04\/08\/no-molestaras-a-los-politicos\/","title":{"rendered":"No molestar\u00e1s, (a los pol\u00edticos)"},"content":{"rendered":"<p><span style=\"font-size: medium;\"><a href=\"\/voc-migration\/endpointsite\/wp-content\/uploads\/sites\/159\/2013\/04\/Menuda-ropa1.jpg\"><img loading=\"lazy\" class=\"alignleft size-full wp-image-1447\" title=\"Menuda ropa\" src=\"\/voc-migration\/endpointsite\/wp-content\/uploads\/sites\/159\/2013\/04\/Menuda-ropa1.jpg\" alt=\"\" width=\"400\" height=\"266\" srcset=\"https:\/\/static-blogs.larioja.com\/wp-content\/uploads\/sites\/159\/2013\/04\/Menuda-ropa1.jpg 400w, https:\/\/static-blogs.larioja.com\/wp-content\/uploads\/sites\/159\/2013\/04\/Menuda-ropa1-300x200.jpg 300w\" sizes=\"(max-width: 400px) 100vw, 400px\" \/><\/a>En el \u00a0Partido Popular andan \u00faltimamente molestos y, \u00a0a ellos les gusta precisamente \u00a0lo contrario. Les encanta caminar ufanos entre las masas enfervorizadas de amigos agradecidos. Pero el gamell\u00f3n est\u00e1\u00a0vac\u00edo y ya no hay pan para tanto hambriento. El carnet del PP\u00a0hace mucho que\u00a0ya no garantiza empleo ni sustento.<\/span><\/p>\n<p><span style=\"font-size: medium;\">Se viven otros tiempos en los que la gente cuestiona comportamientos y tambi\u00e9n posturas ante los verdaderos problemas sociales.<\/span><\/p>\n<p><span style=\"font-size: medium;\">Por eso a quienes &#8211; desde la calle- osan poner estas conductas en evidencia se les criminaliza y, \u00a0no dudan en llamar \u201cterroristas\u201d a quienes lo \u00fanico que reclaman es que se cumpla la Constituci\u00f3n Espa\u00f1ola\u2026\u00a1 No ser\u00e1 tanto pedir!.<\/span><\/p>\n<p><span style=\"font-size: medium;\">\u00a0\u00a0\u00a0\u00a0\u00a0\u00a0\u00a0\u00a0\u00a0\u00a0\u00a0\u00a0\u00a0\u00a0\u00a0\u00a0\u00a0\u00a0\u00a0\u00a0\u00a0\u00a0\u00a0 Repugnan especialmente los\u00a0fariseos como Esteban Gonz\u00e1lez Pons, que con sus\u00a0contrastadas\u00a0\u00a0facultades ambidiestras; \u00a0lo mismo tiene rostro para \u00a0firmar contratos con el Instituto NOOS,\u00a0 que se come una paella con Rita Barber\u00e1 o le plancha los trajes a Camps\u2026Que \u00a0cada fin de semana -que le toca de guardia- \u00a0nos castiga el intelecto con sus enlatados pareados, haci\u00e9ndose la victima y el \u201cSalvapatrias\u201d. \u00a0Un Pons que con fluidez desaloja todo lo que su cuerpo supura a trav\u00e9s de la cloaca que tiene por boca.<a href=\"\/voc-migration\/endpointsite\/wp-content\/uploads\/sites\/159\/2013\/04\/Si-se-puede.jpg\"><img loading=\"lazy\" class=\"alignright size-full wp-image-1448\" title=\"Si se puede\" src=\"\/voc-migration\/endpointsite\/wp-content\/uploads\/sites\/159\/2013\/04\/Si-se-puede.jpg\" alt=\"\" width=\"318\" height=\"143\" srcset=\"https:\/\/static-blogs.larioja.com\/wp-content\/uploads\/sites\/159\/2013\/04\/Si-se-puede.jpg 318w, https:\/\/static-blogs.larioja.com\/wp-content\/uploads\/sites\/159\/2013\/04\/Si-se-puede-300x135.jpg 300w\" sizes=\"(max-width: 318px) 100vw, 318px\" \/><\/a><\/span><\/p>\n<p><span style=\"font-size: medium;\">Le duele especialmente a este\u00a0se\u00f1or (y a otros de su cala\u00f1a) \u00a0las movilizaciones sociales de quienes no est\u00e1n de acuerdo con que los bancos rescatados -con su dinero- luego les echen a la puta calle por dejar de pagar una letra y, \u00a0con la desagradable propina de tener \u2013encima- que seguir pagando a los \u00a0que les han desahuciado, una vivienda que estos intentar\u00e1n vender nuevamente a otra familia atrapada en el sistema.<\/span><\/p>\n<p><span style=\"font-size: medium;\">No quieren que los ciudadanos les reprochen su falta de empat\u00eda, su ausencia de solidaridad y su lejan\u00eda con los problemas de una gente, a la que se supone est\u00e1n representando.<\/span><\/p>\n<p><span style=\"font-size: medium;\">Como escudo contra los que reclaman la <strong>\u201cdaci\u00f3n en pago\u201d<\/strong>, el Partido Popular utiliza el insulto, el descr\u00e9dito y la calumnia. Tambi\u00e9n una Constituci\u00f3n que consideran dolom\u00edtica cuando legitima y brinda fuero a quienes ejercemos libremente la pol\u00edtica, pero que usan a modo de papel higi\u00e9nico cuando llega el art\u00edculo 47:<\/span><\/p>\n<p><span style=\"font-size: small;\"><em>\u00a0\u00a0\u00a0\u00a0\u00a0\u00a0\u00a0\u00a0\u00a0\u00a0\u00a0\u00a0\u00a0\u00a0\u00a0\u00a0\u00a0\u00a0\u00a0\u00a0\u00a0\u00a0\u00a0\u00a0\u00a0\u00a0\u00a0\u00a0\u00a0\u00a0\u00a0\u00a0\u00a0\u00a0\u00a0 &#8220;Todos los espa\u00f1oles tienen derecho a disfrutar de una vivienda digna y adecuada. <strong><span style=\"text-decoration: underline;\">Los poderes p\u00fablicos promover\u00e1n las condiciones necesarias y establecer\u00e1n las normas pertinentes para hacer efectivo este derecho<\/span><\/strong>, regulando la utilizaci\u00f3n del suelo de acuerdo con el inter\u00e9s general para impedir la especulaci\u00f3n. La comunidad participar\u00e1 en las plusval\u00edas que genere la acci\u00f3n urban\u00edstica de los entes p\u00fablicos.&#8221;<\/em><\/span><\/p>\n<p>&nbsp;<\/p>\n","protected":false},"excerpt":{"rendered":"<p>En el \u00a0Partido Popular andan \u00faltimamente molestos y, \u00a0a ellos les gusta precisamente \u00a0lo contrario. Les encanta caminar ufanos entre las masas enfervorizadas de amigos agradecidos. Pero el gamell\u00f3n est\u00e1\u00a0vac\u00edo y ya no hay pan para tanto hambriento. El carnet del PP\u00a0hace mucho que\u00a0ya no garantiza empleo ni sustento. Se viven otros tiempos en los [&hellip;]<\/p>\n","protected":false},"author":8872,"featured_media":0,"comment_status":"open","ping_status":"closed","sticky":false,"template":"","format":"standard","meta":[],"categories":[1],"tags":[580,823,1037,1638,1915],"_links":{"self":[{"href":"https:\/\/blogs.larioja.com\/insolencias\/wp-json\/wp\/v2\/posts\/1445"}],"collection":[{"href":"https:\/\/blogs.larioja.com\/insolencias\/wp-json\/wp\/v2\/posts"}],"about":[{"href":"https:\/\/blogs.larioja.com\/insolencias\/wp-json\/wp\/v2\/types\/post"}],"author":[{"embeddable":true,"href":"https:\/\/blogs.larioja.com\/insolencias\/wp-json\/wp\/v2\/users\/8872"}],"replies":[{"embeddable":true,"href":"https:\/\/blogs.larioja.com\/insolencias\/wp-json\/wp\/v2\/comments?post=1445"}],"version-history":[{"count":0,"href":"https:\/\/blogs.larioja.com\/insolencias\/wp-json\/wp\/v2\/posts\/1445\/revisions"}],"wp:attachment":[{"href":"https:\/\/blogs.larioja.com\/insolencias\/wp-json\/wp\/v2\/media?parent=1445"}],"wp:term":[{"taxonomy":"category","embeddable":true,"href":"https:\/\/blogs.larioja.com\/insolencias\/wp-json\/wp\/v2\/categories?post=1445"},{"taxonomy":"post_tag","embeddable":true,"href":"https:\/\/blogs.larioja.com\/insolencias\/wp-json\/wp\/v2\/tags?post=1445"}],"curies":[{"name":"wp","href":"https:\/\/api.w.org\/{rel}","templated":true}]}}