{"id":146,"date":"2009-10-27T00:05:00","date_gmt":"2009-10-27T00:05:00","guid":{"rendered":"http:\/\/blogs.larioja.com\/insolencias\/?p=146"},"modified":"2009-10-27T00:05:00","modified_gmt":"2009-10-27T00:05:00","slug":"sor-tamiflu","status":"publish","type":"post","link":"https:\/\/blogs.larioja.com\/insolencias\/2009\/10\/27\/sor-tamiflu\/","title":{"rendered":"Sor tamiflu."},"content":{"rendered":"<p><P class=MsoNormal style=\"MARGIN: 0cm 0cm 0pt\"><SPAN style=\"FONT-SIZE: 16pt\"><FONT face=\"Times New Roman\"><IMG class=imgizqda id=img_0 src=\"https:\/\/blogs.larioja.com\/insolencias\/files\/Monjatamifl\u00fa.jpg\">En esta misma semana se va a comenzar la vacunaci\u00f3n masiva en los EEUU, as\u00ed como en otros pa\u00edses del hemisferio norte, de millones de personas contra la gripe A. <?xml:namespace prefix = o ns = \"urn:schemas-microsoft-com:office:office\" \/><o:p><\/o:p><\/FONT><\/SPAN><\/p>\n<p> <P class=MsoNormal style=\"MARGIN: 0cm 0cm 0pt\"><SPAN style=\"FONT-SIZE: 16pt\"><FONT face=\"Times New Roman\">En Espa\u00f1a se supone que el gobierno tambi\u00e9n pretende grandes vacunaciones, pero son muchas las voces que se pronuncian contra la vacunaci\u00f3n y clamorosos los silencios de quienes presuntamente deber\u00edan con su ejemplo animar a tal vacunaci\u00f3n. Los m\u00e9dicos y dem\u00e1s personal sanitario (pese a su supuesto mayor riesgo) no se vacunar\u00e1n. Se estima que solo un 20% de ellos lo har\u00e1. Lo cual no deja de parecer sorprendente. <o:p><\/o:p><\/FONT><\/SPAN><\/p>\n<p> <P class=MsoNormal style=\"MARGIN: 0cm 0cm 0pt\"><SPAN style=\"FONT-SIZE: 16pt\"><FONT face=\"Times New Roman\">Este particular crea dudas importantes ante los ciudadanos \u00bfPor qu\u00e9 no se vacunan los m\u00e9dicos, si son los que mayor riesgo tienen de contagiarse del virus de la nueva gripe?<o:p><\/o:p><\/FONT><\/SPAN><\/p>\n<p> <P class=MsoNormal style=\"MARGIN: 0cm 0cm 0pt\"><SPAN style=\"FONT-SIZE: 16pt\"><FONT face=\"Times New Roman\">Y por si esto no fuera ya suficiente factor de desconfianza ante la dichosa vacuna, aparece la religiosa (monja benedictina del monasterio de Montserrat) que recorre todo el Internet conocido, promulgando la no vacunaci\u00f3n como decisi\u00f3n m\u00e1s cabal.<o:p><\/o:p><\/FONT><\/SPAN><\/p>\n<p> <P class=MsoNormal style=\"MARGIN: 0cm 0cm 0pt\"><SPAN style=\"FONT-SIZE: 16pt\"><FONT face=\"Times New Roman\">Teresa Forcades, es una religiosa de 43 a\u00f1os, al parecer doctora en medicina y adem\u00e1s te\u00f3loga feminista. No s\u00e9 yo si es muy compatible la teolog\u00eda y el feminismo\u2026.pero bueno. La monja se descarga con credibilidad y docencia en un corto v\u00eddeo en el cual se recomienda la no vacunaci\u00f3n.<o:p><\/o:p><\/FONT><\/SPAN><\/p>\n<p> <P class=MsoNormal style=\"MARGIN: 0cm 0cm 0pt\"><SPAN style=\"FONT-SIZE: 16pt\"><FONT face=\"Times New Roman\">Es Espa\u00f1a un pa\u00eds en el cual se arrastra una gran resistencia -y reticencia- <SPAN style=\"mso-spacerun: yes\"><\/SPAN>a las vacunas\u2026a vacunarnos. Despu\u00e9s del ejemplo de los profesionales de la medicina, y de los alegatos telem\u00e1ticos de la monja \u201cantiviral\u201d, nos quedan pocas ganas de vacunas\u2026<o:p><\/o:p><\/FONT><\/SPAN><\/p>\n<p> <P class=MsoNormal style=\"MARGIN: 0cm 0cm 0pt\"><SPAN style=\"FONT-SIZE: 16pt\"><FONT face=\"Times New Roman\">vamos, <SPAN style=\"mso-spacerun: yes\"><\/SPAN>que yo no me voy a vacunar. Paso de la vacuna\u2026<o:p><\/o:p><\/FONT><\/SPAN><\/p>\n<p> <P class=MsoNormal style=\"MARGIN: 0cm 0cm 0pt\"><SPAN style=\"FONT-SIZE: 16pt\"><o:p><FONT face=\"Times New Roman\"><\/FONT><\/o:p><\/SPAN><\/p>\n<p><SPAN class=font-georgia><SPAN style=\"FONT-SIZE: 16pt\"><A href=\"http:\/\/www.buscatv.net\/2009\/10\/video-gripe-monja-campanas.html\"><FONT face=\"Times New Roman\">http:\/\/www.buscatv.net\/2009\/10\/video-gripe-monja-campanas.html<\/FONT><\/A><o:p><\/o:p><\/SPAN><\/SPAN><\/p>\n","protected":false},"excerpt":{"rendered":"<p>En esta misma semana se va a comenzar la vacunaci\u00f3n masiva en los EEUU, as\u00ed como en otros pa\u00edses del hemisferio norte, de millones de personas contra la gripe A. En Espa\u00f1a se supone que el gobierno tambi\u00e9n pretende grandes vacunaciones, pero son muchas las voces que se pronuncian contra la vacunaci\u00f3n y clamorosos los [&hellip;]<\/p>\n","protected":false},"author":8872,"featured_media":0,"comment_status":"open","ping_status":"closed","sticky":false,"template":"","format":"standard","meta":[],"categories":[1],"tags":[1011,1373,1896,1996],"_links":{"self":[{"href":"https:\/\/blogs.larioja.com\/insolencias\/wp-json\/wp\/v2\/posts\/146"}],"collection":[{"href":"https:\/\/blogs.larioja.com\/insolencias\/wp-json\/wp\/v2\/posts"}],"about":[{"href":"https:\/\/blogs.larioja.com\/insolencias\/wp-json\/wp\/v2\/types\/post"}],"author":[{"embeddable":true,"href":"https:\/\/blogs.larioja.com\/insolencias\/wp-json\/wp\/v2\/users\/8872"}],"replies":[{"embeddable":true,"href":"https:\/\/blogs.larioja.com\/insolencias\/wp-json\/wp\/v2\/comments?post=146"}],"version-history":[{"count":0,"href":"https:\/\/blogs.larioja.com\/insolencias\/wp-json\/wp\/v2\/posts\/146\/revisions"}],"wp:attachment":[{"href":"https:\/\/blogs.larioja.com\/insolencias\/wp-json\/wp\/v2\/media?parent=146"}],"wp:term":[{"taxonomy":"category","embeddable":true,"href":"https:\/\/blogs.larioja.com\/insolencias\/wp-json\/wp\/v2\/categories?post=146"},{"taxonomy":"post_tag","embeddable":true,"href":"https:\/\/blogs.larioja.com\/insolencias\/wp-json\/wp\/v2\/tags?post=146"}],"curies":[{"name":"wp","href":"https:\/\/api.w.org\/{rel}","templated":true}]}}