{"id":148,"date":"2009-11-02T22:45:00","date_gmt":"2009-11-02T22:45:00","guid":{"rendered":"http:\/\/blogs.larioja.com\/insolencias\/?p=148"},"modified":"2009-11-02T22:45:00","modified_gmt":"2009-11-02T22:45:00","slug":"condenados-pena-telediario","status":"publish","type":"post","link":"https:\/\/blogs.larioja.com\/insolencias\/2009\/11\/02\/condenados-pena-telediario\/","title":{"rendered":"Condenados a pena de Telediario."},"content":{"rendered":"<p><P class=MsoNormal style=\"MARGIN: 0cm 0cm 0pt\"><SPAN style=\"FONT-SIZE: 18pt\"><?xml:namespace prefix = o ns = \"urn:schemas-microsoft-com:office:office\" \/><o:p><FONT face=\"Times New Roman\"><IMG class=imgdcha id=img_0 src=\"https:\/\/blogs.larioja.com\/insolencias\/files\/esposada.jpg\"> <\/FONT><\/o:p><\/SPAN><\/p>\n<p> <P class=MsoNormal style=\"MARGIN: 0cm 0cm 0pt\"><SPAN style=\"FONT-SIZE: 18pt\"><FONT face=\"Times New Roman\">En Catalu\u00f1a no ha sentado nada bien \u2013en determinados sectores- ver por televisi\u00f3n a los implicados en el caso \u201cPretoria\u201d, alcalde y concejal de urbanismo del PSC y ex consejeros de CIU, esposados y recogiendo sus pertenencias en bolsas de pl\u00e1stico, en lo que el diario La Vanguardia llam\u00f3<SPAN style=\"mso-spacerun: yes\"> <\/SPAN>\u201cPena de Telediario\u201d. Pero a m\u00ed -la verdad sea dicha- no me result\u00f3 la imagen desmedida. <o:p><\/o:p><\/FONT><\/SPAN><\/p>\n<p> <P class=MsoNormal style=\"MARGIN: 0cm 0cm 0pt\"><SPAN style=\"FONT-SIZE: 18pt\"><FONT face=\"Times New Roman\">Supongo que existir\u00e1 un protocolo de actuaci\u00f3n para trasladar a los presuntos delincuentes ante el juez, o de una a otra dependencia policial. <\/FONT><\/SPAN><SPAN style=\"FONT-SIZE: 18pt\"><FONT face=\"Times New Roman\">Si existe, \u00e9ste dispondr\u00e1 de qu\u00e9 manera han de ser trasladados\u2026esposados o divorciados.<o:p><\/o:p><\/FONT><\/SPAN><\/p>\n<p> <P class=MsoNormal style=\"MARGIN: 0cm 0cm 0pt\"><SPAN style=\"FONT-SIZE: 18pt\"><FONT face=\"Times New Roman\">Si el que se traslada<SPAN style=\"mso-spacerun: yes\"> <\/SPAN>es un desgraciado \u201cecon\u00f3micamente hablando\u201d<SPAN style=\"mso-spacerun: yes\"> <\/SPAN>nadie se ofende de verlo esposado ante las c\u00e1maras. Si es un presunto ladr\u00f3n de guante blanco y pol\u00edtico\u2026la cosa cambia. <\/FONT><\/SPAN><\/p>\n<p> <P class=MsoNormal style=\"MARGIN: 0cm 0cm 0pt\"><SPAN style=\"FONT-SIZE: 18pt\"><FONT face=\"Times New Roman\">Es el clasismo elevado a la quinta esencia. <SPAN style=\"mso-spacerun: yes\"><\/SPAN><o:p><\/o:p><\/FONT><\/SPAN><\/p>\n<p> <P class=MsoNormal style=\"MARGIN: 0cm 0cm 0pt\"><SPAN style=\"FONT-SIZE: 18pt\"><FONT face=\"Times New Roman\">Lo mismo ofende o deja de ofender ver esposado a un presunto violador, a un presunto asesino, a un toxic\u00f3mano que presuntamente roba para su adicci\u00f3n, <SPAN style=\"mso-spacerun: yes\"><\/SPAN>o a un presunto sinverg\u00fcenza, que vali\u00e9ndose de su puesto pol\u00edtico ha podido robar millones de euros. Todos son presuntos delincuentes\u2026\u00bfpor qu\u00e9  molesta tanto el ver esposaditos a unos\u2026y si son otros nos da exactamente lo mismo, o nos parece cojonudo?<o:p><\/o:p><\/FONT><\/SPAN><\/p>\n","protected":false},"excerpt":{"rendered":"<p>En Catalu\u00f1a no ha sentado nada bien \u2013en determinados sectores- ver por televisi\u00f3n a los implicados en el caso \u201cPretoria\u201d, alcalde y concejal de urbanismo del PSC y ex consejeros de CIU, esposados y recogiendo sus pertenencias en bolsas de pl\u00e1stico, en lo que el diario La Vanguardia llam\u00f3 \u201cPena de Telediario\u201d. Pero a m\u00ed [&hellip;]<\/p>\n","protected":false},"author":8872,"featured_media":0,"comment_status":"open","ping_status":"closed","sticky":false,"template":"","format":"standard","meta":[],"categories":[1],"tags":[807,1640,1644],"_links":{"self":[{"href":"https:\/\/blogs.larioja.com\/insolencias\/wp-json\/wp\/v2\/posts\/148"}],"collection":[{"href":"https:\/\/blogs.larioja.com\/insolencias\/wp-json\/wp\/v2\/posts"}],"about":[{"href":"https:\/\/blogs.larioja.com\/insolencias\/wp-json\/wp\/v2\/types\/post"}],"author":[{"embeddable":true,"href":"https:\/\/blogs.larioja.com\/insolencias\/wp-json\/wp\/v2\/users\/8872"}],"replies":[{"embeddable":true,"href":"https:\/\/blogs.larioja.com\/insolencias\/wp-json\/wp\/v2\/comments?post=148"}],"version-history":[{"count":0,"href":"https:\/\/blogs.larioja.com\/insolencias\/wp-json\/wp\/v2\/posts\/148\/revisions"}],"wp:attachment":[{"href":"https:\/\/blogs.larioja.com\/insolencias\/wp-json\/wp\/v2\/media?parent=148"}],"wp:term":[{"taxonomy":"category","embeddable":true,"href":"https:\/\/blogs.larioja.com\/insolencias\/wp-json\/wp\/v2\/categories?post=148"},{"taxonomy":"post_tag","embeddable":true,"href":"https:\/\/blogs.larioja.com\/insolencias\/wp-json\/wp\/v2\/tags?post=148"}],"curies":[{"name":"wp","href":"https:\/\/api.w.org\/{rel}","templated":true}]}}