{"id":1483,"date":"2013-04-26T16:10:11","date_gmt":"2013-04-26T14:10:11","guid":{"rendered":"http:\/\/blogs.larioja.com\/insolencias\/?p=1483"},"modified":"2020-01-12T17:45:47","modified_gmt":"2020-01-12T15:45:47","slug":"jornadas-de-la-verdura-o-del-pavo","status":"publish","type":"post","link":"https:\/\/blogs.larioja.com\/insolencias\/2013\/04\/26\/jornadas-de-la-verdura-o-del-pavo\/","title":{"rendered":"\u00bfJornadas de la verdura o del pavo ?"},"content":{"rendered":"<p><a href=\"\/voc-migration\/endpointsite\/wp-content\/uploads\/sites\/159\/2013\/04\/IMG_7794.jpg\"><img loading=\"lazy\" class=\"aligncenter size-full wp-image-1484\" title=\"Jornadas de qu\u00e9??????\" src=\"\/voc-migration\/endpointsite\/wp-content\/uploads\/sites\/159\/2013\/04\/IMG_7794.jpg\" alt=\"\" width=\"640\" height=\"440\" srcset=\"https:\/\/static-blogs.larioja.com\/wp-content\/uploads\/sites\/159\/2013\/04\/IMG_7794.jpg 640w, https:\/\/static-blogs.larioja.com\/wp-content\/uploads\/sites\/159\/2013\/04\/IMG_7794-300x206.jpg 300w\" sizes=\"(max-width: 640px) 100vw, 640px\" \/><\/a><\/p>\n<p><span style=\"font-size: medium;\">Estos d\u00edas muchas personas me paran por la calle para preguntarme : <em><strong>\u00bfCu\u00e1nto cuesta \u00e9sto de las verduras?.<\/strong><\/em> La respuesta siempre es la misma. Pues que no lo s\u00e9, ya nos enteraremos.<\/span><\/p>\n<p><span style=\"font-size: medium;\">Lo importante no es lo que cuesta\u2026Lo importante es si sirve para lo que en su d\u00eda las cre\u00f3 Jos\u00e9 Antonio Barco, es decir, para promocionar nuestras verduras, nuestros agricultores y nuestros distribuidores fuera de Calahorra, en el inter\u00e9s de extender y fomentar la actividad econ\u00f3mica, \u00a0de impulsar la producci\u00f3n y comercializaci\u00f3n de nuestros productos agr\u00edcolas. Si sirve para eso, lo menos importante es lo que cueste.<\/span><\/p>\n<p><span style=\"font-size: medium;\">\u00a0\u00a0\u00a0\u00a0\u00a0\u00a0\u00a0\u00a0\u00a0\u00a0\u00a0\u00a0\u00a0\u00a0\u00a0\u00a0\u00a0\u00a0\u00a0\u00a0\u00a0\u00a0\u00a0\u00a0\u00a0\u00a0\u00a0\u00a0 Pero despu\u00e9s de todos los a\u00f1os transcurridos, muchos en Calahorra tienen \u00a0la sensaci\u00f3n\u00a0de que el esfuerzo y el dinero invertido no ha servido para otra cosa que llenar las tripas de gorrones, financiar viajes a papo lleno y, \u00a0dar satisfacci\u00f3nes banales a quienes tienen vedadas las intelectuales.<\/span><\/p>\n<p><span style=\"font-size: medium;\">\u00a0\u00a0\u00a0\u00a0\u00a0\u00a0\u00a0\u00a0\u00a0\u00a0\u00a0\u00a0\u00a0\u00a0\u00a0\u00a0\u00a0\u00a0\u00a0\u00a0\u00a0\u00a0\u00a0\u00a0\u00a0\u00a0\u00a0\u00a0 Poco dinero me parece -y adem\u00e1s bien empleado-, aunque solamente sea por ver a todos estos (los de la foto) \u00a0con esa cara de felicidad.\u00a0 Felices &#8211;\u00a0y muy satisfechos parecen &#8211;\u00a0de gobernar una ciudad\u00a0en la que\u00a0los problemas estructurales , la decadencia cultural y la falta de horizontes arrojan un panorama ciertamente depresivo.<\/span><\/p>\n<p><span style=\"font-size: medium;\">\u00a1Pero que felicidad tan grande, de posar mirando al infinito\u00a0junto a\u00a0Agata Ruiz de La Prada!, mientras nos acercamos a los 3000 parados, nuestro Casco Hist\u00f3rico se degrada, el comercio agoniza y los pol\u00edgonos industriales est\u00e1n tan vac\u00edos como las cabezas de la mayor parte de quienes nos gobiernan.<\/span><\/p>\n<p><span style=\"font-size: medium;\">Que siga la fiesta y \u00a0los \u201cGin tonic\u201d \u00a0a costa de nuestros impuestos&#8230;\u00a0Y el pavoneo. \u00a0\u00a1Que pagan los ciudadanos!.<\/span><\/p>\n<p><span style=\"font-size: medium;\">Algo est\u00e1 a punto de explotar en Calahorra y, \u00a0no sabemos si ser\u00e1 la tripa de uno, las \u00a0arterias del otro&#8230;Tal vez lo que se encuentre a punto de estallar sea \u00a0la paciencia de los ciudadanos.<\/span><\/p>\n","protected":false},"excerpt":{"rendered":"<p>Estos d\u00edas muchas personas me paran por la calle para preguntarme : \u00bfCu\u00e1nto cuesta \u00e9sto de las verduras?. La respuesta siempre es la misma. Pues que no lo s\u00e9, ya nos enteraremos. Lo importante no es lo que cuesta\u2026Lo importante es si sirve para lo que en su d\u00eda las cre\u00f3 Jos\u00e9 Antonio Barco, es [&hellip;]<\/p>\n","protected":false},"author":8872,"featured_media":0,"comment_status":"open","ping_status":"closed","sticky":false,"template":"","format":"standard","meta":[],"categories":[1],"tags":[86,323,367,684,736,979,1112,1169,1532,1595],"_links":{"self":[{"href":"https:\/\/blogs.larioja.com\/insolencias\/wp-json\/wp\/v2\/posts\/1483"}],"collection":[{"href":"https:\/\/blogs.larioja.com\/insolencias\/wp-json\/wp\/v2\/posts"}],"about":[{"href":"https:\/\/blogs.larioja.com\/insolencias\/wp-json\/wp\/v2\/types\/post"}],"author":[{"embeddable":true,"href":"https:\/\/blogs.larioja.com\/insolencias\/wp-json\/wp\/v2\/users\/8872"}],"replies":[{"embeddable":true,"href":"https:\/\/blogs.larioja.com\/insolencias\/wp-json\/wp\/v2\/comments?post=1483"}],"version-history":[{"count":1,"href":"https:\/\/blogs.larioja.com\/insolencias\/wp-json\/wp\/v2\/posts\/1483\/revisions"}],"predecessor-version":[{"id":1845,"href":"https:\/\/blogs.larioja.com\/insolencias\/wp-json\/wp\/v2\/posts\/1483\/revisions\/1845"}],"wp:attachment":[{"href":"https:\/\/blogs.larioja.com\/insolencias\/wp-json\/wp\/v2\/media?parent=1483"}],"wp:term":[{"taxonomy":"category","embeddable":true,"href":"https:\/\/blogs.larioja.com\/insolencias\/wp-json\/wp\/v2\/categories?post=1483"},{"taxonomy":"post_tag","embeddable":true,"href":"https:\/\/blogs.larioja.com\/insolencias\/wp-json\/wp\/v2\/tags?post=1483"}],"curies":[{"name":"wp","href":"https:\/\/api.w.org\/{rel}","templated":true}]}}