{"id":1501,"date":"2013-05-10T11:00:36","date_gmt":"2013-05-10T09:00:36","guid":{"rendered":"http:\/\/blogs.larioja.com\/insolencias\/?p=1501"},"modified":"2020-01-12T17:42:25","modified_gmt":"2020-01-12T15:42:25","slug":"fundamentalismo-y-aborto","status":"publish","type":"post","link":"https:\/\/blogs.larioja.com\/insolencias\/2013\/05\/10\/fundamentalismo-y-aborto\/","title":{"rendered":""},"content":{"rendered":"<p>Este blog de opini\u00f3n se traslada a www.comopu\u00f1os.com all\u00ed podr\u00e1s encontrar los contenidos que buscas.<br \/>\nDisculpa las molestias<\/p>\n","protected":false},"excerpt":{"rendered":"<p>Este blog de opini\u00f3n se traslada a www.comopu\u00f1os.com all\u00ed podr\u00e1s encontrar los contenidos que buscas. Disculpa las molestias<\/p>\n","protected":false},"author":8872,"featured_media":0,"comment_status":"open","ping_status":"open","sticky":false,"template":"","format":"standard","meta":[],"categories":[1],"tags":[60,104,612,617,645,894,946,1071,1242,1517,1955],"_links":{"self":[{"href":"https:\/\/blogs.larioja.com\/insolencias\/wp-json\/wp\/v2\/posts\/1501"}],"collection":[{"href":"https:\/\/blogs.larioja.com\/insolencias\/wp-json\/wp\/v2\/posts"}],"about":[{"href":"https:\/\/blogs.larioja.com\/insolencias\/wp-json\/wp\/v2\/types\/post"}],"author":[{"embeddable":true,"href":"https:\/\/blogs.larioja.com\/insolencias\/wp-json\/wp\/v2\/users\/8872"}],"replies":[{"embeddable":true,"href":"https:\/\/blogs.larioja.com\/insolencias\/wp-json\/wp\/v2\/comments?post=1501"}],"version-history":[{"count":1,"href":"https:\/\/blogs.larioja.com\/insolencias\/wp-json\/wp\/v2\/posts\/1501\/revisions"}],"predecessor-version":[{"id":1844,"href":"https:\/\/blogs.larioja.com\/insolencias\/wp-json\/wp\/v2\/posts\/1501\/revisions\/1844"}],"wp:attachment":[{"href":"https:\/\/blogs.larioja.com\/insolencias\/wp-json\/wp\/v2\/media?parent=1501"}],"wp:term":[{"taxonomy":"category","embeddable":true,"href":"https:\/\/blogs.larioja.com\/insolencias\/wp-json\/wp\/v2\/categories?post=1501"},{"taxonomy":"post_tag","embeddable":true,"href":"https:\/\/blogs.larioja.com\/insolencias\/wp-json\/wp\/v2\/tags?post=1501"}],"curies":[{"name":"wp","href":"https:\/\/api.w.org\/{rel}","templated":true}]}}