{"id":1504,"date":"2013-05-16T11:54:08","date_gmt":"2013-05-16T09:54:08","guid":{"rendered":"http:\/\/blogs.larioja.com\/insolencias\/?p=1504"},"modified":"2013-05-16T11:54:08","modified_gmt":"2013-05-16T09:54:08","slug":"vallejo-y-la-cobra-de-marrakech","status":"publish","type":"post","link":"https:\/\/blogs.larioja.com\/insolencias\/2013\/05\/16\/vallejo-y-la-cobra-de-marrakech\/","title":{"rendered":"Vallejo y la cobra de Marrakech"},"content":{"rendered":"<p>&nbsp;<\/p>\n<p>&nbsp;<\/p>\n<p><a href=\"\/voc-migration\/endpointsite\/wp-content\/uploads\/sites\/159\/2013\/05\/Cobra.jpg\"><img loading=\"lazy\" class=\"alignleft size-full wp-image-1505\" title=\"Cobra\" src=\"\/voc-migration\/endpointsite\/wp-content\/uploads\/sites\/159\/2013\/05\/Cobra.jpg\" alt=\"\" width=\"448\" height=\"299\" srcset=\"https:\/\/static-blogs.larioja.com\/wp-content\/uploads\/sites\/159\/2013\/05\/Cobra.jpg 448w, https:\/\/static-blogs.larioja.com\/wp-content\/uploads\/sites\/159\/2013\/05\/Cobra-300x200.jpg 300w\" sizes=\"(max-width: 448px) 100vw, 448px\" \/><\/a><\/p>\n<p style=\"text-align: left;\"><span style=\"font-size: medium;\">Perm\u00edtanme la licencia, pero acabo de aterrizar y, \u00a0me regreso \u2013bruscamente- a la vulgar realidad leyendo la designaci\u00f3n como \u201cMiss Aguas\u00a0no potables 2013\u201d\u00a0de la que fuera \u2013 tristemente- Consejera de Medio Ambiente del Gobierno de La Rioja, Do\u00f1a Ar\u00e1nzazu Vallejo, cuya legendaria picadura en nada envidia a las de las cobras de <em>Jemaa el Fna<\/em>. Cobras \u201cdesencolmilladas\u201d \u00a0s\u00ed, pero dan respeto..<\/span><\/p>\n<p style=\"text-align: left;\"><span style=\"font-size: medium;\">Cuando me enter\u00e9 \u00a0hace ya m\u00e1s de un a\u00f1o , de que la ex-consejera de Medio Ambiente hab\u00eda pedido su reingreso en un centro educativo -para impartir clases a adolescentes-, un escalofr\u00edo me recorri\u00f3 el cuerpo al empatizar con aquellos\u00a0 infantes. Por suerte -para ellos- pese a que la apartaron de la pol\u00edtica por sus hechos, dur\u00f3 poco.\u00a0La recauchutaron r\u00e1pidamente nombr\u00e1ndola presidenta de un organismo dentro de la Confederaci\u00f3n Hidrogr\u00e1fica del Ebro. Un puesto a dedo, &#8211; con sueldazo de ministro- \u00a0para el que no se precisa mayor m\u00e9rito que \u201cser de la cuadra\u201d y tener un armario bien nutrido de asuntos de los cuales echar mano en caso de necesidad.<\/span><\/p>\n<p style=\"text-align: left;\"><span style=\"font-size: medium;\">Ha sido presidenta -durante el \u00faltimo a\u00f1o- de ACUAEBRO, manejando muchos millones de Euros en hacer regad\u00edos a quienes m\u00e1s lo necesiten, seguramente haciendo gala de su \u201cexquisita ecuanimidad\u201d, por la que ha sido y es mundialmente conocida.<\/span><\/p>\n<p style=\"text-align: left;\"><span style=\"font-size: medium;\">\u00a0\u00a0\u00a0\u00a0\u00a0\u00a0\u00a0\u00a0\u00a0\u00a0\u00a0\u00a0\u00a0\u00a0\u00a0\u00a0\u00a0\u00a0\u00a0\u00a0\u00a0\u00a0\u00a0 Parece que la se\u00f1ora Vallejo no tiene demasiadas ganas de trabajar, (en otra cosa). Durante los \u00faltimos \u00a020 a\u00f1os lleva comiendo del gamell\u00f3n de la liberaci\u00f3n pol\u00edtica de su dedicaci\u00f3n exclusiva. Casi dos d\u00e9cadas dejando a su paso, &#8211;\u00a0como el caballo de Atila (o la cobra desdentada de Marrakech)- \u00a0terror, desolaci\u00f3n y\u00a0tejemanejes varios.<\/span><\/p>\n<p style=\"text-align: left;\"><span style=\"font-size: medium;\">Como el m\u00e1s diestro demagogo -o el mejor vendedor de crecepelo al Oeste de Iowa-, la Ex -vicepresidenta del Gobierno de la Rioja \u00a0sirve igualmente para demostrar una cosa, como la contraria. Vers\u00e1til en el discurso vac\u00edo, pasar\u00e1 a la historia como autora de la \u00e9poca m\u00e1s negra de la gesti\u00f3n medioambiental. Una etapa en la que se dej\u00f3 perder todo el trabajo avanzado durante d\u00e9cadas en materia de conservaci\u00f3n.<\/span><\/p>\n<p style=\"text-align: left;\"><span style=\"font-size: medium;\">\u00a0\u00a0\u00a0\u00a0\u00a0\u00a0\u00a0\u00a0\u00a0\u00a0\u00a0\u00a0\u00a0\u00a0\u00a0\u00a0\u00a0\u00a0\u00a0\u00a0\u00a0\u00a0\u00a0\u00a0\u00a0\u00a0\u00a0\u00a0\u00a0\u00a0\u00a0\u00a0\u00a0 Ar\u00e1nzazu Vallejo aterriz\u00f3 en el 2003 en las pol\u00edticas de Medio Ambiente, cual manada de elefantes sobre campo de gules. Masacrando cualquier l\u00ednea de conservaci\u00f3n que existiera antes de su nefasta llegada.<\/span><\/p>\n<p style=\"text-align: left;\"><span style=\"font-size: medium;\">Exiliada de Obras P\u00fablicas, no tard\u00f3 en crear su propio reino de Taifas en el b\u00fanker de hormig\u00f3n de Prado viejo 62, y no contenta con las competencias propias de la consejer\u00eda que acababa de ocupar, se trajo consigo otras\u00a0 -m\u00e1s de su inter\u00e9s-, como la gesti\u00f3n del suelo, la COTUR, y otras herramientas que pueden llegar a ser muy oscuras\u2026 Seg\u00fan la mano que las utilice.<\/span><\/p>\n<p style=\"text-align: left;\"><span style=\"font-size: medium;\">Enrareci\u00f3 el ambiente de trabajo en su consejer\u00eda \u00a0hasta tal punto que cualquier atisbo de libertad\u00a0 laboral \u2013 de qui\u00e9n no se tuviera por su esbirro-\u00a0 brill\u00f3 por su ausencia. Todo era oscuridad. La guada\u00f1a sobrevolaba en todo momento aquellas cabezas que osaran abandonar la genuflexi\u00f3n.<\/span><\/p>\n<p style=\"text-align: left;\"><span style=\"font-size: medium;\">En tan s\u00f3lo ocho a\u00f1os \u2013 que \u00a0parecieron setecientos setenta y siete- fue muy \u00a0capaz de terminar con las relaciones y colaboraciones que tradicionalmente exist\u00edan entre su consejer\u00eda y los movimientos sociales. Elimin\u00f3 de un plumazo la participaci\u00f3n de las organizaciones ecologistas para proyectos de educaci\u00f3n ambiental. Expuls\u00f3 de la COTUR a los representantes \u00a0de los sindicatos\u00a0y de las asociaciones ecologistas de La Rioja, tras m\u00e1s de 20 a\u00f1os de presencia en dicho \u00f3rgano ejecutivo.<\/span><\/p>\n<p style=\"text-align: left;\"><span style=\"font-size: medium;\">Acab\u00f3 con los planes de recuperaci\u00f3n de especies en peligro de extinci\u00f3n, (que llevan a\u00f1os caducados) \u00a0permitiendo con ello que determinados ecosistemas se pusieran en serio peligro, colocando a algunas especies al borde de la extinci\u00f3n.<\/span><\/p>\n<p style=\"text-align: left;\"><span style=\"font-size: medium;\">Permiti\u00f3 \u2013 incluso dir\u00eda que interesadamente- la degradaci\u00f3n de las \u00e1reas esteparias de La Rioja, el ecosistema m\u00e1s vulnerable de la Comunidad. \u00a0As\u00ed mismo, desde su cargo como Consejera de Obras P\u00fablicas fij\u00f3 sus colmillos sobre el PEPMAN (Plan Especial de Protecci\u00f3n del Medio Ambiente Natural de La Rioja) consintiendo la desprotecci\u00f3n \u00a0de infinidad de pedazitos del mismo, autorizando construcciones, excepciones, descatalogaciones, \u00a0etc, siempre haciendo prevalecer los motivos econ\u00f3micos sobre la conservaci\u00f3n de los espacios. Hasta tal punto fue constante en su inquina contra el PEPMAN que se lo intent\u00f3 cargar por completo, proponiendo una nueva normativa que se qued\u00f3 en agua de borrajas. Us\u00f3 a la COTUR como un brazo pol\u00edtico a favor o en contra de los municipios (seg\u00fan fueran del PP o del PSOE).<\/span><\/p>\n<p style=\"text-align: left;\"><span style=\"font-size: medium;\">La vicepresidenta hizo por el Medio Ambiente lo mismo que har\u00eda y har\u00e1 por cualquier otra materia bajo su gesti\u00f3n. Igual da que sea presidenta de AQUAEBRO, \u00a0consejera de salud, agricultura, ministra de defensa o de f\u00edsica cu\u00e1ntica. Siempre act\u00faa igual.\u00a0 <\/span><span style=\"font-size: medium;\">Su t\u00e9cnica \u00a0es de escaparate, de aparentar un trabajo e inter\u00e9s que no llega a traspasar su vacua palabrer\u00eda. <\/span><\/p>\n<p style=\"text-align: left;\"><span style=\"font-size: medium;\">Ha dejado en la Rioja -como huella y sello personal- \u00a0las pomposas declaraciones vac\u00edas de contenido, como la Reserva de la Biosfera de los Valles Orientales, que suena cojonudamente, pero no tiene consecuencia ninguna. La protecci\u00f3n de tres lagunas en los picos de Urbi\u00f3n, que ya se proteg\u00edan solas&#8230;All\u00ed en el quinto pino. La revistilla \u201cP\u00e1ginas de Informaci\u00f3n Ambiental\u201d, con una censura y encorsetamiento propias de anteriores reg\u00edmenes. Discursos interminables sin concesi\u00f3n al respiro&#8230; Declaraciones de\u00a0intenciones\u00a0\u00a0-capaces de derrumbar vacas- que nunca llegaron \u00a0a fin. \u00a0Un manantial de palabras que adormecen a las mentes y hastian\u00a0\u00a0a quienes de la conservaci\u00f3n de nuestra naturaleza han hecho pasi\u00f3n y profesi\u00f3n desde hace ya m\u00e1s de dos d\u00e9cadas.<\/span><\/p>\n<p style=\"text-align: left;\"><span style=\"font-size: medium;\">\u00a0\u00a0\u00a0\u00a0\u00a0\u00a0\u00a0\u00a0\u00a0\u00a0\u00a0\u00a0\u00a0\u00a0\u00a0\u00a0\u00a0\u00a0\u00a0\u00a0\u00a0\u00a0\u00a0\u00a0 Pasar\u00e1 Vallejo a la historia como la Consejera del Barranco Perdido de Enciso, (con anuales p\u00e9rdidas millonarias) de la \u201cEcociudad\u201d de Logro\u00f1o (cuyo proyecto declararon ilegal los tribunales)\u2026La que nos iba a impulsar la \u201cDirectriz de Protecci\u00f3n del Suelo No Urbanizable\u201d (un proyecto muerto)\u2026La de los funcionarios que promocionan a base de arrastrase como limacos\u2026.La de los vi\u00f1edos ilegales.<\/span><\/p>\n<p style=\"text-align: left;\"><span style=\"font-size: medium;\">Por estos grandes logros \u2013 usos y maneras- \u00a0en la gesti\u00f3n p\u00fablica, unida a su muy \u201cdilatada experiencia\u201d con el agua, \u00a0ahora nos la promocionan m\u00e1s (a Directora General de ACUAES) \u00a0para que los\u00a0tejemanejes no solamente los suframos en la Rioja, sino en todo el Estado.<\/span><\/p>\n<p style=\"text-align: left;\"><span style=\"font-size: medium;\">\u00a1Eso s\u00ed que es repartir!. Mejor ser\u00eda enviarla a la UNESCO o \u00a0de embajadora de Espa\u00f1a en Marte.<\/span><\/p>\n<p style=\"text-align: left;\">\n","protected":false},"excerpt":{"rendered":"<p>&nbsp; &nbsp; Perm\u00edtanme la licencia, pero acabo de aterrizar y, \u00a0me regreso \u2013bruscamente- a la vulgar realidad leyendo la designaci\u00f3n como \u201cMiss Aguas\u00a0no potables 2013\u201d\u00a0de la que fuera \u2013 tristemente- Consejera de Medio Ambiente del Gobierno de La Rioja, Do\u00f1a Ar\u00e1nzazu Vallejo, cuya legendaria picadura en nada envidia a las de las cobras de Jemaa [&hellip;]<\/p>\n","protected":false},"author":8872,"featured_media":0,"comment_status":"open","ping_status":"open","sticky":false,"template":"","format":"standard","meta":[],"categories":[1],"tags":[76,77,170,266,439,537,714,752,1150,1316,1369,2021],"_links":{"self":[{"href":"https:\/\/blogs.larioja.com\/insolencias\/wp-json\/wp\/v2\/posts\/1504"}],"collection":[{"href":"https:\/\/blogs.larioja.com\/insolencias\/wp-json\/wp\/v2\/posts"}],"about":[{"href":"https:\/\/blogs.larioja.com\/insolencias\/wp-json\/wp\/v2\/types\/post"}],"author":[{"embeddable":true,"href":"https:\/\/blogs.larioja.com\/insolencias\/wp-json\/wp\/v2\/users\/8872"}],"replies":[{"embeddable":true,"href":"https:\/\/blogs.larioja.com\/insolencias\/wp-json\/wp\/v2\/comments?post=1504"}],"version-history":[{"count":0,"href":"https:\/\/blogs.larioja.com\/insolencias\/wp-json\/wp\/v2\/posts\/1504\/revisions"}],"wp:attachment":[{"href":"https:\/\/blogs.larioja.com\/insolencias\/wp-json\/wp\/v2\/media?parent=1504"}],"wp:term":[{"taxonomy":"category","embeddable":true,"href":"https:\/\/blogs.larioja.com\/insolencias\/wp-json\/wp\/v2\/categories?post=1504"},{"taxonomy":"post_tag","embeddable":true,"href":"https:\/\/blogs.larioja.com\/insolencias\/wp-json\/wp\/v2\/tags?post=1504"}],"curies":[{"name":"wp","href":"https:\/\/api.w.org\/{rel}","templated":true}]}}