{"id":1507,"date":"2013-05-17T11:56:30","date_gmt":"2013-05-17T09:56:30","guid":{"rendered":"http:\/\/blogs.larioja.com\/insolencias\/?p=1507"},"modified":"2013-05-17T11:56:30","modified_gmt":"2013-05-17T09:56:30","slug":"un-concejal-se-externaliza-a-si-mismo","status":"publish","type":"post","link":"https:\/\/blogs.larioja.com\/insolencias\/2013\/05\/17\/un-concejal-se-externaliza-a-si-mismo\/","title":{"rendered":"Un concejal se externaliza a s\u00ed mismo."},"content":{"rendered":"<p>&nbsp;<\/p>\n<p><span style=\"font-size: medium;\"><a href=\"\/voc-migration\/endpointsite\/wp-content\/uploads\/sites\/159\/2013\/05\/IMG_8455.jpg\"><img loading=\"lazy\" class=\"alignleft size-full wp-image-1508\" title=\"Qu\u00e9 canso estoy.\" src=\"\/voc-migration\/endpointsite\/wp-content\/uploads\/sites\/159\/2013\/05\/IMG_8455.jpg\" alt=\"\" width=\"448\" height=\"326\" srcset=\"https:\/\/static-blogs.larioja.com\/wp-content\/uploads\/sites\/159\/2013\/05\/IMG_8455.jpg 448w, https:\/\/static-blogs.larioja.com\/wp-content\/uploads\/sites\/159\/2013\/05\/IMG_8455-300x218.jpg 300w\" sizes=\"(max-width: 448px) 100vw, 448px\" \/><\/a>Se podr\u00eda pensar que en pol\u00edtica todo est\u00e1 ya m\u00e1s que visto\u2026.Pues no. Lo \u00faltimo consiste en externalizarse uno a s\u00ed mismo. Es la nueva f\u00f3rmula buscada por un Ayuntamiento del Partido Popular en La Rioja (el de Calahorra), que ha externalizado la gesti\u00f3n del \u00e1rea de comercio, lo que en esencia viene a suponer que el trabajo (poco o ninguno) que desarrollaba el concejal delegado del \u00e1rea lo sacan a contrataci\u00f3n externa para que a partir de este momento pueda el edil utilizar ambas manos para que hagan lo mismo. Nada.<\/span><\/p>\n<p><span style=\"font-size: medium;\">Pero entremos en harina. El trabajo de \u00a0gesti\u00f3n del \u00e1rea comercial municipal, que hasta el d\u00eda de hoy realizaban funcionarios de la casa -y se supone que el propio concejal-, a partir de este momento se saca a contrataci\u00f3n externa, por la m\u00f3dica cantidad de 198.125 euros para tres a\u00f1os.\u00a0\u00a0<\/span><\/p>\n<p><span style=\"font-size: medium;\">En lo que queda de 2013, el famoso Plan para dinamizar el Comercio (PREAC) que el concejal se sac\u00f3 de la chistera ante la presi\u00f3n de la oposici\u00f3n,\u00a0 se van a invertir 10.000 paup\u00e9rrimos euros para fomentar el alquiler de locales a nuevos emprendedores y 58.125 eurazos \u00a0para pagar a una empresa externa que gestione su distribuci\u00f3n\u2026..\u00bfEstamos todos locos?.<\/span><\/p>\n<p><span style=\"font-size: medium;\">En esencia, esa nueva empresa privada, llegar\u00e1 a la ciudad para embolsarse 198.125 euros de nuestros impuestos en tres a\u00f1os, para hacer el trabajo que tendr\u00eda que realizar el propio concejal de comercio y su personal funcionario de la concejal\u00eda. Un trabajo por el que los funcionarios cobrar\u00e1n su sueldo regular (supongo) y, \u00a0el concejal Eguiz\u00e1bal percibe m\u00e1s de 900 euros al mes por pertenecer al equipo de gobierno, presuntamente elegido por los ciudadanos para trabajar por la ciudad.<\/span><\/p>\n<p><span style=\"font-size: medium;\">En estos momentos, en los que el comercio representa menos volumen de trabajo que nunca, -ya que se ha perdido una masa comercial importante-, se ponen a externalizar el trabajo de su gesti\u00f3n y promoci\u00f3n, tirando a la basura 198.000 euros p\u00fablicos.<\/span><\/p>\n<p><span style=\"font-size: medium;\">\u00a0\u00a0\u00a0\u00a0\u00a0\u00a0\u00a0\u00a0\u00a0\u00a0\u00a0\u00a0\u00a0\u00a0\u00a0\u00a0\u00a0\u00a0\u00a0\u00a0\u00a0 En los \u00faltimos 10 a\u00f1os, tan solo en el Casco Antiguo, se han perdido m\u00e1s de 100 comercios, lo que sin duda ha contribuido a la depauperaci\u00f3n de esta zona esencial de nuestra ciudad.<\/span><br \/>\n<span style=\"font-size: medium;\">Pero la p\u00e9rdida de comercios, no solamente se ha cebado en la zona hist\u00f3rica, ya que seg\u00fan datos estad\u00edsticos,<strong> entre el 2008 y el 2011 han desaparecido 189 comercios en Calahorra<\/strong>. La sangr\u00eda no tiene parang\u00f3n en nuestro entorno, ya que mientras en el mismo periodo Logro\u00f1o o Tudela perdieron el 16% de sus comercios, (San Adri\u00e1n un 12%), <strong>en Calahorra se han perdido el 26% de los comercios<\/strong>. Diez puntos m\u00e1s que en la capital.<\/span><br \/>\n<span style=\"font-size: medium;\">Otro indicativo que claramente se\u00f1ala el hundimiento comercial es el paro registrado en el sector servicios que ha pasado en la ciudad de 467 personas en paro (2006) a los actuales 1.132 parados del sector servicios. <strong>Hemos pasado en tan solo cuatro a\u00f1os de 715 actividades de comercio minorista registrado, a tan solo 526.<\/strong><\/span><\/p>\n<p><span style=\"font-size: medium;\">La \u00fanica soluci\u00f3n -a esta situaci\u00f3n- que se le ocurre al Ayuntamiento es entregar nuestro dinero a una empresa privada para que pongan a una sola persona &#8211;<strong>seis horas a la semana-<\/strong> a que realice el trabajo de gesti\u00f3n que corresponder\u00eda al propio concejal. \u00a0No contentos con darles 198.000 euros, les ponen por la patilla una oficina municipal gratis a su disposici\u00f3n, (calle paletillas 36) \u00a0con todos los gastos de mantenimiento y la remodelaci\u00f3n de la misma igualmente a cargo del erario p\u00fablico. Desde la misma ofrecer\u00e1n un servicio francamente escueto, ya que dicha oficina tan s\u00f3lo se abrir\u00e1 dos d\u00edas a la semana y en un horario de esc\u00e1ndalo\u2026Tan s\u00f3lo de10 a 13 horas, &#8211; es decir- seis pu\u00f1eteras horas a la semana.<\/span><\/p>\n<p><span style=\"font-size: medium;\">Solamente queda por saber si este contrato acaba adjudic\u00e1ndose a una de las empresas \u00a0que casualmente suelen salir siempre agraciadas con los contratos del \u00e1rea de comercio.<\/span><\/p>\n<p><span style=\"font-size: medium;\">Tal vez lo que el concejal de comercio deber\u00eda\u00a0plantearse sea \u00a0la dimisi\u00f3n y, \u00a0dejar que alg\u00fan otro de sus compa\u00f1eros de partido \u00a0\u2013 con m\u00e1s ilusi\u00f3n y ganas de trabajar- se ponga a realizar las labores de gesti\u00f3n propias de un concejal responsable. <\/span><\/p>\n","protected":false},"excerpt":{"rendered":"<p>&nbsp; Se podr\u00eda pensar que en pol\u00edtica todo est\u00e1 ya m\u00e1s que visto\u2026.Pues no. Lo \u00faltimo consiste en externalizarse uno a s\u00ed mismo. Es la nueva f\u00f3rmula buscada por un Ayuntamiento del Partido Popular en La Rioja (el de Calahorra), que ha externalizado la gesti\u00f3n del \u00e1rea de comercio, lo que en esencia viene a [&hellip;]<\/p>\n","protected":false},"author":8872,"featured_media":0,"comment_status":"open","ping_status":"open","sticky":false,"template":"","format":"standard","meta":[],"categories":[1],"tags":[81,238,366,480,679,851,1622],"_links":{"self":[{"href":"https:\/\/blogs.larioja.com\/insolencias\/wp-json\/wp\/v2\/posts\/1507"}],"collection":[{"href":"https:\/\/blogs.larioja.com\/insolencias\/wp-json\/wp\/v2\/posts"}],"about":[{"href":"https:\/\/blogs.larioja.com\/insolencias\/wp-json\/wp\/v2\/types\/post"}],"author":[{"embeddable":true,"href":"https:\/\/blogs.larioja.com\/insolencias\/wp-json\/wp\/v2\/users\/8872"}],"replies":[{"embeddable":true,"href":"https:\/\/blogs.larioja.com\/insolencias\/wp-json\/wp\/v2\/comments?post=1507"}],"version-history":[{"count":0,"href":"https:\/\/blogs.larioja.com\/insolencias\/wp-json\/wp\/v2\/posts\/1507\/revisions"}],"wp:attachment":[{"href":"https:\/\/blogs.larioja.com\/insolencias\/wp-json\/wp\/v2\/media?parent=1507"}],"wp:term":[{"taxonomy":"category","embeddable":true,"href":"https:\/\/blogs.larioja.com\/insolencias\/wp-json\/wp\/v2\/categories?post=1507"},{"taxonomy":"post_tag","embeddable":true,"href":"https:\/\/blogs.larioja.com\/insolencias\/wp-json\/wp\/v2\/tags?post=1507"}],"curies":[{"name":"wp","href":"https:\/\/api.w.org\/{rel}","templated":true}]}}