{"id":1514,"date":"2013-05-21T23:24:49","date_gmt":"2013-05-21T21:24:49","guid":{"rendered":"http:\/\/blogs.larioja.com\/insolencias\/?p=1514"},"modified":"2013-05-21T23:24:49","modified_gmt":"2013-05-21T21:24:49","slug":"que-cono-mas-dara-si-la-boda-de-la-hija-de-aznar-la-pago-la-mafia","status":"publish","type":"post","link":"https:\/\/blogs.larioja.com\/insolencias\/2013\/05\/21\/que-cono-mas-dara-si-la-boda-de-la-hija-de-aznar-la-pago-la-mafia\/","title":{"rendered":"\u00a1Qu\u00e9 co\u00f1o m\u00e1s dar\u00e1,  si la boda de la hija de Aznar la pag\u00f3 la mafia!"},"content":{"rendered":"<p><a href=\"\/voc-migration\/endpointsite\/wp-content\/uploads\/sites\/159\/2013\/05\/aznar-647x231.jpg\"><img loading=\"lazy\" class=\"alignleft size-full wp-image-1515\" title=\"Dientes dientes, que es lo que les jode.\" src=\"\/voc-migration\/endpointsite\/wp-content\/uploads\/sites\/159\/2013\/05\/aznar-647x231.jpg\" alt=\"\" width=\"647\" height=\"231\" srcset=\"https:\/\/static-blogs.larioja.com\/wp-content\/uploads\/sites\/159\/2013\/05\/aznar-647x231.jpg 647w, https:\/\/static-blogs.larioja.com\/wp-content\/uploads\/sites\/159\/2013\/05\/aznar-647x231-300x107.jpg 300w\" sizes=\"(max-width: 647px) 100vw, 647px\" \/><\/a><span style=\"font-size: medium;\">Pero cuando vamos a darnos cuenta que lo que menos le importa a esta sociedad (a su inmensa mayor\u00eda absoluta) es si los pol\u00edticos del Partido Popular son o han sido m\u00e1s o menos corruptos.<\/span><\/p>\n<p><span style=\"font-size: medium;\">\u00bfAlguien de verdad es tan ingenuo para creer que los votantes del PP, van a cambiar su voto porque la trama corrupta mafiosa del Sr. Correa financiara parte de la boda de la hija del mism\u00edsimo Jos\u00e9 mar\u00eda Aznar?. Eso publican hoy todos los medios.<\/span><\/p>\n<p><span style=\"font-size: medium;\">Es m\u00e1s, \u00bfAlguien se piensa que la idolatr\u00eda que por Aznar procesan algunos desinformados va a menguar por esto?. \u00a0Pues no afecta en nada. Incluso dir\u00eda que se ve con absoluta normalidad. Con la misma normalidad que cuando el que fuera \u00a0mano derecha de Aznar (en sus tiempos de presidente) conduc\u00eda su coche borracho. Es algo normal en los dirigentes del PP \u2013 no que conduzcan borrachos- \u00a0sino que la sociedad \u2013 esa parte que los vota- \u00a0les perdone este tipo de pecadillos. No pasa lo mismo si los pol\u00edticos son de izquierdas, a esos se les crucifica a la m\u00ednima.<\/span><\/p>\n<p><span style=\"font-size: medium;\">\u00a0\u00a0\u00a0\u00a0\u00a0\u00a0\u00a0\u00a0\u00a0\u00a0\u00a0\u00a0\u00a0\u00a0\u00a0\u00a0\u00a0\u00a0\u00a0\u00a0\u00a0\u00a0 Ahora mismo, los m\u00e1s reputados caraduras de las clases selectas espa\u00f1olas, \u00a0como Jos\u00e9 Mar\u00eda Ruiz Mateos, Mario Conde, Blesa, B\u00e1rcenas, etc \u00a0son vistos con cierta simpat\u00eda\u2026Se les acaba por perdonar los pecadillos por su p\u00fablico. Como si se asumiera que determinadas corruptelas, comportamientos mafiosos y debilidades van impresos en el ADN de la derecha espa\u00f1ola a modo de pedigr\u00ed.<\/span><\/p>\n<p><span style=\"font-size: medium;\">Abundan ejemplos palmarios de esta conducta permisiva con los excesos de sus pol\u00edticos: Jes\u00fas Gil, Rita Barber\u00e1, Francisco Camps, Fabra, Mato\u2026.da igual lo que hagan\u2026les seguir\u00e1n apoyando.<\/span><\/p>\n<p><span style=\"font-size: medium;\">Cuando se ve con normalidad que a uno le toque la loter\u00eda 5 veces cada a\u00f1o, o que no sepa cuantos coches regalados por la mafia descansan en su bajera, firmen contratos con Urdangar\u00edn\u2026 O se pasen las leyes -que ellos mismos han aprobado- por el arco\u2026Es que la sociedad est\u00e1 muy enferma.<\/span><\/p>\n<p>&nbsp;<\/p>\n<p><span style=\"font-size: medium;\">\u00a0\u00a0\u00a0\u00a0\u00a0\u00a0\u00a0\u00a0\u00a0\u00a0\u00a0\u00a0\u00a0\u00a0\u00a0\u00a0\u00a0\u00a0\u00a0\u00a0\u00a0\u00a0 Mientras esto siga as\u00ed, no hay nada que hacer, porque solamente los ciudadanos podr\u00e1n \u00a0levantar de sus asientos a este tipo de pol\u00edticos y, nada parece indicar que la sociedad espa\u00f1ola (exceptuando determinados grupos minoritarios) est\u00e9 en la tesitura de castigar electoralmente a quienes ponen en pr\u00e1ctica conductas que lesionan gravemente la dignidad de la pol\u00edtica y el Estado social.<\/span><\/p>\n<p><span style=\"font-size: medium;\">\u00a0\u00a0\u00a0\u00a0\u00a0\u00a0\u00a0\u00a0\u00a0\u00a0\u00a0\u00a0\u00a0\u00a0\u00a0\u00a0\u00a0\u00a0\u00a0\u00a0\u00a0\u00a0\u00a0 Ayer un se\u00f1or de setenta a\u00f1os me dec\u00eda que no hay manera de cambiar este Gobierno liberal-extremista. \u00a0Se equivocaba. Tan solo se necesita un mill\u00f3n de personas que se sienten en el suelo frente al palacio de la Moncloa y no se levanten hasta que \u00a0dimitan. Es sencillo, tan \u201cs\u00f3lo\u201d uno de cada cinco madrile\u00f1os, sentado en el suelo pidiendo un Estado social. En menos de 24 horas este Gobierno presentar\u00eda la dimisi\u00f3n.<\/span><\/p>\n<p><span style=\"font-size: medium;\">Es sencillo \u00bfVerdad?. \u00a0El \u00fanico problema es que la sociedad espa\u00f1ola todav\u00eda tiene mucha capacidad de seguir tragando. <\/span><\/p>\n<p>&nbsp;<\/p>\n<p>&nbsp;<\/p>\n","protected":false},"excerpt":{"rendered":"<p>Pero cuando vamos a darnos cuenta que lo que menos le importa a esta sociedad (a su inmensa mayor\u00eda absoluta) es si los pol\u00edticos del Partido Popular son o han sido m\u00e1s o menos corruptos. \u00bfAlguien de verdad es tan ingenuo para creer que los votantes del PP, van a cambiar su voto porque la [&hellip;]<\/p>\n","protected":false},"author":8872,"featured_media":0,"comment_status":"open","ping_status":"open","sticky":false,"template":"","format":"standard","meta":[],"categories":[1],"tags":[139,265,300,527,1018,1157,1180,1285,1314,1517,1597,1868],"_links":{"self":[{"href":"https:\/\/blogs.larioja.com\/insolencias\/wp-json\/wp\/v2\/posts\/1514"}],"collection":[{"href":"https:\/\/blogs.larioja.com\/insolencias\/wp-json\/wp\/v2\/posts"}],"about":[{"href":"https:\/\/blogs.larioja.com\/insolencias\/wp-json\/wp\/v2\/types\/post"}],"author":[{"embeddable":true,"href":"https:\/\/blogs.larioja.com\/insolencias\/wp-json\/wp\/v2\/users\/8872"}],"replies":[{"embeddable":true,"href":"https:\/\/blogs.larioja.com\/insolencias\/wp-json\/wp\/v2\/comments?post=1514"}],"version-history":[{"count":0,"href":"https:\/\/blogs.larioja.com\/insolencias\/wp-json\/wp\/v2\/posts\/1514\/revisions"}],"wp:attachment":[{"href":"https:\/\/blogs.larioja.com\/insolencias\/wp-json\/wp\/v2\/media?parent=1514"}],"wp:term":[{"taxonomy":"category","embeddable":true,"href":"https:\/\/blogs.larioja.com\/insolencias\/wp-json\/wp\/v2\/categories?post=1514"},{"taxonomy":"post_tag","embeddable":true,"href":"https:\/\/blogs.larioja.com\/insolencias\/wp-json\/wp\/v2\/tags?post=1514"}],"curies":[{"name":"wp","href":"https:\/\/api.w.org\/{rel}","templated":true}]}}