{"id":153,"date":"2009-11-16T09:00:00","date_gmt":"2009-11-16T09:00:00","guid":{"rendered":"http:\/\/blogs.larioja.com\/insolencias\/?p=153"},"modified":"2009-11-16T09:00:00","modified_gmt":"2009-11-16T09:00:00","slug":"fago","status":"publish","type":"post","link":"https:\/\/blogs.larioja.com\/insolencias\/2009\/11\/16\/fago\/","title":{"rendered":"FAGO"},"content":{"rendered":"<p><P class=MsoNormal style=\"MARGIN: 0cm 0cm 0pt; TEXT-ALIGN: justify\"><SPAN style=\"FONT-SIZE: 16pt\"><FONT face=\"Times New Roman\"><IMG class=imgizqda id=img_0 src=\"https:\/\/blogs.larioja.com\/insolencias\/files\/181037_PICT0177.JPG\">La primera vez que visit\u00e9 Fago, ten\u00eda 18 a\u00f1os. Me llevaron mis compa\u00f1eros de la escuela de forestales de la DGA. <SPAN style=\"mso-spacerun: yes\"><\/SPAN>Fago era un <SPAN style=\"mso-spacerun: yes\"><\/SPAN>maravilloso pueblecito perdido en mitad del seco bosque prepirenaico, <SPAN style=\"mso-spacerun: yes\"><\/SPAN>hecho de roca y lastras. Calles anchas <SPAN style=\"mso-spacerun: yes\"><\/SPAN>empedradas y una peque\u00f1a iglesia cuadrada, de piedra negra.<?xml:namespace prefix = o ns = \"urn:schemas-microsoft-com:office:office\" \/><o:p><\/o:p><\/FONT><\/SPAN><\/p>\n<p> <P class=MsoNormal style=\"MARGIN: 0cm 0cm 0pt; TEXT-ALIGN: justify\"><SPAN style=\"FONT-SIZE: 16pt\"><FONT face=\"Times New Roman\">Por las calles hab\u00eda gente, abuelos sentados a las puertas de sus casas,\u2026 personas afables, como en toda Huesca.<o:p><\/o:p><\/FONT><\/SPAN><\/p>\n<p> <P class=MsoNormal style=\"MARGIN: 0cm 0cm 0pt; TEXT-ALIGN: justify\"><SPAN style=\"FONT-SIZE: 16pt\"><FONT face=\"Times New Roman\">Mientras<SPAN style=\"mso-spacerun: yes\"> <\/SPAN>estudiaba en Jaca lo visit\u00e9 varias veces. Una de ellas, all\u00e1 por 1989, nos trasladamos a fiestas de Ans\u00f3 \u2013 a pocos kil\u00f3metros de Fago. Mi buen amigo y Agente Forestal Miguel Guzm\u00e1n, acababa de aprobar las oposiciones y lo hab\u00edan destinado en ese excepcional enclave del Pirineo Aragon\u00e9s. Pasamos la noche de juerga en la verbena del pueblo, <SPAN style=\"mso-spacerun: yes\"><\/SPAN>curiosamente amenizada por una orquesta <SPAN style=\"mso-spacerun: yes\"><\/SPAN>(\u201c Equus\u201d) , con el pianista Pedro Cabello, de Calahorra. <SPAN style=\"mso-spacerun: yes\"><\/SPAN>Ya llevaba un mes sin aparecer por mi pueblo y ver a Pedro en el escenario\u2026me atac\u00f3 la morri\u00f1a. La somet\u00ed a base de cerveza .<o:p><\/o:p><\/FONT><\/SPAN><\/p>\n<p> <P class=MsoNormal style=\"MARGIN: 0cm 0cm 0pt; TEXT-ALIGN: justify\"><SPAN style=\"FONT-SIZE: 16pt\"><FONT face=\"Times New Roman\">A la ma\u00f1ana siguiente \u2013por supuesto sin dormir- nos acercamos a uno de los bares que ya repart\u00edan desayuno. Al entrar, <SPAN style=\"mso-spacerun: yes\"><\/SPAN>un forestal se encontraba en la barra. Mi compa\u00f1ero Guzm\u00e1n me lo present\u00f3. Era el forestal de Fago, Santiago Mainar. El t\u00edo no era muy hablador. Desagradable m\u00e1s bien. Charl\u00f3 brevemente con mi amigo de alg\u00fan tema del curro y se larg\u00f3. <o:p><\/o:p><\/FONT><\/SPAN><\/p>\n<p> <P class=MsoNormal style=\"MARGIN: 0cm 0cm 0pt; TEXT-ALIGN: justify\"><SPAN style=\"FONT-SIZE: 16pt\"><FONT face=\"Times New Roman\">La siguiente vez que tuve la ocasi\u00f3n de verlo fue en la tele\u2026primero como vecino charlat\u00e1n, luego esposado y jalonado por dos civiles. <o:p><\/o:p><\/FONT><\/SPAN><\/p>\n<p> <P class=MsoNormal style=\"MARGIN: 0cm 0cm 0pt; TEXT-ALIGN: justify\"><SPAN style=\"FONT-SIZE: 16pt\"><FONT face=\"Times New Roman\">La \u00faltima vez que fui a Fago \u2013 hace un a\u00f1o- comprob\u00e9 que el pueblo sigue igual de maravilloso o m\u00e1s, pero\u2026ya no hay gente por la calle, ni abuelos en las puertas, ni bar\u2026ni hostias en vinagre. Los que quedan miran tras las ventanas, cerradas a cal y canto. El bar est\u00e1 igualmente cerrado. El aire es grueso, denso\u2026cuesta respirarlo. <SPAN style=\"mso-spacerun: yes\"><\/SPAN>Los aleros de las casas dan m\u00e1s sombra de lo normal y hasta la m\u00e1s insensible y despistada de las personas percibir\u00eda con nitidez que en aquel lugar pasa algo\u2026ha pasado, <SPAN style=\"mso-spacerun: yes\"><\/SPAN><SPAN style=\"mso-spacerun: yes\"><\/SPAN>o est\u00e1 a punto de pasar.<o:p><\/o:p><\/FONT><\/SPAN><\/p>\n<p> <P class=MsoNormal style=\"MARGIN: 0cm 0cm 0pt; TEXT-ALIGN: justify\"><SPAN style=\"FONT-SIZE: 16pt\"><FONT face=\"Times New Roman\">.<o:p><\/o:p><\/FONT><\/SPAN><\/p>\n<p> <P class=MsoNormal style=\"MARGIN: 0cm 0cm 0pt; TEXT-ALIGN: justify\"><SPAN style=\"FONT-SIZE: 16pt\"><FONT face=\"Times New Roman\">Hoy empieza el juicio por el asesinato del alcalde de Fago\u2026un pueblo con solo <SPAN style=\"mso-spacerun: yes\"><\/SPAN>veinte vecinos, famoso a base de morbo. <SPAN style=\"mso-spacerun: yes\"><\/SPAN>Un juicio con 120 testigos \u2013 lo cual escapa a mi intelecto- <SPAN style=\"mso-spacerun: yes\"><\/SPAN>y 200 periodistas acreditados.<\/FONT><\/SPAN><\/p>\n<p> <P class=MsoNormal style=\"MARGIN: 0cm 0cm 0pt; TEXT-ALIGN: justify\"><SPAN style=\"FONT-SIZE: 16pt\"><FONT face=\"Times New Roman\">.<o:p><\/o:p><\/FONT><\/SPAN><\/p>\n<p> <DIV style=\"BORDER-RIGHT: medium none; PADDING-RIGHT: 0cm; BORDER-TOP: medium none; PADDING-LEFT: 0cm; PADDING-BOTTOM: 1pt; BORDER-LEFT: medium none; PADDING-TOP: 0cm; BORDER-BOTTOM: windowtext 1.5pt solid; mso-element: para-border-div\"> <P class=MsoNormal style=\"BORDER-RIGHT: medium none; PADDING-RIGHT: 0cm; BORDER-TOP: medium none; PADDING-LEFT: 0cm; PADDING-BOTTOM: 0cm; MARGIN: 0cm 0cm 0pt; BORDER-LEFT: medium none; PADDING-TOP: 0cm; BORDER-BOTTOM: medium none; TEXT-ALIGN: justify; mso-padding-alt: 0cm 0cm 1.0pt 0cm; mso-border-bottom-alt: solid windowtext 1.5pt\"><SPAN style=\"FONT-SIZE: 16pt\"><FONT face=\"Times New Roman\">El morbo ir\u00e1 increscendo.<o:p><\/o:p><\/FONT><\/SPAN><\/p>\n<p><\/DIV><\/p>\n","protected":false},"excerpt":{"rendered":"<p>La primera vez que visit\u00e9 Fago, ten\u00eda 18 a\u00f1os. Me llevaron mis compa\u00f1eros de la escuela de forestales de la DGA. Fago era un maravilloso pueblecito perdido en mitad del seco bosque prepirenaico, hecho de roca y lastras. Calles anchas empedradas y una peque\u00f1a iglesia cuadrada, de piedra negra. Por las calles hab\u00eda gente, abuelos [&hellip;]<\/p>\n","protected":false},"author":8872,"featured_media":0,"comment_status":"open","ping_status":"closed","sticky":false,"template":"","format":"standard","meta":[],"categories":[1],"tags":[106,862,1289,1798],"_links":{"self":[{"href":"https:\/\/blogs.larioja.com\/insolencias\/wp-json\/wp\/v2\/posts\/153"}],"collection":[{"href":"https:\/\/blogs.larioja.com\/insolencias\/wp-json\/wp\/v2\/posts"}],"about":[{"href":"https:\/\/blogs.larioja.com\/insolencias\/wp-json\/wp\/v2\/types\/post"}],"author":[{"embeddable":true,"href":"https:\/\/blogs.larioja.com\/insolencias\/wp-json\/wp\/v2\/users\/8872"}],"replies":[{"embeddable":true,"href":"https:\/\/blogs.larioja.com\/insolencias\/wp-json\/wp\/v2\/comments?post=153"}],"version-history":[{"count":0,"href":"https:\/\/blogs.larioja.com\/insolencias\/wp-json\/wp\/v2\/posts\/153\/revisions"}],"wp:attachment":[{"href":"https:\/\/blogs.larioja.com\/insolencias\/wp-json\/wp\/v2\/media?parent=153"}],"wp:term":[{"taxonomy":"category","embeddable":true,"href":"https:\/\/blogs.larioja.com\/insolencias\/wp-json\/wp\/v2\/categories?post=153"},{"taxonomy":"post_tag","embeddable":true,"href":"https:\/\/blogs.larioja.com\/insolencias\/wp-json\/wp\/v2\/tags?post=153"}],"curies":[{"name":"wp","href":"https:\/\/api.w.org\/{rel}","templated":true}]}}