{"id":1530,"date":"2013-05-30T23:55:24","date_gmt":"2013-05-30T21:55:24","guid":{"rendered":"http:\/\/blogs.larioja.com\/insolencias\/?p=1530"},"modified":"2013-05-30T23:55:24","modified_gmt":"2013-05-30T21:55:24","slug":"ana-mato-presenta-la-dimision","status":"publish","type":"post","link":"https:\/\/blogs.larioja.com\/insolencias\/2013\/05\/30\/ana-mato-presenta-la-dimision\/","title":{"rendered":"Ana Mato, presenta la dimisi\u00f3n."},"content":{"rendered":"<p><span style=\"font-size: medium;\"><a href=\"\/voc-migration\/endpointsite\/wp-content\/uploads\/sites\/159\/2013\/05\/Ana-mato1.jpg\"><img loading=\"lazy\" class=\"alignleft size-full wp-image-1537\" title=\"Ana mato\" src=\"\/voc-migration\/endpointsite\/wp-content\/uploads\/sites\/159\/2013\/05\/Ana-mato1.jpg\" alt=\"\" width=\"400\" height=\"255\" srcset=\"https:\/\/static-blogs.larioja.com\/wp-content\/uploads\/sites\/159\/2013\/05\/Ana-mato1.jpg 400w, https:\/\/static-blogs.larioja.com\/wp-content\/uploads\/sites\/159\/2013\/05\/Ana-mato1-300x191.jpg 300w\" sizes=\"(max-width: 400px) 100vw, 400px\" \/><\/a>\u00a0Su \u00a0situaci\u00f3n ya era lo suficientemente\u00a0\u00a0insostenible para la Ministra de Sanidad \u2013 Ana Mato- sin \u00a0necesidad de\u00a0sacar a la luz \u00a0m\u00e1s datos sobre su presunta connivencia (que digo presunta\u2026presunt\u00edsima) con los responsables de la trama G\u00fcrtel.<\/span><\/p>\n<p>&nbsp;<\/p>\n<p><span style=\"font-size: medium;\">Sonrojaba demasiado\u00a0aquella historia del cochazo de lujo aparcado en su casa, sin que\u00a0 Ana se parara siquiera a reflexionar de que manera hab\u00eda llegado all\u00ed\u2026A su bajera. \u00bfQuien lo habr\u00eda pagado?.<\/span><\/p>\n<p><span style=\"font-size: medium;\">Seg\u00fan la Agencia Tributaria, varias fiestas y celebraciones \u2013 como cumplea\u00f1os , bodas etc.-\u00a0 fueron pagados en parte (o al completo)\u00a0 presuntamente por el se\u00f1or Correa y sus empresas de la trama.<\/span><\/p>\n<p><span style=\"font-size: medium;\">Esos sobornos, agradecimientos -o pagos en especie- no fueron una cuesti\u00f3n puntual, sino que se prolongaron al menos entre 1.998 y 2006, ya que tal y como se ha conocido hoy por los medios de comunicaci\u00f3n, un informe que obra en poder del juez que investiga el caso G\u00fcrtel , en 1998 el propio Correa pag\u00f3 parte de un viaje de Ana Mato y sus hijos al Parque de atracciones de \u201cEuro Disney\u201d \u00a0en Par\u00eds, pago que realiz\u00f3 con su propia tarjeta de cr\u00e9dito.<\/span><\/p>\n<p><span style=\"font-size: medium;\">A este viaje se unen otros realizados por la ministra \u00a0a Helsinki, Dubl\u00edn\u2026(que se sepa), supuestamente financiados por la misma trama.<\/span><\/p>\n<p><span style=\"font-size: medium;\">Hace ya mucho tiempo que tendr\u00eda que haber dimitido de su puesto de Ministra de Espa\u00f1a, pero inexplicablemente se ha agarrado a la cartera como una mordaza.<\/span><\/p>\n<p><span style=\"font-size: medium;\">El presidente Rajoy\u00a0se lo ha permitido y, cuando un presidente permite este tipo de cosas, se puede llegar a interpretar que &#8220;por algo ser\u00e1&#8221;\u2026Tal vez la informaci\u00f3n que Mato atesora impide a Rajoy adoptar una postura m\u00e1s \u00e9tica &#8211; y\u00a0contundente- con respecto a los muchos esc\u00e1ndalos que se conocen de esta se\u00f1ora\u2026Y m\u00e1s, \u00a0que seguramente\u00a0 van a conocerse.<\/span><\/p>\n<p><span style=\"font-size: medium;\">Ante este nuevo pago -subvencionado por la Visa de la \u00a0G\u00fcrtel-, la ministra ha manifestado &#8220;que\u00a0tampoco ten\u00eda conocimiento de qui\u00e9n hab\u00eda pagado su estancia en el parque Euro Disney&#8221;. <\/span><\/p>\n<p><span style=\"font-size: medium;\">Ella viv\u00eda feliz sin\u00a0pensar en qui\u00e9n pod\u00eda pagar sus facturas. \u00a0Solamente se preocupaba de elegir el destino, el banquete -o los payasos de la fiesta-, \u00a0que ya se ocupaban de pagarlo otros, \u00a0presuntamente con dinero p\u00fablico \u00a0malversado de los Ayuntamientos y Comunidades Aut\u00f3nomas gobernadas por el Partido Popular, como el de Pozuelo de Alarc\u00f3n\u00a0presidido por su propio marido, \u00a0Jes\u00fas Sep\u00falveda.<\/span><\/p>\n<p><span style=\"font-size: medium;\">Presenta la dimisi\u00f3n \u2013 Ana Mato-, y hazlo pronto, \u00a0porque aunque los delitos prescriban , otras cuestiones m\u00e1s relacionadas con la decencia no tienen posibilidad de hacerlo. Y hace muy feo en el Gobierno de Espa\u00f1a cosas de semejante calado.<\/span><\/p>\n<p><span style=\"font-size: medium;\">\u00bfQu\u00e9 ser\u00e1 lo pr\u00f3ximo?<\/span><\/p>\n<p>&nbsp;<\/p>\n<p>&nbsp;<\/p>\n<p><span style=\"font-size: medium;\"><a href=\"\/voc-migration\/endpointsite\/wp-content\/uploads\/sites\/159\/2013\/05\/como-pu\u00f1os-crema2.jpg\"><img loading=\"lazy\" class=\"aligncenter size-full wp-image-1538\" title=\"como pu\u00f1os crema\" src=\"\/voc-migration\/endpointsite\/wp-content\/uploads\/sites\/159\/2013\/05\/como-pu\u00f1os-crema2.jpg\" alt=\"\" width=\"499\" height=\"244\" srcset=\"https:\/\/static-blogs.larioja.com\/wp-content\/uploads\/sites\/159\/2013\/05\/como-pu\u00f1os-crema2.jpg 499w, https:\/\/static-blogs.larioja.com\/wp-content\/uploads\/sites\/159\/2013\/05\/como-pu\u00f1os-crema2-300x147.jpg 300w\" sizes=\"(max-width: 499px) 100vw, 499px\" \/><\/a><\/span><\/p>\n","protected":false},"excerpt":{"rendered":"<p>\u00a0Su \u00a0situaci\u00f3n ya era lo suficientemente\u00a0\u00a0insostenible para la Ministra de Sanidad \u2013 Ana Mato- sin \u00a0necesidad de\u00a0sacar a la luz \u00a0m\u00e1s datos sobre su presunta connivencia (que digo presunta\u2026presunt\u00edsima) con los responsables de la trama G\u00fcrtel. &nbsp; Sonrojaba demasiado\u00a0aquella historia del cochazo de lujo aparcado en su casa, sin que\u00a0 Ana se parara siquiera a [&hellip;]<\/p>\n","protected":false},"author":8872,"featured_media":0,"comment_status":"open","ping_status":"open","sticky":false,"template":"","format":"standard","meta":[],"categories":[1],"tags":[139,468,575,587,710,832,1018,1026,1052,1158,1504,1943],"_links":{"self":[{"href":"https:\/\/blogs.larioja.com\/insolencias\/wp-json\/wp\/v2\/posts\/1530"}],"collection":[{"href":"https:\/\/blogs.larioja.com\/insolencias\/wp-json\/wp\/v2\/posts"}],"about":[{"href":"https:\/\/blogs.larioja.com\/insolencias\/wp-json\/wp\/v2\/types\/post"}],"author":[{"embeddable":true,"href":"https:\/\/blogs.larioja.com\/insolencias\/wp-json\/wp\/v2\/users\/8872"}],"replies":[{"embeddable":true,"href":"https:\/\/blogs.larioja.com\/insolencias\/wp-json\/wp\/v2\/comments?post=1530"}],"version-history":[{"count":0,"href":"https:\/\/blogs.larioja.com\/insolencias\/wp-json\/wp\/v2\/posts\/1530\/revisions"}],"wp:attachment":[{"href":"https:\/\/blogs.larioja.com\/insolencias\/wp-json\/wp\/v2\/media?parent=1530"}],"wp:term":[{"taxonomy":"category","embeddable":true,"href":"https:\/\/blogs.larioja.com\/insolencias\/wp-json\/wp\/v2\/categories?post=1530"},{"taxonomy":"post_tag","embeddable":true,"href":"https:\/\/blogs.larioja.com\/insolencias\/wp-json\/wp\/v2\/tags?post=1530"}],"curies":[{"name":"wp","href":"https:\/\/api.w.org\/{rel}","templated":true}]}}