{"id":157,"date":"2009-12-08T11:03:00","date_gmt":"2009-12-08T11:03:00","guid":{"rendered":"http:\/\/blogs.larioja.com\/insolencias\/?p=157"},"modified":"2009-12-08T11:03:00","modified_gmt":"2009-12-08T11:03:00","slug":"la-responsabilidad-espana-el-sahara","status":"publish","type":"post","link":"https:\/\/blogs.larioja.com\/insolencias\/2009\/12\/08\/la-responsabilidad-espana-el-sahara\/","title":{"rendered":"La responsabilidad de Espa\u00f1a en el S\u00e1hara."},"content":{"rendered":"<p><IMG class=imgizqda id=img_0 src=\"https:\/\/blogs.larioja.com\/insolencias\/files\/sahara.jpg\"><\/p>\n<p> <P class=MsoNormal style=\"MARGIN: 0cm 0cm 0pt\"><SPAN lang=ES-MX style=\"FONT-SIZE: 16pt; mso-ansi-language: ES-MX\"><FONT face=\"Times New Roman\">Francisco Franco no hizo nada bien en su vida y abandonar -devolver m\u00e1s bien- el S\u00e1hara a sus leg\u00edtimos propietarios no iba a ser una excepci\u00f3n.<?xml:namespace prefix = o ns = \"urn:schemas-microsoft-com:office:office\" \/><o:p><\/o:p><\/FONT><\/SPAN><\/p>\n<p> <P class=MsoNormal style=\"MARGIN: 0cm 0cm 0pt\"><SPAN lang=ES-MX style=\"FONT-SIZE: 16pt; mso-ansi-language: ES-MX\"><FONT face=\"Times New Roman\">Espa\u00f1a tiene contra\u00edda una gran responsabilidad en el devenir del conflicto en el S\u00e1hara Occidental. La dictadura permiti\u00f3 que la Marcha Verde accediera al S\u00e1hara y no hizo nada para impedirlo. <o:p><\/o:p><\/FONT><\/SPAN><\/p>\n<p> <P class=MsoNormal style=\"MARGIN: 0cm 0cm 0pt\"><SPAN lang=ES-MX style=\"FONT-SIZE: 16pt; mso-ansi-language: ES-MX\"><FONT face=\"Times New Roman\">Para aquel entonces Espa\u00f1a hab\u00eda acatado el mandato de la ONU de abandonar los territorios ocupados del S\u00e1hara y se hab\u00eda comprometido <SPAN style=\"mso-spacerun: yes\"><\/SPAN>a celebrar un refer\u00e9ndum <SPAN style=\"mso-spacerun: yes\"><\/SPAN>sobre el destino de la colonia entre sus leg\u00edtimos propietarios. <SPAN style=\"mso-spacerun: yes\"><\/SPAN>Treinta y cuatro a\u00f1os despu\u00e9s\u2026 el refer\u00e9ndum sigue sin celebrarse.<o:p><\/o:p><\/FONT><\/SPAN><\/p>\n<p> <P class=MsoNormal style=\"MARGIN: 0cm 0cm 0pt\"><SPAN lang=ES-MX style=\"FONT-SIZE: 16pt; mso-ansi-language: ES-MX\"><FONT face=\"Times New Roman\"><SPAN style=\"mso-spacerun: yes\"><\/SPAN>Cientos de miles de espa\u00f1oles \u2013 saharauis con DNI de Espa\u00f1a- vieron como el Sult\u00e1n de Marruecos invad\u00eda lo que en aquel entonces era tan Espa\u00f1a como Ceuta o Melilla\u2026o Perejil. <o:p><\/o:p><\/FONT><\/SPAN><\/p>\n<p> <P class=MsoNormal style=\"MARGIN: 0cm 0cm 0pt\"><SPAN lang=ES-MX style=\"FONT-SIZE: 16pt; mso-ansi-language: ES-MX\"><FONT face=\"Times New Roman\">Aquel al <SPAN style=\"mso-spacerun: yes\"><\/SPAN>cual <SPAN style=\"mso-spacerun: yes\"><\/SPAN>D. Juan Carlos de Borb\u00f3n llamaba \u201csu hermano\u201d nos la clav\u00f3 bien clavada\u2026mayormente a los espa\u00f1oles del S\u00e1hara. Todav\u00eda no la ha sacado. <o:p><\/o:p><\/FONT><\/SPAN><\/p>\n<p> <P class=MsoNormal style=\"MARGIN: 0cm 0cm 0pt\"><SPAN lang=ES-MX style=\"FONT-SIZE: 16pt; mso-ansi-language: ES-MX\"><FONT face=\"Times New Roman\">Es una patata caliente que lleva treinta y cuatro a\u00f1os sobre nuestro tejado. Treinta y cuatro a\u00f1os en los que ning\u00fan gobierno ha cogido el toro por los cuernos y se ha plantado con firmeza del lado de los saharauis, que es el \u00fanico lado del que la \u00e9tica y la decencia permite estar.<o:p><\/o:p><\/FONT><\/SPAN><\/p>\n<p> <P class=MsoNormal style=\"MARGIN: 0cm 0cm 0pt\"><SPAN lang=ES-MX style=\"FONT-SIZE: 16pt; mso-ansi-language: ES-MX\"><FONT face=\"Times New Roman\">Desde nuestra vergonzosa retirada del S\u00e1hara, el pueblo Saharaui \u2013 esos espa\u00f1oles con DNI- han padecido mil calamidades Invasiones de Marruecos, de Mauritania, \u00e9xodos, matanzas\u2026todo ello visto desde una lejan\u00eda inexistente por los diferentes gobiernos de Espa\u00f1a. <SPAN style=\"mso-spacerun: yes\"><\/SPAN><o:p><\/o:p><\/FONT><\/SPAN><\/p>\n<p> <P class=MsoNormal style=\"MARGIN: 0cm 0cm 0pt\"><SPAN lang=ES-MX style=\"FONT-SIZE: 16pt; mso-ansi-language: ES-MX\"><FONT face=\"Times New Roman\">Decenas de miles de personas malviven en los campos de refugiados de Argelia, en Tinduf, Hauza\u2026esperando desde hace m\u00e1s de <SPAN style=\"mso-spacerun: yes\"><\/SPAN>tres d\u00e9cadas poder regresar a su tierra.<o:p><\/o:p><\/FONT><\/SPAN><\/p>\n<p> <P class=MsoNormal style=\"MARGIN: 0cm 0cm 0pt\"><SPAN lang=ES-MX style=\"FONT-SIZE: 16pt; mso-ansi-language: ES-MX\"><FONT face=\"Times New Roman\">Ahora el hijo del hermano de D. Juan Carlos de Borb\u00f3n, (Mohamed VI) se planta contra Espa\u00f1a y contra La UE. Amenaza con descontrolar las supuestas puertas que cierran el narcotr\u00e1fico la inmigraci\u00f3n ilegal y el terrorismo islamista. Esto ya es el colmo. <o:p><\/o:p><\/FONT><\/SPAN><\/p>\n<p> <P class=MsoNormal style=\"MARGIN: 0cm 0cm 0pt\"><SPAN lang=ES-MX style=\"FONT-SIZE: 16pt; mso-ansi-language: ES-MX\"><FONT face=\"Times New Roman\">Siete independentistas saharahuis han sido detenidos por orden de Mohamed VI en Casablanca y ser\u00e1n juzgados por traici\u00f3n contra la integridad territorial de Marruecos por un tribunal militar. Su delito no es otro que luchar por recuperar la tierra que Marruecos rob\u00f3 en 1975.<o:p><\/o:p><\/FONT><\/SPAN><\/p>\n<p> <P class=MsoNormal style=\"MARGIN: 0cm 0cm 0pt\"><FONT face=\"Times New Roman\"><SPAN lang=ES-MX style=\"FONT-SIZE: 16pt; mso-ansi-language: ES-MX\">Y mientras <\/SPAN><SPAN style=\"FONT-SIZE: 16pt\">Aminatou Haidar<\/SPAN><SPAN lang=ES-MX style=\"FONT-SIZE: 16pt; mso-ansi-language: ES-MX\"> permanece en una muy justificada huelga de hambre en las dependencias del Estado, el aeropuerto de Lanzarote.<o:p><\/o:p><\/SPAN><\/FONT><\/p>\n<p> <P class=MsoNormal style=\"MARGIN: 0cm 0cm 0pt\"><SPAN lang=ES-MX style=\"FONT-SIZE: 16pt; mso-ansi-language: ES-MX\"><FONT face=\"Times New Roman\">.<o:p><\/o:p><\/FONT><\/SPAN><\/p>\n<p> <P class=MsoNormal style=\"MARGIN: 0cm 0cm 0pt\"><SPAN lang=ES-MX style=\"FONT-SIZE: 16pt; mso-ansi-language: ES-MX\"><FONT face=\"Times New Roman\">\u00bfD\u00f3nde est\u00e1 Espa\u00f1a, d\u00f3nde la UE\u2026donde la ONU? <\/FONT><\/SPAN><SPAN style=\"FONT-SIZE: 16pt\"><o:p><\/o:p><\/SPAN><\/p>\n","protected":false},"excerpt":{"rendered":"<p>Francisco Franco no hizo nada bien en su vida y abandonar -devolver m\u00e1s bien- el S\u00e1hara a sus leg\u00edtimos propietarios no iba a ser una excepci\u00f3n. Espa\u00f1a tiene contra\u00edda una gran responsabilidad en el devenir del conflicto en el S\u00e1hara Occidental. La dictadura permiti\u00f3 que la Marcha Verde accediera al S\u00e1hara y no hizo nada [&hellip;]<\/p>\n","protected":false},"author":8872,"featured_media":0,"comment_status":"open","ping_status":"closed","sticky":false,"template":"","format":"standard","meta":[],"categories":[1],"tags":[133,930,1020,1596,1784],"_links":{"self":[{"href":"https:\/\/blogs.larioja.com\/insolencias\/wp-json\/wp\/v2\/posts\/157"}],"collection":[{"href":"https:\/\/blogs.larioja.com\/insolencias\/wp-json\/wp\/v2\/posts"}],"about":[{"href":"https:\/\/blogs.larioja.com\/insolencias\/wp-json\/wp\/v2\/types\/post"}],"author":[{"embeddable":true,"href":"https:\/\/blogs.larioja.com\/insolencias\/wp-json\/wp\/v2\/users\/8872"}],"replies":[{"embeddable":true,"href":"https:\/\/blogs.larioja.com\/insolencias\/wp-json\/wp\/v2\/comments?post=157"}],"version-history":[{"count":0,"href":"https:\/\/blogs.larioja.com\/insolencias\/wp-json\/wp\/v2\/posts\/157\/revisions"}],"wp:attachment":[{"href":"https:\/\/blogs.larioja.com\/insolencias\/wp-json\/wp\/v2\/media?parent=157"}],"wp:term":[{"taxonomy":"category","embeddable":true,"href":"https:\/\/blogs.larioja.com\/insolencias\/wp-json\/wp\/v2\/categories?post=157"},{"taxonomy":"post_tag","embeddable":true,"href":"https:\/\/blogs.larioja.com\/insolencias\/wp-json\/wp\/v2\/tags?post=157"}],"curies":[{"name":"wp","href":"https:\/\/api.w.org\/{rel}","templated":true}]}}