{"id":158,"date":"2009-12-11T01:06:00","date_gmt":"2009-12-11T01:06:00","guid":{"rendered":"http:\/\/blogs.larioja.com\/insolencias\/?p=158"},"modified":"2009-12-11T01:06:00","modified_gmt":"2009-12-11T01:06:00","slug":"mobbing","status":"publish","type":"post","link":"https:\/\/blogs.larioja.com\/insolencias\/2009\/12\/11\/mobbing\/","title":{"rendered":"Mobbing"},"content":{"rendered":"<p><P class=MsoNormal style=\"MARGIN: 0cm 0cm 0pt\"><SPAN style=\"FONT-SIZE: 16pt\"><FONT face=\"Times New Roman\"><IMG class=imgizqda id=img_0 src=\"https:\/\/blogs.larioja.com\/insolencias\/files\/185083_11800x600_pantera_en_la_oscuridad.jpg\">Esta semana ha saltado a la prensa un nuevo caso de lo que es una de las m\u00e1s asquerosas y sectarias pr\u00e1cticas de los pol\u00edticos m\u00e1s miserables y arrastrados.<\/FONT><\/SPAN><\/p>\n<p> <P class=MsoNormal style=\"MARGIN: 0cm 0cm 0pt\"><SPAN style=\"FONT-SIZE: 16pt\"><FONT face=\"Times New Roman\">Una letrada del Parlamento de La Rioja, fue <SPAN style=\"mso-spacerun: yes\"><\/SPAN>sancionada internamente a 6 meses de suspensi\u00f3n de empleo y sueldo por opinar. S\u00ed\u2026por opinar. <?xml:namespace prefix = o ns = \"urn:schemas-microsoft-com:office:office\" \/><o:p><\/o:p><\/FONT><\/SPAN><\/p>\n<p> <P class=MsoNormal style=\"MARGIN: 0cm 0cm 0pt\"><SPAN style=\"FONT-SIZE: 16pt\"><FONT face=\"Times New Roman\">Opin\u00f3, y dej\u00f3 por escrito -m\u00e1s o menos- que en el Parlamento de La Rioja <SPAN style=\"mso-spacerun: yes\"><\/SPAN><SPAN style=\"mso-spacerun: yes\"><\/SPAN>el estado de derecho brilla por su ausencia. Y claro, a la casta pol\u00edtica gobernante esto de que alguien les diga la verdad a la cara\u2026 no lo toleran, y abusan de su poder en el corralito del procedimiento administrativo, en el que se recrean enfermizamente hasta que llega la realidad del juzgado. <o:p><\/o:p><\/FONT><\/SPAN><\/p>\n<p> <P class=MsoNormal style=\"MARGIN: 0cm 0cm 0pt\"><SPAN style=\"FONT-SIZE: 16pt\"><FONT face=\"Times New Roman\">El juez ha dictaminado como nula la sanci\u00f3n impuesta a esta funcionaria mediante expediente disciplinario. Este es solo un caso m\u00e1s, pero en no demasiados d\u00edas se conocer\u00e1 otro todav\u00eda m\u00e1s escandaloso.<o:p><\/o:p><\/FONT><\/SPAN><\/p>\n<p> <P class=MsoNormal style=\"MARGIN: 0cm 0cm 0pt\"><SPAN style=\"FONT-SIZE: 16pt\"><FONT face=\"Times New Roman\">.<o:p><\/o:p><\/FONT><\/SPAN><\/p>\n<p> <P class=MsoNormal style=\"MARGIN: 0cm 0cm 0pt\"><SPAN style=\"FONT-SIZE: 16pt\"><o:p><FONT face=\"Times New Roman\"><\/FONT><\/o:p><\/SPAN><\/p>\n<p> <P class=MsoNormal style=\"MARGIN: 0cm 0cm 0pt\"><SPAN style=\"FONT-SIZE: 16pt\"><FONT face=\"Times New Roman\">En esta bendita tierra -de vino y pandereta- se practica el mobbing contra los funcionarios que no tragan. Un delito tipificado en el C\u00f3digo Penal que patrocinan altos cargos <SPAN style=\"mso-spacerun: yes\"><\/SPAN>espoleados por sus propias frustraciones y por las llamadas telef\u00f3nicas de los caciques locales\u2026los fascistas de pueblo. <o:p><\/o:p><\/FONT><\/SPAN><\/p>\n<p> <P class=MsoNormal style=\"MARGIN: 0cm 0cm 0pt\"><SPAN style=\"FONT-SIZE: 16pt\"><FONT face=\"Times New Roman\">Para acometer esta despreciable tarea se apoyan en altos funcionarios que a modo de trampol\u00edn se prestan a lo que se les mande. No hablo de o\u00eddas, sino de mi propia experiencia\u2026.que en este tema es muy dilatada y contrastada.<o:p><\/o:p><\/FONT><\/SPAN><\/p>\n<p> <P class=MsoNormal style=\"MARGIN: 0cm 0cm 0pt\"><SPAN style=\"FONT-SIZE: 16pt\"><FONT face=\"Times New Roman\">Por cierto, estoy<SPAN style=\"mso-spacerun: yes\"> <\/SPAN>diciendo (por si alguno no se ha enterado todav\u00eda)<SPAN style=\"mso-spacerun: yes\"> <\/SPAN>que <SPAN style=\"mso-spacerun: yes\"><\/SPAN>se practica acoso laboral contra los trabajadores, por lo que aviso a los centinelas que pueden interponer contra mi persona una denuncia en el juzgado por expresar mi opini\u00f3n en este art\u00edculo. Que lo fotocopien y se lo lleven al juzgado, a ver si soy capaz de demostrar lo que digo ante un juez \u2026y de paso me ahorran ese ineludible viaje.<o:p><\/o:p><\/FONT><\/SPAN><\/p>\n","protected":false},"excerpt":{"rendered":"<p>Esta semana ha saltado a la prensa un nuevo caso de lo que es una de las m\u00e1s asquerosas y sectarias pr\u00e1cticas de los pol\u00edticos m\u00e1s miserables y arrastrados. Una letrada del Parlamento de La Rioja, fue sancionada internamente a 6 meses de suspensi\u00f3n de empleo y sueldo por opinar. S\u00ed\u2026por opinar. Opin\u00f3, y dej\u00f3 [&hellip;]<\/p>\n","protected":false},"author":8872,"featured_media":0,"comment_status":"open","ping_status":"closed","sticky":false,"template":"","format":"standard","meta":[],"categories":[1],"tags":[72,940,1224,1375],"_links":{"self":[{"href":"https:\/\/blogs.larioja.com\/insolencias\/wp-json\/wp\/v2\/posts\/158"}],"collection":[{"href":"https:\/\/blogs.larioja.com\/insolencias\/wp-json\/wp\/v2\/posts"}],"about":[{"href":"https:\/\/blogs.larioja.com\/insolencias\/wp-json\/wp\/v2\/types\/post"}],"author":[{"embeddable":true,"href":"https:\/\/blogs.larioja.com\/insolencias\/wp-json\/wp\/v2\/users\/8872"}],"replies":[{"embeddable":true,"href":"https:\/\/blogs.larioja.com\/insolencias\/wp-json\/wp\/v2\/comments?post=158"}],"version-history":[{"count":0,"href":"https:\/\/blogs.larioja.com\/insolencias\/wp-json\/wp\/v2\/posts\/158\/revisions"}],"wp:attachment":[{"href":"https:\/\/blogs.larioja.com\/insolencias\/wp-json\/wp\/v2\/media?parent=158"}],"wp:term":[{"taxonomy":"category","embeddable":true,"href":"https:\/\/blogs.larioja.com\/insolencias\/wp-json\/wp\/v2\/categories?post=158"},{"taxonomy":"post_tag","embeddable":true,"href":"https:\/\/blogs.larioja.com\/insolencias\/wp-json\/wp\/v2\/tags?post=158"}],"curies":[{"name":"wp","href":"https:\/\/api.w.org\/{rel}","templated":true}]}}