{"id":1587,"date":"2013-07-09T19:46:11","date_gmt":"2013-07-09T17:46:11","guid":{"rendered":"http:\/\/blogs.larioja.com\/insolencias\/?p=1587"},"modified":"2013-07-09T19:46:11","modified_gmt":"2013-07-09T17:46:11","slug":"la-imposible-coartada-del-partido-popular","status":"publish","type":"post","link":"https:\/\/blogs.larioja.com\/insolencias\/2013\/07\/09\/la-imposible-coartada-del-partido-popular\/","title":{"rendered":"La imposible coartada del Partido Popular"},"content":{"rendered":"<p>&nbsp;<\/p>\n<p>&nbsp;<\/p>\n<p><span style=\"font-size: medium;\"><a href=\"\/voc-migration\/endpointsite\/wp-content\/uploads\/sites\/159\/2013\/07\/rajoy.jpg\"><img loading=\"lazy\" class=\"alignleft size-full wp-image-1588\" title=\"rajoy\" src=\"\/voc-migration\/endpointsite\/wp-content\/uploads\/sites\/159\/2013\/07\/rajoy.jpg\" alt=\"\" width=\"300\" height=\"397\" srcset=\"https:\/\/static-blogs.larioja.com\/wp-content\/uploads\/sites\/159\/2013\/07\/rajoy.jpg 300w, https:\/\/static-blogs.larioja.com\/wp-content\/uploads\/sites\/159\/2013\/07\/rajoy-227x300.jpg 227w\" sizes=\"(max-width: 300px) 100vw, 300px\" \/><\/a>Hasta el mas desinformado de este pa\u00eds, tiene meridianamente claro, que Mariano Rajoy -y otros muchos de los altos dirigentes del Partido Popular- han cobrado ilegalmente cantidades de dinero negro, aportado por empresarios de la construcci\u00f3n a cambio de obras y contratos. \u00a0Esta situaci\u00f3n, por m\u00e1s conocida que sea- lejos de propiciar la dimisi\u00f3n de Rajoy y de parte de su c\u00fapula, lo que va a suponer es el enquistado de los mismos en su asiento, al que se van a agarrar con u\u00f1as y dientes.<\/span><\/p>\n<p><span style=\"font-size: medium;\">Esta situaci\u00f3n no va a debilitar en exceso los caladeros de votos del PP, ya que una importante porci\u00f3n de sus apoyos electorales \u2013 votos- son tan fieles como inconscientes. Votar\u00e1n al PP aunque lo presida el mism\u00edsimo satan\u00e1s coronado por una cabeza negra de carnero.<\/span><\/p>\n<p><span style=\"font-size: medium;\">Pero existe un sector cr\u00edtico \u2013 aunque minoritario- que se estar\u00e1 cuestionando su comportamiento electoral para el futuro y, cuya marcha se plasmar\u00eda en una p\u00e9rdida de la mayor\u00eda absoluta. \u00a0Esa capa de electores est\u00e1 en juego y esperando acontecimientos.<\/span><\/p>\n<p><span style=\"font-size: medium;\">No cabe ninguna duda de que Rajoy no ceder\u00e1 ni reconocer\u00e1 nada, por lo que tan s\u00f3lo el poder de la justicia lo levantar\u00e1 de su asiento y, para que llegue ese momento pasar\u00e1n muchos meses, incluso a\u00f1os.<\/span><\/p>\n<p><span style=\"font-size: medium;\">Pero todav\u00eda al Partido Popular le queda una carta en la manga. Una Coartada. Es dif\u00edcil, pero no imposible, que desde la propia formaci\u00f3n pol\u00edtica alguien alce la voz \u2013desde la decencia y la honradez- y dando un pu\u00f1etazo sobre la mesa lidere un movimiento de regeneraci\u00f3n \u00e9tica y democr\u00e1tica en el PP. Alguien que recoja el descontento de aquellos que desde el interior del propio partido asisten con estupor y verg\u00fcenza a esta grotesca situaci\u00f3n. Si esto sucede (m\u00e1s pronto que tarde), ser\u00e1 la \u00fanica coartada posible para todo un partido pol\u00edtico que no puede asistir imp\u00e1vido como un grupo de chorizos lo hunden en la miseria.<\/span><\/p>\n<p><span style=\"font-size: medium;\">Es una maravillosa oportunidad para limpiar de suciedad\u00a0el partido.<\/span><\/p>\n<p>&nbsp;<\/p>\n<p>&nbsp;<\/p>\n<p><span style=\"font-size: medium;\"><a href=\"\/voc-migration\/endpointsite\/wp-content\/uploads\/sites\/159\/2013\/07\/como-pu\u00f1os-crema1.jpg\"><img loading=\"lazy\" class=\"aligncenter size-full wp-image-1589\" title=\"como pu\u00f1os crema\" src=\"\/voc-migration\/endpointsite\/wp-content\/uploads\/sites\/159\/2013\/07\/como-pu\u00f1os-crema1.jpg\" alt=\"\" width=\"499\" height=\"244\" srcset=\"https:\/\/static-blogs.larioja.com\/wp-content\/uploads\/sites\/159\/2013\/07\/como-pu\u00f1os-crema1.jpg 499w, https:\/\/static-blogs.larioja.com\/wp-content\/uploads\/sites\/159\/2013\/07\/como-pu\u00f1os-crema1-300x147.jpg 300w\" sizes=\"(max-width: 499px) 100vw, 499px\" \/><\/a><\/span><\/p>\n","protected":false},"excerpt":{"rendered":"<p>&nbsp; &nbsp; Hasta el mas desinformado de este pa\u00eds, tiene meridianamente claro, que Mariano Rajoy -y otros muchos de los altos dirigentes del Partido Popular- han cobrado ilegalmente cantidades de dinero negro, aportado por empresarios de la construcci\u00f3n a cambio de obras y contratos. \u00a0Esta situaci\u00f3n, por m\u00e1s conocida que sea- lejos de propiciar la [&hellip;]<\/p>\n","protected":false},"author":8872,"featured_media":0,"comment_status":"open","ping_status":"open","sticky":false,"template":"","format":"standard","meta":[],"categories":[1],"tags":[265,436,530,683,1311,1517,1863],"_links":{"self":[{"href":"https:\/\/blogs.larioja.com\/insolencias\/wp-json\/wp\/v2\/posts\/1587"}],"collection":[{"href":"https:\/\/blogs.larioja.com\/insolencias\/wp-json\/wp\/v2\/posts"}],"about":[{"href":"https:\/\/blogs.larioja.com\/insolencias\/wp-json\/wp\/v2\/types\/post"}],"author":[{"embeddable":true,"href":"https:\/\/blogs.larioja.com\/insolencias\/wp-json\/wp\/v2\/users\/8872"}],"replies":[{"embeddable":true,"href":"https:\/\/blogs.larioja.com\/insolencias\/wp-json\/wp\/v2\/comments?post=1587"}],"version-history":[{"count":0,"href":"https:\/\/blogs.larioja.com\/insolencias\/wp-json\/wp\/v2\/posts\/1587\/revisions"}],"wp:attachment":[{"href":"https:\/\/blogs.larioja.com\/insolencias\/wp-json\/wp\/v2\/media?parent=1587"}],"wp:term":[{"taxonomy":"category","embeddable":true,"href":"https:\/\/blogs.larioja.com\/insolencias\/wp-json\/wp\/v2\/categories?post=1587"},{"taxonomy":"post_tag","embeddable":true,"href":"https:\/\/blogs.larioja.com\/insolencias\/wp-json\/wp\/v2\/tags?post=1587"}],"curies":[{"name":"wp","href":"https:\/\/api.w.org\/{rel}","templated":true}]}}