{"id":1600,"date":"2013-07-24T08:54:12","date_gmt":"2013-07-24T06:54:12","guid":{"rendered":"http:\/\/blogs.larioja.com\/insolencias\/?p=1600"},"modified":"2013-07-24T08:54:12","modified_gmt":"2013-07-24T06:54:12","slug":"la-santisima-virgen-de-los-200-000-euros","status":"publish","type":"post","link":"https:\/\/blogs.larioja.com\/insolencias\/2013\/07\/24\/la-santisima-virgen-de-los-200-000-euros\/","title":{"rendered":"la sant\u00edsima virgen de los 200.000 Euros"},"content":{"rendered":"<p><a href=\"\/voc-migration\/endpointsite\/wp-content\/uploads\/sites\/159\/2013\/07\/IMG_9657.jpg\"><img loading=\"lazy\" class=\"aligncenter size-full wp-image-1602\" title=\"200.000 Euros de d\u00f3nde????????\" src=\"\/voc-migration\/endpointsite\/wp-content\/uploads\/sites\/159\/2013\/07\/IMG_9657.jpg\" alt=\"\" width=\"612\" height=\"318\" srcset=\"https:\/\/static-blogs.larioja.com\/wp-content\/uploads\/sites\/159\/2013\/07\/IMG_9657.jpg 612w, https:\/\/static-blogs.larioja.com\/wp-content\/uploads\/sites\/159\/2013\/07\/IMG_9657-300x156.jpg 300w\" sizes=\"(max-width: 612px) 100vw, 612px\" \/><\/a><\/p>\n<p><span style=\"font-size: medium;\">Igual que el rey Le\u00f3nidas\u00a0 pas\u00f3 a la historia como un hombre unido a una cifra, -concretamente \u00a0&#8220;300&#8221;-, Pedro Sanz (Presidente del PP de la Rioja)\u00a0tambi\u00e9n puede ser que vea su futuro unido a otros guarismos; en este caso a los \u00a0&#8220;200.000&#8221;.\u00a0\u00a0\u00a0<\/span><\/p>\n<p><span style=\"font-size: medium;\">Son los 200.000 euros que <a href=\"http:\/\/www.elcorreo.com\/alava\/v\/20130719\/rioja\/barcenas-vincula-compra-sede-20130719.html\">seg\u00fan la contabilidad &#8220;B&#8221; de Luis B\u00e1rcenas <\/a>&#8211; el cabronazo- llegaron sucios \u00a0a Madrid procedentes de La Rioja y posteriormente fueron lavados, blanqueados y devueltos a La Rioja nuevamente, presuntamente para pagar la nueva sede del PP en La Rioja.<\/span><\/p>\n<p><span style=\"font-size: medium;\">Reconociendo que \u00a0las comparaciones\u00a0pueden ser\u00a0odiosas, &#8211; m\u00e1s si cabe en este caso- \u00a0el bravo l\u00edder espartano, perdi\u00f3 su vida\u00a0 (y la de sus 300 valientes paisanos en el estrecho de las Termopilas),\u00a0\u00a0en el noble empe\u00f1o de no retroceder un paso para impedir el avance de Jerjes I\u00a0 hacia la conquista de las polis griegas. Pedro Sanz tambi\u00e9n resiste como un guerrero, pero lo \u00fanico que defiende\u00a0\u00a0(modificaciones urban\u00edsticas a un lado)\u00a0\u00a0es\u00a0\u00a0la tullida\u00a0poltrona en la que acomoda su orgullo.\u00a0 La credibilidad como primer riojano ya \u00a0la ha perdido entre parte de sus propias filas y, sobretodo entre quienes le ve\u00edan con respeto o indiferencia, \u00a0aunque no lo apoyaran en las urnas.<\/span><\/p>\n<p><span style=\"font-size: medium;\">Sus adl\u00e1teres (los muchos est\u00f3magos subvencionados por el r\u00e9gimen durante dos d\u00e9cadas), ante esta situaci\u00f3n indefendible \u00a0han acatado\u00a0 la orden de cerrar filas&#8230;De \u00a0decir <strong>\u201cque todos son iguales\u201d,<\/strong> pero&#8230;Resulta que el PSOE de La Rioja para poder rehabilitar su sede tuvo que pedir una hipoteca bancaria, que cada mes paga y seguir\u00e1 muchos a\u00f1os pagando\u00a0religiosamente&#8230;Eso de que <strong>&#8220;todos son iguales&#8221;<\/strong> queda muy bien en negro sobre blanco y en Times New Roman del 10, pero es falso y, adem\u00e1s soberanamente injusto. <\/span><\/p>\n<p><span style=\"font-size: medium;\">Ning\u00fan empresario ha donado altruistamente 200.000.\u00a0 Lo han hecho en el espurio inter\u00e9s de traficar con influencias mediante\u00a0la comisi\u00f3n de un delito de cohecho. \u00a0<\/span><\/p>\n<p><span style=\"font-size: medium;\">A esta altura de la pel\u00edcula y, esperando noticias judiciales, el presidente Sanz no cuenta con 300 valientes dispuestos a perder la vida &#8211; y el culo- por \u00e9l.\u00a0 &#8220;Solamente&#8221; \u00a0le queda el presupuesto de la Comunidad Aut\u00f3noma para seguir comprando apoyos, tapando bocas y atando manos, as\u00ed como el\u00a0silencio c\u00f3mplice de quienes saben que reconocer sus hechos es equivalente a\u00a0hacer p\u00fablicas\u00a0sus verg\u00fcenzas.<\/span><\/p>\n<p><span style=\"font-size: medium;\">\u00a0\u00a0\u00a0\u00a0\u00a0\u00a0\u00a0\u00a0\u00a0\u00a0\u00a0\u00a0\u00a0\u00a0\u00a0\u00a0\u00a0\u00a0\u00a0\u00a0 Ayer lunes en la localidad de Anguiano, una pancarta colocada al paso de la procesi\u00f3n de una\u00a0santa local (en la que\u00a0procesionaba el propio presidente \u00a0Sanz), reflejaba en grandes cifras un &#8220;200.000&#8221; como un San Luis de grande.\u00a0\u00a0 Dicen que Sanz lo mir\u00f3 y mascull\u00f3. Tambi\u00e9n hay quien afirma que el cartel no le molest\u00f3 lo m\u00e1s m\u00ednimo; no porque tenga la conciencia tranquila, sino porque tiene la confianza serena en que el reba\u00f1o\u00a0 no abandonar\u00e1 al pastor aunque este muestre querencia a usos y costumbres poco naturales. Adem\u00e1s, \u00a0la \u00e9tica y la verg\u00fcenza no son materias sometidas a la democracia del sufragio borreguil. <\/span><\/p>\n<p><span style=\"font-size: medium;\">En cualquier caso Sanz no es Le\u00f3nidas y tambi\u00e9n tiene su par de casta\u00f1as, que no le gustar\u00e1 le toquen con las \u00a0pancartitas de los cojones.<\/span><\/p>\n<p><span style=\"font-size: medium;\">Por cierto&#8230;\u00bfSabe alguien que d\u00eda regala Diario La Rioja la cinta bendecida de la &#8220;Sant\u00edsima virgen de los 200.000 Euros milagrosos&#8221;, \u00a0que San Lu\u00eds B\u00e1rcenas\u00a0transform\u00f3 de negros a blancos\u00a0\u00a0?<\/span><\/p>\n<p>&nbsp;<\/p>\n<p>&nbsp;<\/p>\n<p>&nbsp;<\/p>\n<p><span style=\"font-size: medium;\"><a href=\"\/voc-migration\/endpointsite\/wp-content\/uploads\/sites\/159\/2013\/07\/faldon-como-pu\u00f1os-copia3.jpg\"><img loading=\"lazy\" class=\"aligncenter size-full wp-image-1603\" title=\"faldon como pu\u00f1os - copia\" src=\"\/voc-migration\/endpointsite\/wp-content\/uploads\/sites\/159\/2013\/07\/faldon-como-pu\u00f1os-copia3.jpg\" alt=\"\" width=\"800\" height=\"308\" srcset=\"https:\/\/static-blogs.larioja.com\/wp-content\/uploads\/sites\/159\/2013\/07\/faldon-como-pu\u00f1os-copia3.jpg 800w, https:\/\/static-blogs.larioja.com\/wp-content\/uploads\/sites\/159\/2013\/07\/faldon-como-pu\u00f1os-copia3-300x116.jpg 300w, https:\/\/static-blogs.larioja.com\/wp-content\/uploads\/sites\/159\/2013\/07\/faldon-como-pu\u00f1os-copia3-768x296.jpg 768w\" sizes=\"(max-width: 800px) 100vw, 800px\" \/><\/a><\/span><\/p>\n<p>&nbsp;<\/p>\n","protected":false},"excerpt":{"rendered":"<p>Igual que el rey Le\u00f3nidas\u00a0 pas\u00f3 a la historia como un hombre unido a una cifra, -concretamente \u00a0&#8220;300&#8221;-, Pedro Sanz (Presidente del PP de la Rioja)\u00a0tambi\u00e9n puede ser que vea su futuro unido a otros guarismos; en este caso a los \u00a0&#8220;200.000&#8221;.\u00a0\u00a0\u00a0 Son los 200.000 euros que seg\u00fan la contabilidad &#8220;B&#8221; de Luis B\u00e1rcenas &#8211; [&hellip;]<\/p>\n","protected":false},"author":8872,"featured_media":0,"comment_status":"open","ping_status":"open","sticky":false,"template":"","format":"standard","meta":[],"categories":[1],"tags":[23,150,444,704,765,1275,1538,1817],"_links":{"self":[{"href":"https:\/\/blogs.larioja.com\/insolencias\/wp-json\/wp\/v2\/posts\/1600"}],"collection":[{"href":"https:\/\/blogs.larioja.com\/insolencias\/wp-json\/wp\/v2\/posts"}],"about":[{"href":"https:\/\/blogs.larioja.com\/insolencias\/wp-json\/wp\/v2\/types\/post"}],"author":[{"embeddable":true,"href":"https:\/\/blogs.larioja.com\/insolencias\/wp-json\/wp\/v2\/users\/8872"}],"replies":[{"embeddable":true,"href":"https:\/\/blogs.larioja.com\/insolencias\/wp-json\/wp\/v2\/comments?post=1600"}],"version-history":[{"count":0,"href":"https:\/\/blogs.larioja.com\/insolencias\/wp-json\/wp\/v2\/posts\/1600\/revisions"}],"wp:attachment":[{"href":"https:\/\/blogs.larioja.com\/insolencias\/wp-json\/wp\/v2\/media?parent=1600"}],"wp:term":[{"taxonomy":"category","embeddable":true,"href":"https:\/\/blogs.larioja.com\/insolencias\/wp-json\/wp\/v2\/categories?post=1600"},{"taxonomy":"post_tag","embeddable":true,"href":"https:\/\/blogs.larioja.com\/insolencias\/wp-json\/wp\/v2\/tags?post=1600"}],"curies":[{"name":"wp","href":"https:\/\/api.w.org\/{rel}","templated":true}]}}