{"id":163,"date":"2009-12-28T00:02:00","date_gmt":"2009-12-28T00:02:00","guid":{"rendered":"http:\/\/blogs.larioja.com\/insolencias\/?p=163"},"modified":"2009-12-28T00:02:00","modified_gmt":"2009-12-28T00:02:00","slug":"emilio-del-rio-abandona-politica","status":"publish","type":"post","link":"https:\/\/blogs.larioja.com\/insolencias\/2009\/12\/28\/emilio-del-rio-abandona-politica\/","title":{"rendered":"Emilio del R\u00edo abandona la pol\u00edtica."},"content":{"rendered":"<p><P class=MsoNormal style=\"MARGIN: 0cm 0cm 0pt\"><SPAN style=\"FONT-SIZE: 16pt\"><FONT face=\"Times New Roman\"><\/FONT><\/SPAN><IMG class=imgizqda id=img_0 src=\"https:\/\/blogs.larioja.com\/insolencias\/files\/187213_Emilio5.jpg\"><\/p>\n<p> <P class=MsoNormal style=\"MARGIN: 0cm 0cm 0pt\"><SPAN style=\"FONT-SIZE: 16pt\"><?xml:namespace prefix = o ns = \"urn:schemas-microsoft-com:office:office\" \/><o:p><FONT face=\"Times New Roman\"><\/FONT><\/o:p><\/SPAN><\/p>\n<p> <P class=MsoNormal style=\"MARGIN: 0cm 0cm 0pt\"><SPAN style=\"FONT-SIZE: 16pt\"><FONT face=\"Times New Roman\">Seg\u00fan se acaba de hacer p\u00fablico, el presidente del Gobierno de La Rioja \u2013D. Pedro Sanz Alonso- ha aceptado la renuncia de funciones solicitada por su consejero de presidencia, el logro\u00f1\u00e9s Emilio del R\u00edo. El tambi\u00e9n profesor de la Universidad de La Rioja,<SPAN style=\"mso-spacerun: yes\"> <\/SPAN>especialista en oratoria, abandona su exitosa carrera pol\u00edtica despu\u00e9s de m\u00e1s de una d\u00e9cada <SPAN style=\"mso-spacerun: yes\"><\/SPAN>a las \u00f3rdenes de Sanz. <o:p><\/o:p><\/FONT><\/SPAN><\/p>\n<p> <P class=MsoNormal style=\"MARGIN: 0cm 0cm 0pt\"><SPAN style=\"FONT-SIZE: 16pt\"><FONT face=\"Times New Roman\">La oferta econ\u00f3mica y profesional trasladada v\u00eda telef\u00f3nica por el propio <SPAN style=\"COLOR: black\">Luca Cordero di Montezemolo<\/SPAN> ha sido tan tentadora que el conocido pol\u00edtico ha aceptado ser el piloto de pruebas de Ferrari para las pr\u00f3ximas cinco temporadas. <o:p><\/o:p><\/FONT><\/SPAN><\/p>\n<p> <P class=MsoNormal style=\"MARGIN: 0cm 0cm 0pt\"><SPAN style=\"FONT-SIZE: 16pt\"><FONT face=\"Times New Roman\">Seg\u00fan declaraciones de Felipe Massa a la agencia EFE , el piloto principal de la escuder\u00eda del \u201ccavallino rampante\u201d <SPAN style=\"mso-spacerun: yes\"><\/SPAN>considera que del R\u00edo -pese a su avanzada edad- ha demostrado una ambici\u00f3n desmedida por conducir a altas velocidades, tal y como presuntamente qued\u00f3 demostrado el mes pasado, en un viaje a Zaragoza, en el cual y<SPAN style=\"mso-spacerun: yes\"> <\/SPAN>tras obligar al conductor a introducirse en el asiento trasero de su Audi oficial, consigui\u00f3 realizar la distancia que separa Logro\u00f1o de la capital ma\u00f1a en menos de una hora, alcanzando velocidades superiores a los 200 kil\u00f3metros por hora, saltando varios radares a su paso y poniendo supuestamente en peligro su propia vida, as\u00ed como la del conductor del Gobierno de la Rioja\u2026sin olvidar la de todos aquellos que circulaban por la AP68 en aquella hora gloriosa.<o:p><\/o:p><\/FONT><\/SPAN><\/p>\n<p> <P class=MsoNormal style=\"MARGIN: 0cm 0cm 0pt\"><SPAN style=\"FONT-SIZE: 16pt\"><FONT face=\"Times New Roman\">Por su parte, Fernando Alonso \u2013 que acaba de conseguir el segundo volante de la escuder\u00eda Ferrari- se mostr\u00f3 m\u00e1s cauto en su entusiasmo. Afirm\u00f3 el asturiano que: \u201cCon el retorno de <SPAN style=\"FONT-WEIGHT: normal; COLOR: black; mso-bidi-font-weight: bold\">Michael Schumacher<\/SPAN> a los circuitos y el fichaje de Del R\u00edo, aumenta demasiado la canosidad de la parrilla, lo cual no es bueno, ya que a partir de los 35 a\u00f1os los reflejos disminuyen, y este se\u00f1or tiene un pie en la cincuentena\u201d. Alonso, con su habitual cautela, muestra abiertamente sus reservas ante la incorporaci\u00f3n del ya exconsejero. No se f\u00eda de \u00e9l, ya que la ambici\u00f3n por superar los l\u00edmites que ha <SPAN style=\"mso-spacerun: yes\"><\/SPAN>demostrado del R\u00edo puede perjudicar al dos veces campe\u00f3n del mundo, que podr\u00eda ver peligar su segundo puesto dentro de la escuder\u00eda italiana al m\u00ednimo fallo. <o:p><\/o:p><\/FONT><\/SPAN><\/p>\n<p> <P class=MsoNormal style=\"MARGIN: 0cm 0cm 0pt\"><SPAN style=\"FONT-SIZE: 16pt\"><FONT face=\"Times New Roman\">La noticia ha causado una gran sorpresa entre los c\u00edrculos pol\u00edticos de la capital del tintorro. Las reacciones se suceden -en gran cascada- a lo largo de la jornada.<o:p><\/o:p><\/FONT><\/SPAN><\/p>\n<p> <P class=MsoNormal style=\"MARGIN: 0cm 0cm 0pt\"><SPAN style=\"FONT-SIZE: 16pt\"><FONT face=\"Times New Roman\">El presidente de La Rioja , en declaraciones a la agencia de noticias <SPAN style=\"mso-spacerun: yes\"><\/SPAN>saudi <SPAN style=\"mso-spacerun: yes\"><\/SPAN>\u201c<SPAN style=\"FONT-WEIGHT: normal; COLOR: black; mso-bidi-font-weight: bold\">AlJazeera\u201d( <A href=\"http:\/\/www.youtube.com\/watch?v=xfCSNvAcRD0\"><SPAN style=\"mso-bidi-font-weight: normal\">http:\/\/www.youtube.com\/watch?v=xfCSNvAcRD0<\/SPAN><\/A> )<\/SPAN> ha afirmado que fiel a su pol\u00edtica, \u201cEmilio Del R\u00edo puede regresar cuando lo considere oportuno, que aqu\u00ed le guardaremos el sill\u00f3n haga lo que haga\u2026como al resto\u201d. <o:p><\/o:p><\/FONT><\/SPAN><\/p>\n<p> <P class=MsoNormal style=\"MARGIN: 0cm 0cm 0pt\"><SPAN style=\"FONT-SIZE: 16pt\"><FONT face=\"Times New Roman\">Por su parte, el Jefe de la oposici\u00f3n \u2013 Francisco Mart\u00ednez Aldama- ha <SPAN style=\"mso-spacerun: yes\"><\/SPAN>ingresado de urgencia <SPAN style=\"mso-spacerun: yes\"><\/SPAN>esta misma noche en el hospital &#8220;Sanz Pedro&#8221; de Logro\u00f1o, aquejado de una angina de pecho, consecuencia del gran shock que le supuso<SPAN style=\"mso-spacerun: yes\"> <\/SPAN>recibir la noticia de que un pol\u00edtico del Partido Popular presentaba la dimisi\u00f3n.<o:p><\/o:p><\/FONT><\/SPAN><\/p>\n<p> <P class=MsoNormal style=\"MARGIN: 0cm 0cm 0pt\"><SPAN style=\"FONT-SIZE: 16pt\"><FONT face=\"Times New Roman\">As\u00ed mismo, el secretario de organizaci\u00f3n del PSR \u2013 Rodr\u00edguez Pe\u00f1a- (que fuera recientemente acusado por del R\u00edo de aficionado al buen co\u00f1ac franc\u00e9s), se le ha visto en un exclusivo delicatessen, con la cara desencajada de felicidad, <SPAN style=\"mso-spacerun: yes\"><\/SPAN>adquiriendo una botella de \u201c<STRONG><SPAN style=\"FONT-WEIGHT: normal; mso-bidi-font-weight: bold\">Le Voyage de Delamain\u201d. <\/SPAN><\/STRONG><o:p><\/o:p><\/FONT><\/SPAN><\/p>\n<p> <P class=MsoNormal style=\"MARGIN: 0cm 0cm 0pt\"><SPAN style=\"FONT-SIZE: 16pt\"><FONT face=\"Times New Roman\">La \u00faltima reacci\u00f3n conocida a esta noticia ha sido la del Consejo de la Juventud de La Rioja, cuyo portavoz ha expresado su desconsuelo por la marcha del consejero afirmando: \u201clo vamos a echar mucho de menos\u2026\u00bfqui\u00e9n nos dar\u00e1 ahora clases de educaci\u00f3n vial\u2026qui\u00e9n vendr\u00e1 a explicar lo peligroso de saltarnos los l\u00edmites de velocidad\u2026?. La sociedad riojana en su conjunto est\u00e1 noqueada.<o:p><\/o:p><\/FONT><\/SPAN><\/p>\n<p> <P class=MsoNormal style=\"MARGIN: 0cm 0cm 0pt\"><SPAN style=\"FONT-SIZE: 16pt\"><FONT face=\"Times New Roman\">.<o:p><\/o:p><\/FONT><\/SPAN><\/p>\n<p> <P class=MsoNormal style=\"MARGIN: 0cm 0cm 0pt\"><SPAN style=\"FONT-SIZE: 16pt\"><FONT face=\"Times New Roman\">( <A href=\"http:\/\/www.psoe.es\/ambito\/larioja\/news\/index.do?action=View&#038;id=422187\">http:\/\/www.psoe.es\/ambito\/larioja\/news\/index.do?action=View&#038;id=422187<\/A> )<o:p><\/o:p><\/FONT><\/SPAN><\/p>\n<p> <P class=MsoNormal style=\"MARGIN: 0cm 0cm 0pt\"><SPAN style=\"FONT-SIZE: 16pt\"><o:p><FONT face=\"Times New Roman\"><\/FONT><\/o:p><\/SPAN><\/p>\n<p> <P class=MsoNormal style=\"MARGIN: 0cm 0cm 0pt\"><SPAN style=\"FONT-SIZE: 16pt\"><o:p><FONT face=\"Times New Roman\"><\/FONT><\/o:p><\/SPAN><\/p>\n<p> <P class=MsoNormal style=\"MARGIN: 0cm 0cm 0pt\"><SPAN style=\"FONT-SIZE: 16pt\"><o:p><FONT face=\"Times New Roman\"><\/FONT><\/o:p><\/SPAN><\/p>\n","protected":false},"excerpt":{"rendered":"<p>Seg\u00fan se acaba de hacer p\u00fablico, el presidente del Gobierno de La Rioja \u2013D. Pedro Sanz Alonso- ha aceptado la renuncia de funciones solicitada por su consejero de presidencia, el logro\u00f1\u00e9s Emilio del R\u00edo. El tambi\u00e9n profesor de la Universidad de La Rioja, especialista en oratoria, abandona su exitosa carrera pol\u00edtica despu\u00e9s de m\u00e1s de [&hellip;]<\/p>\n","protected":false},"author":8872,"featured_media":0,"comment_status":"open","ping_status":"closed","sticky":false,"template":"","format":"standard","meta":[],"categories":[1],"tags":[759,891,896,1765],"_links":{"self":[{"href":"https:\/\/blogs.larioja.com\/insolencias\/wp-json\/wp\/v2\/posts\/163"}],"collection":[{"href":"https:\/\/blogs.larioja.com\/insolencias\/wp-json\/wp\/v2\/posts"}],"about":[{"href":"https:\/\/blogs.larioja.com\/insolencias\/wp-json\/wp\/v2\/types\/post"}],"author":[{"embeddable":true,"href":"https:\/\/blogs.larioja.com\/insolencias\/wp-json\/wp\/v2\/users\/8872"}],"replies":[{"embeddable":true,"href":"https:\/\/blogs.larioja.com\/insolencias\/wp-json\/wp\/v2\/comments?post=163"}],"version-history":[{"count":0,"href":"https:\/\/blogs.larioja.com\/insolencias\/wp-json\/wp\/v2\/posts\/163\/revisions"}],"wp:attachment":[{"href":"https:\/\/blogs.larioja.com\/insolencias\/wp-json\/wp\/v2\/media?parent=163"}],"wp:term":[{"taxonomy":"category","embeddable":true,"href":"https:\/\/blogs.larioja.com\/insolencias\/wp-json\/wp\/v2\/categories?post=163"},{"taxonomy":"post_tag","embeddable":true,"href":"https:\/\/blogs.larioja.com\/insolencias\/wp-json\/wp\/v2\/tags?post=163"}],"curies":[{"name":"wp","href":"https:\/\/api.w.org\/{rel}","templated":true}]}}