{"id":165,"date":"2010-01-07T08:00:00","date_gmt":"2010-01-07T08:00:00","guid":{"rendered":"http:\/\/blogs.larioja.com\/insolencias\/?p=165"},"modified":"2010-01-07T08:00:00","modified_gmt":"2010-01-07T08:00:00","slug":"greempeace-y-derechos-humanos","status":"publish","type":"post","link":"https:\/\/blogs.larioja.com\/insolencias\/2010\/01\/07\/greempeace-y-derechos-humanos\/","title":{"rendered":"Greempeace y los Derechos Humanos."},"content":{"rendered":"<p><P class=MsoNormal style=\"MARGIN: 0cm 0cm 0pt\"><SPAN style=\"FONT-SIZE: 16pt\"><FONT face=\"Times New Roman\"><IMG class=imgizqda id=img_0 src=\"https:\/\/blogs.larioja.com\/insolencias\/files\/ugalde.jpg\"><\/FONT><\/SPAN><\/p>\n<p> <P class=MsoNormal style=\"MARGIN: 0cm 0cm 0pt\"><SPAN style=\"FONT-SIZE: 16pt\"><?xml:namespace prefix = o ns = \"urn:schemas-microsoft-com:office:office\" \/><o:p><FONT face=\"Times New Roman\"><\/FONT><\/o:p><\/SPAN><\/p>\n<p> <P class=MsoNormal style=\"MARGIN: 0cm 0cm 0pt\"><SPAN style=\"FONT-SIZE: 16pt\"><FONT face=\"Times New Roman\">Me fascina la forma de centrar la atenci\u00f3n sobre los verdaderos problemas que tienen los ecologistas de Greenpeace. Siempre poniendo el dedo sobre la yaga\u2026para que sangre.<o:p><\/o:p><\/FONT><\/SPAN><\/p>\n<p> <P class=MsoNormal style=\"MARGIN: 0cm 0cm 0pt\"><SPAN style=\"FONT-SIZE: 16pt\"><FONT face=\"Times New Roman\">Con todo este circo de la detenci\u00f3n de Juancho L\u00f3pez de Ugalde, lo que nos han puesto de manifiesto es que la falta de libertades que asola el mundo civilizado ya no conoce l\u00edmites ni fronteras. Hasta aquellos pa\u00edses que siempre fueron m\u00e1s tolerantes y respetuosos con las libertades individuales y colectivas &#8211; a medida que avanzan los tiempos- est\u00e1n retorciendo m\u00e1s y m\u00e1s en aras de la <SPAN style=\"mso-spacerun: yes\"><\/SPAN>pretendida \u201cseguridad\u201d de Occidente.<o:p><\/o:p><\/FONT><\/SPAN><\/p>\n<p> <P class=MsoNormal style=\"MARGIN: 0cm 0cm 0pt\"><SPAN style=\"FONT-SIZE: 16pt\"><FONT face=\"Times New Roman\">.<SPAN style=\"mso-spacerun: yes\"> <\/SPAN><o:p><\/o:p><\/FONT><\/SPAN><\/p>\n<p> <P class=MsoNormal style=\"MARGIN: 0cm 0cm 0pt\"><SPAN style=\"FONT-SIZE: 16pt\"><FONT face=\"Times New Roman\">Dinamarca ha consentido que cuatro activistas del movimiento ecologista permanecieran tres semanas detenidos e incomunicados. Un protocolo que conculca los Derechos Humanos, y que solo tendr\u00eda \u201cjustificaci\u00f3n\u201d si los detenidos fueran sospechosos de pertenecer a una c\u00e9lula terrorista o se les atribuyera la presunta autor\u00eda de alguna matanza o similar. <o:p><\/o:p><\/FONT><\/SPAN><\/p>\n<p> <P class=MsoNormal style=\"MARGIN: 0cm 0cm 0pt\"><SPAN style=\"FONT-SIZE: 16pt\"><FONT face=\"Times New Roman\">Mantener a cuatro ecologistas durante 20 d\u00edas incomunicados, por colarse en una recepci\u00f3n para desplegar una pancarta pidiendo soluciones para este desastre ambiental, es de una desproporci\u00f3n tan grande que da asco. <o:p><\/o:p><\/FONT><\/SPAN><\/p>\n<p> <P class=MsoNormal style=\"MARGIN: 0cm 0cm 0pt\"><SPAN style=\"FONT-SIZE: 16pt\"><FONT face=\"Times New Roman\">En Dinamarca, -al igual que en el resto de Europa- las libertades van brillando cada d\u00eda m\u00e1s por su ausencia. Es hora de elegir\u2026.\u00bflibertad o seguridad?. <o:p><\/o:p><\/FONT><\/SPAN><\/p>\n<p> <P class=MsoNormal style=\"MARGIN: 0cm 0cm 0pt\"><SPAN style=\"FONT-SIZE: 16pt\"><FONT face=\"Times New Roman\">Yo si puedo elegir, prefiero un poquito de libertad. Si me tienen que ver las g\u00f3nadas en el aeropuerto, que sea <SPAN style=\"mso-spacerun: yes\"><\/SPAN>directamente y a pelo\u2026que eso de pasar por tantos rayos x no es nada bueno para la salud.<o:p><\/o:p><\/FONT><\/SPAN><\/p>\n<p> <P class=MsoNormal style=\"MARGIN: 0cm 0cm 0pt\"><SPAN style=\"FONT-SIZE: 16pt\"><SPAN style=\"mso-spacerun: yes\"><FONT face=\"Times New Roman\"><\/FONT><\/SPAN><o:p><\/o:p><\/SPAN><\/p>\n","protected":false},"excerpt":{"rendered":"<p>Me fascina la forma de centrar la atenci\u00f3n sobre los verdaderos problemas que tienen los ecologistas de Greenpeace. Siempre poniendo el dedo sobre la yaga\u2026para que sangre. Con todo este circo de la detenci\u00f3n de Juancho L\u00f3pez de Ugalde, lo que nos han puesto de manifiesto es que la falta de libertades que asola el [&hellip;]<\/p>\n","protected":false},"author":8872,"featured_media":0,"comment_status":"open","ping_status":"closed","sticky":false,"template":"","format":"standard","meta":[],"categories":[1],"tags":[616,1010,1062,1819],"_links":{"self":[{"href":"https:\/\/blogs.larioja.com\/insolencias\/wp-json\/wp\/v2\/posts\/165"}],"collection":[{"href":"https:\/\/blogs.larioja.com\/insolencias\/wp-json\/wp\/v2\/posts"}],"about":[{"href":"https:\/\/blogs.larioja.com\/insolencias\/wp-json\/wp\/v2\/types\/post"}],"author":[{"embeddable":true,"href":"https:\/\/blogs.larioja.com\/insolencias\/wp-json\/wp\/v2\/users\/8872"}],"replies":[{"embeddable":true,"href":"https:\/\/blogs.larioja.com\/insolencias\/wp-json\/wp\/v2\/comments?post=165"}],"version-history":[{"count":0,"href":"https:\/\/blogs.larioja.com\/insolencias\/wp-json\/wp\/v2\/posts\/165\/revisions"}],"wp:attachment":[{"href":"https:\/\/blogs.larioja.com\/insolencias\/wp-json\/wp\/v2\/media?parent=165"}],"wp:term":[{"taxonomy":"category","embeddable":true,"href":"https:\/\/blogs.larioja.com\/insolencias\/wp-json\/wp\/v2\/categories?post=165"},{"taxonomy":"post_tag","embeddable":true,"href":"https:\/\/blogs.larioja.com\/insolencias\/wp-json\/wp\/v2\/tags?post=165"}],"curies":[{"name":"wp","href":"https:\/\/api.w.org\/{rel}","templated":true}]}}