{"id":170,"date":"2010-01-26T19:03:00","date_gmt":"2010-01-26T19:03:00","guid":{"rendered":"http:\/\/blogs.larioja.com\/insolencias\/?p=170"},"modified":"2010-01-26T19:03:00","modified_gmt":"2010-01-26T19:03:00","slug":"antes-o-despues-la-plaza-toros","status":"publish","type":"post","link":"https:\/\/blogs.larioja.com\/insolencias\/2010\/01\/26\/antes-o-despues-la-plaza-toros\/","title":{"rendered":"\u00bfAntes o despu\u00e9s de la plaza de toros?"},"content":{"rendered":"<p><P class=MsoNormal style=\"MARGIN: 0cm 0cm 0pt\"><SPAN style=\"FONT-SIZE: 16pt\"><FONT face=\"Times New Roman\"><IMG class=imgizqda id=img_0 src=\"https:\/\/blogs.larioja.com\/insolencias\/files\/bici.jpg\"><\/FONT><\/SPAN><br \/>\n <P class=MsoNormal style=\"MARGIN: 0cm 0cm 0pt\"><SPAN style=\"FONT-SIZE: 16pt\"><?xml:namespace prefix = o ns = \"urn:schemas-microsoft-com:office:office\" \/><o:p><FONT face=\"Times New Roman\"><\/FONT><\/o:p><\/SPAN><\/p>\n<p> <P class=MsoNormal style=\"MARGIN: 0cm 0cm 0pt\"><SPAN style=\"FONT-SIZE: 16pt\"><FONT face=\"Times New Roman\">Ayer le\u00eda, no sin cierto estupor, una noticia en Diario La Rioja sobre un supuesto carril bici que el Ayuntamiento de Calahorra iba a construir. Reci\u00e9n sacado de la chistera. <o:p><\/o:p><\/FONT><\/SPAN><\/p>\n<p> <P class=MsoNormal style=\"MARGIN: 0cm 0cm 0pt\"><SPAN style=\"FONT-SIZE: 16pt\"><FONT face=\"Times New Roman\">Un carril que presuntamente unir\u00eda el Parque del Cidacos ( o lo que quede de \u00e9l) <SPAN style=\"mso-spacerun: yes\"><\/SPAN>con el Embalse del Perdiguero. <o:p><\/o:p><\/FONT><\/SPAN><\/p>\n<p> <P class=MsoNormal style=\"MARGIN: 0cm 0cm 0pt\"><SPAN style=\"FONT-SIZE: 16pt\"><FONT face=\"Times New Roman\">Otra milonga m\u00e1s de las muchas que nos cuela un d\u00eda s\u00ed y otro tambi\u00e9n este ayuntamiento gobernado por un especialista en presentar cosas y proyectos que jam\u00e1s ver\u00e1n la luz. <o:p><\/o:p><\/FONT><\/SPAN><\/p>\n<p> <P class=MsoNormal style=\"MARGIN: 0cm 0cm 0pt\"><SPAN style=\"FONT-SIZE: 16pt\"><FONT face=\"Times New Roman\">Y dice la columna que <SPAN style=\"mso-spacerun: yes\"><\/SPAN>tal ocurrencia no tiene presupuesto\u2026 \u00a1ni lo va a tener en los pr\u00f3ximos a\u00f1os! \u2013 a\u00f1ado yo-.<o:p><\/o:p><\/FONT><\/SPAN><\/p>\n<p> <P class=MsoNormal style=\"MARGIN: 0cm 0cm 0pt\"><SPAN style=\"FONT-SIZE: 16pt\"><FONT face=\"Times New Roman\">Prosigue la cr\u00f3nica diciendo: \u201c<\/FONT><\/SPAN><SPAN style=\"FONT-SIZE: 10.5pt; COLOR: #666666; FONT-FAMILY: Arial\">La actuaci\u00f3n, de momento, no est\u00e1 incluida dentro de los Presupuestos del 2010, pero una vez que se lleve a cabo completar\u00e1 otras actuaciones que se han realizado para unir las dos zonas naturales como son las pasarelas que atraviesan el Cidacos.\u201d<o:p><\/o:p><\/SPAN><\/p>\n<p> <P class=MsoNormal style=\"MARGIN: 0cm 0cm 0pt\"><SPAN style=\"FONT-SIZE: 10.5pt; COLOR: #666666; FONT-FAMILY: Arial\"><o:p><\/o:p><\/SPAN><\/p>\n<p> <P class=MsoNormal style=\"MARGIN: 0cm 0cm 0pt\"><SPAN style=\"FONT-SIZE: 16pt\"><FONT face=\"Times New Roman\">Lo que no termina de dejar claro el ayuntamiento calagurritano es si este maravilloso \u201ccarril bici\u201d se construir\u00e1 antes o despu\u00e9s de que la factor\u00eda de Dyna Mobel instale su nueva f\u00e1brica en nuestra ciudad, o si esperar\u00e1 a que est\u00e9 finalizada la nueva plaza de toros. Tal vez se construya al mismo tiempo que terminen la ampliaci\u00f3n del parque de la Era alta, o el pol\u00edgono sempiterno de Rifondo\u2026o se inaugure las incalificables obras perpetradas en el yacimiento romano de \u201cla Cl\u00ednica\u201d.<o:p><\/o:p><\/FONT><\/SPAN><\/p>\n<p> <P class=MsoNormal style=\"MARGIN: 0cm 0cm 0pt\"><SPAN style=\"FONT-SIZE: 16pt\"><o:p><FONT face=\"Times New Roman\"><\/FONT><\/o:p><\/SPAN><\/p>\n<p> <P class=MsoNormal style=\"MARGIN: 0cm 0cm 0pt\"><SPAN style=\"FONT-SIZE: 16pt\"><FONT face=\"Times New Roman\">Ahora resulta que en esta ciudad, -en la que casi nada se hace fuera del calor del Plan E-, como no hay dinero (ni ideas para otra cosa), se dedican a presentar proyectos fantasmas. Una t\u00e1ctica que Pagola maneja a la perfecci\u00f3n, y que ha sido santo y se\u00f1a de sus 15 a\u00f1os al frente del ayuntamiento calagurritano.<o:p><\/o:p><\/FONT><\/SPAN><\/p>\n","protected":false},"excerpt":{"rendered":"<p>Ayer le\u00eda, no sin cierto estupor, una noticia en Diario La Rioja sobre un supuesto carril bici que el Ayuntamiento de Calahorra iba a construir. Reci\u00e9n sacado de la chistera. Un carril que presuntamente unir\u00eda el Parque del Cidacos ( o lo que quede de \u00e9l) con el Embalse del Perdiguero. Otra milonga m\u00e1s de [&hellip;]<\/p>\n","protected":false},"author":8872,"featured_media":0,"comment_status":"open","ping_status":"closed","sticky":false,"template":"","format":"standard","meta":[],"categories":[1],"tags":[277,323,358,868],"_links":{"self":[{"href":"https:\/\/blogs.larioja.com\/insolencias\/wp-json\/wp\/v2\/posts\/170"}],"collection":[{"href":"https:\/\/blogs.larioja.com\/insolencias\/wp-json\/wp\/v2\/posts"}],"about":[{"href":"https:\/\/blogs.larioja.com\/insolencias\/wp-json\/wp\/v2\/types\/post"}],"author":[{"embeddable":true,"href":"https:\/\/blogs.larioja.com\/insolencias\/wp-json\/wp\/v2\/users\/8872"}],"replies":[{"embeddable":true,"href":"https:\/\/blogs.larioja.com\/insolencias\/wp-json\/wp\/v2\/comments?post=170"}],"version-history":[{"count":0,"href":"https:\/\/blogs.larioja.com\/insolencias\/wp-json\/wp\/v2\/posts\/170\/revisions"}],"wp:attachment":[{"href":"https:\/\/blogs.larioja.com\/insolencias\/wp-json\/wp\/v2\/media?parent=170"}],"wp:term":[{"taxonomy":"category","embeddable":true,"href":"https:\/\/blogs.larioja.com\/insolencias\/wp-json\/wp\/v2\/categories?post=170"},{"taxonomy":"post_tag","embeddable":true,"href":"https:\/\/blogs.larioja.com\/insolencias\/wp-json\/wp\/v2\/tags?post=170"}],"curies":[{"name":"wp","href":"https:\/\/api.w.org\/{rel}","templated":true}]}}