{"id":171,"date":"2010-01-29T01:01:00","date_gmt":"2010-01-29T01:01:00","guid":{"rendered":"http:\/\/blogs.larioja.com\/insolencias\/?p=171"},"modified":"2010-01-29T01:01:00","modified_gmt":"2010-01-29T01:01:00","slug":"el-absurdo-conflicto-linguistico","status":"publish","type":"post","link":"https:\/\/blogs.larioja.com\/insolencias\/2010\/01\/29\/el-absurdo-conflicto-linguistico\/","title":{"rendered":"El absurdo conflicto ling\u00fcistico."},"content":{"rendered":"<p><P style=\"MARGIN: 0cm 0cm 0pt\" class=MsoNormal><SPAN style=\"FONT-SIZE: 16pt\"><FONT face=\"Times New Roman\"><?xml:namespace prefix = o ns = \"urn:schemas-microsoft-com:office:office\" \/><o:p><IMG id=img_0 class=imgizqda src=\"https:\/\/blogs.larioja.com\/insolencias\/files\/Presentaci\u00f3nBlanchbarcelona25deSep2008.jpg5.jpg\"><\/o:p><\/FONT><\/SPAN><\/p>\n<p> <P style=\"MARGIN: 0cm 0cm 0pt\" class=MsoNormal><SPAN style=\"FONT-SIZE: 16pt\"><o:p><FONT face=\"Times New Roman\"><\/FONT><\/o:p><\/SPAN><\/p>\n<p> <P style=\"MARGIN: 0cm 0cm 0pt\" class=MsoNormal><SPAN style=\"FONT-SIZE: 16pt\"><FONT face=\"Times New Roman\">Para alguien como yo, <SPAN style=\"mso-spacerun: yes\"><\/SPAN>que siente Catalu\u00f1a como un ejemplo fant\u00e1stico de tolerancia y convivencia , resulta doloroso y sonrojante ver a un socialista defendiendo ante el parlamento catal\u00e1n la ocurrencia de sancionar a aquellos comercios que no rotulen en catal\u00e1n. <\/FONT><\/SPAN><\/p>\n<p> <P style=\"MARGIN: 0cm 0cm 0pt\" class=MsoNormal><SPAN style=\"FONT-SIZE: 16pt\"><FONT face=\"Times New Roman\">Podemos regular y legislar lo impensable, pero normas e imposiciones como estas dejan en evidencia a quien las apoya y defiende. <o:p><\/o:p><\/FONT><\/SPAN><\/p>\n<p> <P style=\"MARGIN: 0cm 0cm 0pt\" class=MsoNormal><SPAN style=\"FONT-SIZE: 16pt\"><FONT face=\"Times New Roman\">El catal\u00e1n como idioma ha de cimentar su implantaci\u00f3n en la aceptaci\u00f3n popular de sus propios usuarios y, es precisamente Catalu\u00f1a un claro ejemplo, -paradigm\u00e1tico dir\u00eda- de un uso generalizado, apropiado y muy fluido de su propio idioma. <o:p><\/o:p><\/FONT><\/SPAN><\/p>\n<p> <P style=\"MARGIN: 0cm 0cm 0pt\" class=MsoNormal><SPAN style=\"FONT-SIZE: 16pt\"><FONT face=\"Times New Roman\">El catal\u00e1n no necesita de estos histrionismos. La lengua de Joanot Martorell, en nada desmerece a la de Cervantes\u2026ni su Tirant lo Blanch, al Quijote. <\/FONT><\/SPAN><\/p>\n<p> <P style=\"MARGIN: 0cm 0cm 0pt\" class=MsoNormal><SPAN style=\"FONT-SIZE: 16pt\"><FONT face=\"Times New Roman\"><\/FONT><\/SPAN><\/p>\n<p> <P style=\"MARGIN: 0cm 0cm 0pt\" class=MsoNormal><SPAN style=\"FONT-SIZE: 16pt\"><FONT face=\"Times New Roman\"><o:p><\/o:p><\/FONT><\/SPAN><\/p>\n<p> <P style=\"MARGIN: 0cm 0cm 0pt\" class=MsoNormal><SPAN style=\"FONT-SIZE: 16pt\"><FONT face=\"Times New Roman\">Los dem\u00e9ritos y agravios comparativos anidan m\u00e1s en las mentes retorcidas de aquellos que pretenden tapar a un santo descubriendo a otro, cuando lo que hay que hacer es arropar a ambos. <\/FONT><\/SPAN><\/p>\n<p> <P style=\"MARGIN: 0cm 0cm 0pt\" class=MsoNormal><SPAN style=\"FONT-SIZE: 16pt\"><FONT face=\"Times New Roman\"><SPAN style=\"mso-spacerun: yes\"><\/SPAN>\u00a1Qu\u00e9 co\u00f1o m\u00e1s dar\u00e1 que en mi pueblo un comerciante rotule su negocio en catal\u00e1n o en armenio!, a m\u00ed tres cojones me importa. No sentir\u00e9 por ello peligrar mi lengua y, mucho menos en Catalu\u00f1a, donde afortunadamente el catal\u00e1n est\u00e1 felizmente consolidado.<\/FONT><\/SPAN><\/p>\n<p> <P style=\"MARGIN: 0cm 0cm 0pt\" class=MsoNormal><SPAN style=\"FONT-SIZE: 16pt\"><FONT face=\"Times New Roman\">.<\/FONT><\/SPAN><\/p>\n<p> <P style=\"MARGIN: 0cm 0cm 0pt\" class=MsoNormal><SPAN style=\"FONT-SIZE: 16pt\"><FONT face=\"Times New Roman\"><o:p><\/o:p><\/FONT><\/SPAN><\/p>\n<p> <P style=\"MARGIN: 0cm 0cm 0pt\" class=MsoNormal><SPAN style=\"FONT-SIZE: 16pt\"><o:p><FONT face=\"Times New Roman\"><\/FONT><\/o:p><\/SPAN><\/p>\n<p> <P style=\"MARGIN: 0cm 0cm 0pt\" class=MsoNormal><SPAN style=\"FONT-SIZE: 16pt\"><FONT face=\"Times New Roman\">Y entiendo que los pol\u00edticos de otras formaciones puedan en ocasiones utilizar la lengua para hacer oposici\u00f3n\u2026la pol\u00edtica tiene estas cosas. Yo viv\u00ed esto en mis propias carnes hace poco m\u00e1s de un a\u00f1o. <SPAN style=\"mso-spacerun: yes\"><\/SPAN>El jefe de la oposici\u00f3n por CIU en el Ayuntamiento de Barcelona (Joan Puigdollers), me hizo el honor de presentar mi libro en la ciudad condal, un 25 de Sep de 2008. <o:p><\/o:p><\/FONT><\/SPAN><\/p>\n<p> <P style=\"MARGIN: 0cm 0cm 0pt\" class=MsoNormal><SPAN style=\"FONT-SIZE: 16pt\"><FONT face=\"Times New Roman\">Este pol\u00edtico nacionalista, presentaba un libro escrito y publicado en castellano, nada m\u00e1s y nada menos que el primer libro \u00edntegramente en castellano que se publicaba en Barcelona con el apoyo de su propio ayuntamiento en los \u00faltimos 10 a\u00f1os. <o:p><\/o:p><\/FONT><\/SPAN><\/p>\n<p> <P style=\"MARGIN: 0cm 0cm 0pt\" class=MsoNormal><SPAN style=\"FONT-SIZE: 16pt\"><FONT face=\"Times New Roman\">El Sr. Puigdollers empez\u00f3 la presentaci\u00f3n de la obra ante los asistentes en catal\u00e1n\u2026 a los dos minutos cambi\u00f3 al castellano hasta finalizar su intervenci\u00f3n, en lo que fue sin duda un detalle de cortes\u00eda hacia m\u00ed, al tiempo que un ejemplo de la exquisita educaci\u00f3n que impera en Catalu\u00f1a. Despu\u00e9s yo solt\u00e9 mi rollo en castellano ante los presentes &#8211; porque en mi ignorancia suprema no conozco otro idioma- y tras firmar unos ejemplares a los asistentes, intercambiamos impresiones sobre el protagonista de mi libro, sobre medio ambiente (\u00e9l es bi\u00f3logo) y sobre el cava que nos ofrec\u00eda cort\u00e9smente el personal del ayuntamiento.<o:p><\/o:p><\/FONT><\/SPAN><\/p>\n<p> <P style=\"MARGIN: 0cm 0cm 0pt\" class=MsoNormal><SPAN style=\"FONT-SIZE: 16pt\"><FONT face=\"Times New Roman\">Cual fue mi sorpresa, al ver la que se prepar\u00f3 seis meses despu\u00e9s con mi libro en la prensa catalana, mayormente en la escrita en catal\u00e1n. El Sr Puigdollers daba una rueda de prensa criticando que el Ayuntamiento de Barcelona hubiera publicado un libro \u00edntegramente en castellano. Un libro que hab\u00eda presentado \u00e9l mismo seis meses atr\u00e1s, codo con codo\u2026 como se ve en la fotograf\u00eda.<\/FONT><\/SPAN><\/p>\n<p> <P style=\"MARGIN: 0cm 0cm 0pt\" class=MsoNormal><SPAN style=\"FONT-SIZE: 16pt\"><\/SPAN><\/p>\n<p> <P style=\"MARGIN: 0cm 0cm 0pt\" class=MsoNormal><SPAN style=\"FONT-SIZE: 16pt\"><\/SPAN><SPAN style=\"FONT-SIZE: 16pt\"><SPAN style=\"FONT-SIZE: 10pt\"><A href=\"http:\/\/images.google.es\/imgres?imgurl=http:\/\/www.vozbcn.com\/figura\/2009\/03\/20090307puigdollers.jpg&#038;imgrefurl=http:\/\/www.vozbcn.com\/2009\/03\/07\/6806\/ciu-explicaciones-libro-castellano\/&#038;usg=__RidF4_Ukt5MDxABiTPGuE3lrjFA=&#038;h=100&#038;w=225&#038;sz=6&#038;hl=es&#038;start=9&#038;um=1&#038;itbs=1&#038;tbnid=Q6Jw5gjloBCasM:&#038;tbnh=48&#038;tbnw=108&#038;prev=\/images%3Fq%3DXavier%2Bblanch%26ndsp%3D18%26hl%3Des%26rlz%3D1T4GGIH_esES250ES250%26sa%3DG%26um%3D1\"><FONT face=\"Times New Roman\">http:\/\/images.google.es\/imgres?imgurl=http:\/\/www.vozbcn.com\/figura\/2009\/03\/20090307puigdollers.jpg&#038;imgrefurl=http:\/\/www.vozbcn.com\/2009\/03\/07\/6806\/ciu-explicaciones-libro-castellano\/&#038;usg=__RidF4_Ukt5MDxABiTPGuE3lrjFA=&#038;h=100&#038;w=225&#038;sz=6&#038;hl=es&#038;start=9&#038;um=1&#038;itbs=1&#038;tbnid=Q6Jw5gjloBCasM:&#038;tbnh=48&#038;tbnw=108&#038;prev=\/images%3Fq%3DXavier%2Bblanch%26ndsp%3D18%26hl%3Des%26rlz%3D1T4GGIH_esES250ES250%26sa%3DG%26um%3D1<\/FONT><\/A><o:p><\/o:p><\/SPAN><\/p>\n<p><\/SPAN> <P style=\"MARGIN: 0cm 0cm 0pt\" class=MsoNormal><SPAN style=\"FONT-SIZE: 16pt\"><FONT face=\"Times New Roman\"><o:p><\/o:p><\/FONT><\/SPAN><\/p>\n","protected":false},"excerpt":{"rendered":"<p>Para alguien como yo, que siente Catalu\u00f1a como un ejemplo fant\u00e1stico de tolerancia y convivencia , resulta doloroso y sonrojante ver a un socialista defendiendo ante el parlamento catal\u00e1n la ocurrencia de sancionar a aquellos comercios que no rotulen en catal\u00e1n. Podemos regular y legislar lo impensable, pero normas e imposiciones como estas dejan en [&hellip;]<\/p>\n","protected":false},"author":8872,"featured_media":0,"comment_status":"open","ping_status":"closed","sticky":false,"template":"","format":"standard","meta":[],"categories":[1],"tags":[377,489,1255],"_links":{"self":[{"href":"https:\/\/blogs.larioja.com\/insolencias\/wp-json\/wp\/v2\/posts\/171"}],"collection":[{"href":"https:\/\/blogs.larioja.com\/insolencias\/wp-json\/wp\/v2\/posts"}],"about":[{"href":"https:\/\/blogs.larioja.com\/insolencias\/wp-json\/wp\/v2\/types\/post"}],"author":[{"embeddable":true,"href":"https:\/\/blogs.larioja.com\/insolencias\/wp-json\/wp\/v2\/users\/8872"}],"replies":[{"embeddable":true,"href":"https:\/\/blogs.larioja.com\/insolencias\/wp-json\/wp\/v2\/comments?post=171"}],"version-history":[{"count":0,"href":"https:\/\/blogs.larioja.com\/insolencias\/wp-json\/wp\/v2\/posts\/171\/revisions"}],"wp:attachment":[{"href":"https:\/\/blogs.larioja.com\/insolencias\/wp-json\/wp\/v2\/media?parent=171"}],"wp:term":[{"taxonomy":"category","embeddable":true,"href":"https:\/\/blogs.larioja.com\/insolencias\/wp-json\/wp\/v2\/categories?post=171"},{"taxonomy":"post_tag","embeddable":true,"href":"https:\/\/blogs.larioja.com\/insolencias\/wp-json\/wp\/v2\/tags?post=171"}],"curies":[{"name":"wp","href":"https:\/\/api.w.org\/{rel}","templated":true}]}}