{"id":175,"date":"2010-02-09T00:01:00","date_gmt":"2010-02-09T00:01:00","guid":{"rendered":"http:\/\/blogs.larioja.com\/insolencias\/?p=175"},"modified":"2010-02-09T00:01:00","modified_gmt":"2010-02-09T00:01:00","slug":"decian-9-millones-ahora-dicen-3-5","status":"publish","type":"post","link":"https:\/\/blogs.larioja.com\/insolencias\/2010\/02\/09\/decian-9-millones-ahora-dicen-3-5\/","title":{"rendered":"Dec\u00edan 9 millones, ahora dicen 3,5."},"content":{"rendered":"<p><P class=MsoNormal style=\"MARGIN: 0cm 0cm 0pt\"><SPAN style=\"FONT-SIZE: 18pt\"><FONT face=\"Times New Roman\"><IMG class=imgizqda id=img_0 src=\"https:\/\/blogs.larioja.com\/insolencias\/files\/tonto.bmp\">En el Eco de La Rioja -18\/12\/2008, p\u00e1gina 6- el patriarca riojano anunciaba en Calahorra un compromiso . Seg\u00fan sus propias palabras, para los primeros d\u00edas del mes de Enero de 2009 llegar\u00eda a Calahorra una monumental inversi\u00f3n\u2026espectacular, dir\u00eda yo. Nueve millones de euros \u2013 nada m\u00e1s y nada menos- . Se refer\u00eda al presunto \u201cCentro sociosanitario\u201d.<?xml:namespace prefix = o ns = \"urn:schemas-microsoft-com:office:office\" \/><o:p><\/o:p><\/FONT><\/SPAN><\/p>\n<p> <P class=MsoNormal style=\"MARGIN: 0cm 0cm 0pt\"><SPAN style=\"FONT-SIZE: 18pt\"><FONT face=\"Times New Roman\">M\u00e1s de un a\u00f1o despu\u00e9s, aqu\u00ed no se ve otra cosas que palabras.<o:p><\/o:p><\/FONT><\/SPAN><\/p>\n<p> <P class=MsoNormal style=\"MARGIN: 0cm 0cm 0pt\"><SPAN style=\"FONT-SIZE: 18pt\"><FONT face=\"Times New Roman\">Al final, lo que dicen que viene es una inversi\u00f3n de <SPAN style=\"mso-spacerun: yes\"><\/SPAN>3,5 millones\u2026casi la tercera parte de lo que Sanz dijo que vendr\u00eda. <o:p><\/o:p><\/FONT><\/SPAN><\/p>\n<p> <P class=MsoNormal style=\"MARGIN: 0cm 0cm 0pt\"><SPAN style=\"FONT-SIZE: 18pt\"><FONT face=\"Times New Roman\">Un centro privado. Una empresa bendecida por el dedo de alguien, que contar\u00e1 durante nada m\u00e1s y nada menos que 25 a\u00f1os con una clientela asegurada pagada cada a\u00f1o con 3 millones de euros de la caja p\u00fablica.<o:p><\/o:p><\/FONT><\/SPAN><\/p>\n<p> <P class=MsoNormal style=\"MARGIN: 0cm 0cm 0pt\"><SPAN style=\"FONT-SIZE: 18pt\"><o:p><FONT face=\"Times New Roman\"><\/FONT><\/o:p><\/SPAN><\/p>\n<p> <P class=MsoNormal style=\"MARGIN: 0cm 0cm 0pt\"><SPAN style=\"FONT-SIZE: 18pt\"><FONT face=\"Times New Roman\">\u00a1Cu\u00e1ntos empresarios se dar\u00edan con un canto en los dientes!\u2026.montar una empresa con el compromiso de gasto fijo para 25 a\u00f1os. <\/FONT><\/SPAN><\/p>\n","protected":false},"excerpt":{"rendered":"<p>En el Eco de La Rioja -18\/12\/2008, p\u00e1gina 6- el patriarca riojano anunciaba en Calahorra un compromiso . Seg\u00fan sus propias palabras, para los primeros d\u00edas del mes de Enero de 2009 llegar\u00eda a Calahorra una monumental inversi\u00f3n\u2026espectacular, dir\u00eda yo. Nueve millones de euros \u2013 nada m\u00e1s y nada menos- . Se refer\u00eda al presunto [&hellip;]<\/p>\n","protected":false},"author":8872,"featured_media":0,"comment_status":"open","ping_status":"closed","sticky":false,"template":"","format":"standard","meta":[],"categories":[1],"tags":[323,394,1869],"_links":{"self":[{"href":"https:\/\/blogs.larioja.com\/insolencias\/wp-json\/wp\/v2\/posts\/175"}],"collection":[{"href":"https:\/\/blogs.larioja.com\/insolencias\/wp-json\/wp\/v2\/posts"}],"about":[{"href":"https:\/\/blogs.larioja.com\/insolencias\/wp-json\/wp\/v2\/types\/post"}],"author":[{"embeddable":true,"href":"https:\/\/blogs.larioja.com\/insolencias\/wp-json\/wp\/v2\/users\/8872"}],"replies":[{"embeddable":true,"href":"https:\/\/blogs.larioja.com\/insolencias\/wp-json\/wp\/v2\/comments?post=175"}],"version-history":[{"count":0,"href":"https:\/\/blogs.larioja.com\/insolencias\/wp-json\/wp\/v2\/posts\/175\/revisions"}],"wp:attachment":[{"href":"https:\/\/blogs.larioja.com\/insolencias\/wp-json\/wp\/v2\/media?parent=175"}],"wp:term":[{"taxonomy":"category","embeddable":true,"href":"https:\/\/blogs.larioja.com\/insolencias\/wp-json\/wp\/v2\/categories?post=175"},{"taxonomy":"post_tag","embeddable":true,"href":"https:\/\/blogs.larioja.com\/insolencias\/wp-json\/wp\/v2\/tags?post=175"}],"curies":[{"name":"wp","href":"https:\/\/api.w.org\/{rel}","templated":true}]}}