{"id":180,"date":"2010-02-26T16:20:00","date_gmt":"2010-02-26T16:20:00","guid":{"rendered":"http:\/\/blogs.larioja.com\/insolencias\/?p=180"},"modified":"2010-02-26T16:20:00","modified_gmt":"2010-02-26T16:20:00","slug":"el-mejor-alcalde","status":"publish","type":"post","link":"https:\/\/blogs.larioja.com\/insolencias\/2010\/02\/26\/el-mejor-alcalde\/","title":{"rendered":"El mejor alcalde"},"content":{"rendered":"<p><P class=MsoNormal style=\"MARGIN: 0cm 0cm 0pt\"><SPAN style=\"FONT-SIZE: 16pt\"><FONT face=\"Times New Roman\"><IMG class=imgizqda id=img_0 src=\"https:\/\/blogs.larioja.com\/insolencias\/files\/JuanAntonioAbad.jpg\">Algunos critican a Javier Pagola por no haber sido capaz de construir ni una sola vivienda del IRVI en sus inacabables a\u00f1os de mandato (va camino de 16) . Las \u00faltimas se construyeron en \u00e9poca de Mar\u00eda Antonia. Otros lo critican porque en cuatro legislaturas no ha conseguido dotar a Calahorra de infraestructuras de la m\u00e1xima necesidad\u2026como la ronda Este entre pol\u00edgonos, o la estaci\u00f3n de Autobuses. Tambi\u00e9n abundan los que reprochan que en 16 a\u00f1os ha sido incapaz de desarrollar un solo sector urbano\u2026ni el B3, ni<SPAN style=\"mso-spacerun: yes\"> <\/SPAN>Viacampo, ni el Sector Cidacos ( a la vista est\u00e1 de todos)\u2026y de Moreno mejor ni hablar. El \u00faltimo sector (el B5) tambi\u00e9n lo dej\u00f3 apa\u00f1ado Mar\u00eda Antonia.<?xml:namespace prefix = o ns = \"urn:schemas-microsoft-com:office:office\" \/><o:p><\/o:p><\/FONT><\/SPAN><\/p>\n<p> <P class=MsoNormal style=\"MARGIN: 0cm 0cm 0pt\"><SPAN style=\"FONT-SIZE: 16pt\"><FONT face=\"Times New Roman\">En Industria, el pobre hombre lleva desde 2004 intentando concluir el pol\u00edgono de Rifondo. Un pol\u00edgono de \u201cchichinabo\u201d En esta ocasi\u00f3n igualmente fue Mar\u00eda Antonia la autora del \u00faltimo pol\u00edgono de esta ciudad\u2026\u201dTejer\u00edas\u201d.<o:p><\/o:p><\/FONT><\/SPAN><\/p>\n<p> <P class=MsoNormal style=\"MARGIN: 0cm 0cm 0pt\"><SPAN style=\"FONT-SIZE: 16pt\"><FONT face=\"Times New Roman\">.<o:p><\/o:p><\/FONT><\/SPAN><\/p>\n<p> <P class=MsoNormal style=\"MARGIN: 0cm 0cm 0pt\"><SPAN style=\"FONT-SIZE: 16pt\"><o:p><FONT face=\"Times New Roman\"><\/FONT><\/o:p><\/SPAN><\/p>\n<p> <P class=MsoNormal style=\"MARGIN: 0cm 0cm 0pt\"><SPAN style=\"FONT-SIZE: 16pt\"><FONT face=\"Times New Roman\">El otro d\u00eda me dec\u00eda uno de Arnedo, muy cabreado\u2026\u00a1ll\u00e9vate a mi alcalde para Calahorra, que parece m\u00e1s vuestro que nuestro!. Se refer\u00eda al malestar existente en Arnedo respecto a las obras <SPAN style=\"mso-spacerun: yes\"><\/SPAN>ya en marcha de un pol\u00edgono industrial, que el ayuntamiento arnedano <SPAN style=\"mso-spacerun: yes\"><\/SPAN>est\u00e1 construyendo a las puertas de Calahorra\u2026en la Maja.<o:p><\/o:p><\/FONT><\/SPAN><\/p>\n<p> <P class=MsoNormal style=\"MARGIN: 0cm 0cm 0pt\"><SPAN style=\"FONT-SIZE: 16pt\"><FONT face=\"Times New Roman\">Un pol\u00edgono que seg\u00fan sus quejas, beneficiar\u00e1 m\u00e1s a Calahorra por su proximidad, y que lejos de dinamizar a Arnedo le perjudicar\u00e1 gravemente. <o:p><\/o:p><\/FONT><\/SPAN><\/p>\n<p> <P class=MsoNormal style=\"MARGIN: 0cm 0cm 0pt\"><SPAN style=\"FONT-SIZE: 16pt\"><FONT face=\"Times New Roman\">Dec\u00eda que la gente que venga o vaya al mismo de trabajo o negocios, <SPAN style=\"mso-spacerun: yes\"><\/SPAN>se acercar\u00e1n a comer, dormir o comprar a Calahorra. Que es un desprop\u00f3sito para una localidad como Arnedo construir un pol\u00edgono en la puerta de la competencia.<o:p><\/o:p><\/FONT><\/SPAN><\/p>\n<p> <P class=MsoNormal style=\"MARGIN: 0cm 0cm 0pt\"><SPAN style=\"FONT-SIZE: 16pt\"><FONT face=\"Times New Roman\"><SPAN style=\"mso-spacerun: yes\"><\/SPAN><o:p><\/o:p><\/FONT><\/SPAN><\/p>\n<p> <P class=MsoNormal style=\"MARGIN: 0cm 0cm 0pt\"><SPAN style=\"FONT-SIZE: 16pt\"><FONT face=\"Times New Roman\">Le dije que entend\u00eda sus quejas, pero que no me importaba cambiarle a pelo a Juan Antonio Abad por Javier Pagola. Estoy seguro de que en Calahorra sal\u00edamos ganando&#8230;fijo.<o:p><\/o:p><\/FONT><\/SPAN><\/p>\n","protected":false},"excerpt":{"rendered":"<p>Algunos critican a Javier Pagola por no haber sido capaz de construir ni una sola vivienda del IRVI en sus inacabables a\u00f1os de mandato (va camino de 16) . Las \u00faltimas se construyeron en \u00e9poca de Mar\u00eda Antonia. Otros lo critican porque en cuatro legislaturas no ha conseguido dotar a Calahorra de infraestructuras de la [&hellip;]<\/p>\n","protected":false},"author":8872,"featured_media":0,"comment_status":"open","ping_status":"closed","sticky":false,"template":"","format":"standard","meta":[],"categories":[1],"tags":[54,159,181,323,1186,1290,1593],"_links":{"self":[{"href":"https:\/\/blogs.larioja.com\/insolencias\/wp-json\/wp\/v2\/posts\/180"}],"collection":[{"href":"https:\/\/blogs.larioja.com\/insolencias\/wp-json\/wp\/v2\/posts"}],"about":[{"href":"https:\/\/blogs.larioja.com\/insolencias\/wp-json\/wp\/v2\/types\/post"}],"author":[{"embeddable":true,"href":"https:\/\/blogs.larioja.com\/insolencias\/wp-json\/wp\/v2\/users\/8872"}],"replies":[{"embeddable":true,"href":"https:\/\/blogs.larioja.com\/insolencias\/wp-json\/wp\/v2\/comments?post=180"}],"version-history":[{"count":0,"href":"https:\/\/blogs.larioja.com\/insolencias\/wp-json\/wp\/v2\/posts\/180\/revisions"}],"wp:attachment":[{"href":"https:\/\/blogs.larioja.com\/insolencias\/wp-json\/wp\/v2\/media?parent=180"}],"wp:term":[{"taxonomy":"category","embeddable":true,"href":"https:\/\/blogs.larioja.com\/insolencias\/wp-json\/wp\/v2\/categories?post=180"},{"taxonomy":"post_tag","embeddable":true,"href":"https:\/\/blogs.larioja.com\/insolencias\/wp-json\/wp\/v2\/tags?post=180"}],"curies":[{"name":"wp","href":"https:\/\/api.w.org\/{rel}","templated":true}]}}