{"id":182,"date":"2010-03-08T23:36:00","date_gmt":"2010-03-08T23:36:00","guid":{"rendered":"http:\/\/blogs.larioja.com\/insolencias\/?p=182"},"modified":"2010-03-08T23:36:00","modified_gmt":"2010-03-08T23:36:00","slug":"por-amor-la-fiesta-o-tocar-huevos","status":"publish","type":"post","link":"https:\/\/blogs.larioja.com\/insolencias\/2010\/03\/08\/por-amor-la-fiesta-o-tocar-huevos\/","title":{"rendered":"\u00bfpor amor a la fiesta o para tocar los huevos?"},"content":{"rendered":"<p><P class=MsoNormal style=\"MARGIN: 0cm 0cm 0pt\"><SPAN style=\"FONT-SIZE: 16pt\"><FONT face=\"Times New Roman\"><SPAN style=\"mso-spacerun: yes\"><IMG class=imgizqda id=img_0 src=\"https:\/\/blogs.larioja.com\/insolencias\/files\/EsperanzaAguirre.jpg\"> <\/SPAN><?xml:namespace prefix = o ns = \"urn:schemas-microsoft-com:office:office\" \/><o:p><\/o:p><\/FONT><\/SPAN><\/p>\n<p> <P class=MsoNormal style=\"MARGIN: 0cm 0cm 0pt\"><SPAN style=\"FONT-SIZE: 16pt\"><o:p><FONT face=\"Times New Roman\"><\/FONT><\/o:p><\/SPAN><\/p>\n<p> <P class=MsoNormal style=\"MARGIN: 0cm 0cm 0pt\"><SPAN style=\"FONT-SIZE: 16pt\"><FONT face=\"Times New Roman\">Esperanza Aguirre (la enemiga del \u201chijoputa\u201d) , al tiempo que presidenta de la Comunidad de Madrid, se ha investido como defensora a ultranza de la \u201cfiesta nacional\u201d. Se ha propuesto declarar en su Comunidad las corridas taurinas como un \u201cbien de inter\u00e9s cultural\u201d. <o:p><\/o:p><\/FONT><\/SPAN><\/p>\n<p> <P class=MsoNormal style=\"MARGIN: 0cm 0cm 0pt\"><SPAN style=\"FONT-SIZE: 16pt\"><FONT face=\"Times New Roman\">Camps tambi\u00e9n va a proponer esta medida tan necesaria. Postura adoptada en un alarde de seguidismo y ausencia <SPAN style=\"mso-spacerun: yes\"><\/SPAN>de otras cosas en las que ocupar los esfuerzos\u2026que deja pasmado al m\u00e1s bragado.<o:p><\/o:p><\/FONT><\/SPAN><\/p>\n<p> <P class=MsoNormal style=\"MARGIN: 0cm 0cm 0pt\"><SPAN style=\"FONT-SIZE: 16pt\"><FONT face=\"Times New Roman\">Como no hay dos sin tres\u2026Murcia no va a ser menos y, utilizar\u00e1 los mismos argumentos que sus compa\u00f1eros de partido.<o:p><\/o:p><\/FONT><\/SPAN><\/p>\n<p> <P class=MsoNormal style=\"MARGIN: 0cm 0cm 0pt\"><FONT face=\"Times New Roman\"><SPAN style=\"FONT-SIZE: 16pt\">Justific\u00f3 la medida y la inquietud un consejero valenciano de gobernaci\u00f3n, que manifest\u00f3: <\/SPAN><B style=\"mso-bidi-font-weight: normal\"><SPAN style=\"COLOR: #333333\"><FONT size=3>&#8220;No debemos caer en un debate simplista y utilizar los toros como un motivo m\u00e1s para rechazar todo lo espa\u00f1ol, y por ese motivo, desde el Consell vamos a seguir defendiendo las tradiciones art\u00edsticas y culturales valencianas. Y tambi\u00e9n las nacionales, como sucede en el caso de los toros&#8221;.<o:p><\/o:p><\/FONT><\/SPAN><\/B><\/FONT><\/p>\n<p> <P class=MsoNormal style=\"MARGIN: 0cm 0cm 0pt\"><FONT face=\"Times New Roman\"><SPAN style=\"FONT-SIZE: 16pt\">En Castilla y Le\u00f3n, uno de sus consejeros tambi\u00e9n ha recogido el guante. <SPAN style=\"mso-spacerun: yes\"><\/SPAN>Alfonso Fern\u00e1ndez ha manifestado: <SPAN style=\"mso-spacerun: yes\"><\/SPAN><\/SPAN><B style=\"mso-bidi-font-weight: normal\"><FONT size=3>&#8220;Me parece muy oportuna cualquier medida que tienda a la protecci\u00f3n y promoci\u00f3n de un derecho fundamental de los espa\u00f1oles como es la Fiesta de los toros en nuestro pa\u00eds&#8221;<\/FONT><\/B><SPAN style=\"FONT-SIZE: 16pt\"> . Ahora me entero yo que las corridas son un derecho fundamental.<o:p><\/o:p><\/SPAN><\/FONT><br \/>\n<SPAN style=\"FONT-SIZE: 16pt\"><FONT face=\"Times New Roman\">Y claro, ante esta fuerza argumental, poco se puede decir. Seguro que esto de los toros es lo que m\u00e1s les preocupa a los m\u00e1s de 500.000 parados de la Comunidad de Madrid.<o:p><\/o:p><\/FONT><\/SPAN><\/p>\n<p> <P class=MsoNormal style=\"MARGIN: 0cm 0cm 0pt\"><SPAN style=\"FONT-SIZE: 16pt\"><FONT face=\"Times New Roman\">.<o:p><\/o:p><\/FONT><\/SPAN><\/p>\n<p> <P class=MsoNormal style=\"MARGIN: 0cm 0cm 0pt\"><SPAN style=\"FONT-SIZE: 16pt\"><FONT face=\"Times New Roman\">Si Catalu\u00f1a se tira un pedo\u2026el Partido Popular nos cose el culo.<o:p><\/o:p><\/FONT><\/SPAN><\/p>\n<p> <P class=MsoNormal style=\"MARGIN: 0cm 0cm 0pt\"><SPAN style=\"FONT-SIZE: 16pt\"><FONT face=\"Times New Roman\">Y nos lo cose con su mayor\u00eda absoluta all\u00ed donde la tenga y ya de paso, aprovecha para mirar a otra parte mientras sigue en la trinchera absurda de tener que dar siempre una respuesta a todo lo que se escapa a su intelecto. <o:p><\/o:p><\/FONT><\/SPAN><\/p>\n<p> <P class=MsoNormal style=\"MARGIN: 0cm 0cm 0pt\"><SPAN style=\"FONT-SIZE: 16pt\"><FONT face=\"Times New Roman\">.<o:p><\/o:p><\/FONT><\/SPAN><\/p>\n<p> <P class=MsoNormal style=\"MARGIN: 0cm 0cm 0pt\"><FONT face=\"Times New Roman\"><SPAN style=\"FONT-SIZE: 16pt\">Se preguntaba Esperanza Aguirre (en una entrevista publicada en \u201cEl Mundo\u201d) que <\/SPAN><FONT size=3>\u201c\u00bf<STRONG>Qu\u00e9 otra cosa de inter\u00e9s cultural <SPAN style=\"mso-spacerun: yes\"><\/SPAN>hay m\u00e1s importante que los toros<\/STRONG><STRONG><SPAN style=\"FONT-WEIGHT: normal; mso-bidi-font-weight: bold\">?<\/SPAN><\/STRONG><\/FONT><STRONG><SPAN style=\"FONT-WEIGHT: normal; FONT-SIZE: 16pt; mso-bidi-font-weight: bold\">&#8230;.pues no s\u00e9 Esperanza\u2026.me has dejado sin palabras.<\/SPAN><\/STRONG><\/FONT><SPAN style=\"FONT-SIZE: 16pt\"><o:p><\/o:p><\/SPAN><\/p>\n","protected":false},"excerpt":{"rendered":"<p>Esperanza Aguirre (la enemiga del \u201chijoputa\u201d) , al tiempo que presidenta de la Comunidad de Madrid, se ha investido como defensora a ultranza de la \u201cfiesta nacional\u201d. Se ha propuesto declarar en su Comunidad las corridas taurinas como un \u201cbien de inter\u00e9s cultural\u201d. Camps tambi\u00e9n va a proponer esta medida tan necesaria. Postura adoptada en [&hellip;]<\/p>\n","protected":false},"author":8872,"featured_media":0,"comment_status":"open","ping_status":"closed","sticky":false,"template":"","format":"standard","meta":[],"categories":[1],"tags":[278,574,1116,1932],"_links":{"self":[{"href":"https:\/\/blogs.larioja.com\/insolencias\/wp-json\/wp\/v2\/posts\/182"}],"collection":[{"href":"https:\/\/blogs.larioja.com\/insolencias\/wp-json\/wp\/v2\/posts"}],"about":[{"href":"https:\/\/blogs.larioja.com\/insolencias\/wp-json\/wp\/v2\/types\/post"}],"author":[{"embeddable":true,"href":"https:\/\/blogs.larioja.com\/insolencias\/wp-json\/wp\/v2\/users\/8872"}],"replies":[{"embeddable":true,"href":"https:\/\/blogs.larioja.com\/insolencias\/wp-json\/wp\/v2\/comments?post=182"}],"version-history":[{"count":0,"href":"https:\/\/blogs.larioja.com\/insolencias\/wp-json\/wp\/v2\/posts\/182\/revisions"}],"wp:attachment":[{"href":"https:\/\/blogs.larioja.com\/insolencias\/wp-json\/wp\/v2\/media?parent=182"}],"wp:term":[{"taxonomy":"category","embeddable":true,"href":"https:\/\/blogs.larioja.com\/insolencias\/wp-json\/wp\/v2\/categories?post=182"},{"taxonomy":"post_tag","embeddable":true,"href":"https:\/\/blogs.larioja.com\/insolencias\/wp-json\/wp\/v2\/tags?post=182"}],"curies":[{"name":"wp","href":"https:\/\/api.w.org\/{rel}","templated":true}]}}