{"id":183,"date":"2010-03-12T00:20:00","date_gmt":"2010-03-12T00:20:00","guid":{"rendered":"http:\/\/blogs.larioja.com\/insolencias\/?p=183"},"modified":"2010-03-12T00:20:00","modified_gmt":"2010-03-12T00:20:00","slug":"quien-pondra-cascabel-israel","status":"publish","type":"post","link":"https:\/\/blogs.larioja.com\/insolencias\/2010\/03\/12\/quien-pondra-cascabel-israel\/","title":{"rendered":"\u00bfQui\u00e9n le pondr\u00e1 el cascabel a Israel?"},"content":{"rendered":"<p><P class=MsoNormal style=\"MARGIN: 0cm 0cm 0pt\"><SPAN style=\"FONT-SIZE: 16pt\"><FONT face=\"Times New Roman\"><IMG class=imgizqda id=img_0 src=\"https:\/\/blogs.larioja.com\/insolencias\/files\/PICT0478.JPG\">Los hijos de David \u2013 como unidad nacional- <SPAN style=\"mso-spacerun: yes\"><\/SPAN>ya me ca\u00edan poco bien <SPAN style=\"mso-spacerun: yes\"><\/SPAN>antes de visitar la \u201czona VIP\u201d <SPAN style=\"mso-spacerun: yes\"><\/SPAN>para detenidos,  en el paso fronterizo de <SPAN>Allenby Bridge<\/SPAN>. <?xml:namespace prefix = o ns = \"urn:schemas-microsoft-com:office:office\" \/><o:p><\/o:p><\/FONT><\/SPAN><\/p>\n<p> <P class=MsoNormal style=\"MARGIN: 0cm 0cm 0pt\"><SPAN style=\"FONT-SIZE: 16pt\"><FONT face=\"Times New Roman\">No por falsos prejuicios o por racismo\u2026\u00a1ni mucho menos!.<SPAN style=\"FONT-SIZE: 16pt; FONT-FAMILY: 'Times New Roman'; mso-ansi-language: ES; mso-fareast-font-family: 'Times New Roman'; mso-fareast-language: ES; mso-bidi-language: AR-SA\">Nada hay que me cause m\u00e1s repugnancia que un racista. Creo que es <\/SPAN>solamente por la impresi\u00f3n cultivada, le\u00edda y meditada, <SPAN style=\"mso-spacerun: yes\"><\/SPAN>de que su comportamiento para con sus convecinos palestinos <SPAN style=\"mso-spacerun: yes\"><\/SPAN>nunca me pareci\u00f3 adecuado. <o:p><\/o:p><\/FONT><\/SPAN><\/p>\n<p> <P class=MsoNormal style=\"MARGIN: 0cm 0cm 0pt\"><SPAN style=\"FONT-SIZE: 16pt\"><FONT face=\"Times New Roman\">No se trataba de un antisemitismo visceral ni infundado como del que muchos hacen gala. Ni de un \u201cdejarse llevar\u201d por una moda desinformada con la cabeza tan rapada como el cerebro. Ni tan siquiera de una cuesti\u00f3n rom\u00e1ntica\u2026de enfrentar el mito del usurero con el reparto de la riqueza. Pero me faltaba una toma de contacto con los jud\u00edos\u2026en su salsa. La experiencia fue positiva, &#8211; todas afortunadamente lo son- pero no aport\u00f3 nada en su defensa\u2026m\u00e1s bien en su contra.<o:p><\/o:p><\/FONT><\/SPAN><\/p>\n<p> <P class=MsoNormal style=\"MARGIN: 0cm 0cm 0pt\"><SPAN style=\"FONT-SIZE: 16pt\"><FONT face=\"Times New Roman\">La ley del tali\u00f3n ya no reina en la tierra de Jud\u00e1. Ahora es la de la total ocupaci\u00f3n y desproporci\u00f3n en el trato con sus vecinos y con los que de vecinos nada tenemos. <o:p><\/o:p><\/FONT><\/SPAN><\/p>\n<p> <P class=MsoNormal style=\"MARGIN: 0cm 0cm 0pt\"><SPAN style=\"FONT-SIZE: 16pt\"><FONT face=\"Times New Roman\">Israel se me antoja (es tan solo mi impresi\u00f3n personal) <SPAN style=\"mso-spacerun: yes\"><\/SPAN>un Estado donde reina el miedo institucional. Un para\u00edso de las libertades ausentes. Un lugar donde los cr\u00edmenes de unos pocos los han de pagar todos. Una tierra donde un hombre \u00e1rabe no es nadie y cualquiera puede ser un presunto terrorista si cubre sus hombros con un palestino. Una tierra ocupada donde la vida de un ciudadano de Gaza no vale gran cosa y, se puede irrumpir impunemente en una casa con un carro de combate o realizarte un tercer grado por que lleves dos pa\u00f1uelos jordanos en la maleta.<o:p><\/o:p><\/FONT><\/SPAN><\/p>\n<p> <P class=MsoNormal style=\"MARGIN: 0cm 0cm 0pt\"><SPAN style=\"FONT-SIZE: 16pt\"><FONT face=\"Times New Roman\">No me gusta Israel como Estado, no me gustan sus pol\u00edticos, ni sus polic\u00edas\u2026ni sus militares. <SPAN style=\"mso-spacerun: yes\"><\/SPAN>Me molestan <SPAN style=\"mso-spacerun: yes\"><\/SPAN>sus alardes junto al sepulcro de Jesucristo\u2026su mirada de desprecio para con los dem\u00e1s. Y tampoco el busto cabez\u00f3n\u2026 de Ben Guri\u00f3n. <\/FONT><\/SPAN><\/p>\n<p> <P class=MsoNormal style=\"MARGIN: 0cm 0cm 0pt\"><SPAN style=\"FONT-SIZE: 16pt\"><FONT face=\"Times New Roman\">.<SPAN style=\"mso-spacerun: yes\"><\/SPAN><o:p><\/o:p><\/FONT><\/SPAN><\/p>\n<p> <P class=MsoNormal style=\"MARGIN: 0cm 0cm 0pt\"><SPAN style=\"FONT-SIZE: 16pt\"><FONT face=\"Times New Roman\">Acabo de leer que <SPAN style=\"FONT-SIZE: 16pt\">Israel ha aprobado la construcci\u00f3n de 1.600 viviendas para colonos ilegales jud\u00edos ultra-ortodoxos en el asentamiento de Ramat Shlomo, ilegalmente ubicado en el Jerusalem Este ocupado a Palestina. Al mismo tiempo, el Ministerio de Interior israel\u00ed anunci\u00f3 la ampliaci\u00f3n del asentamiento ilegal de Beitar Ilit con 112 casa nuevas, usurpando mayor cantidad del territorio palestino en los alrededores de Jerusalem. <\/SPAN>Me parece una barbaridad y una desfachatez intolerable. <o:p><\/o:p><\/FONT><\/SPAN><\/p>\n<p> <P class=MsoNormal style=\"MARGIN: 0cm 0cm 0pt\"><SPAN style=\"FONT-SIZE: 16pt\"><FONT face=\"Times New Roman\">. <o:p><\/o:p><\/FONT><\/SPAN><\/p>\n<p> <P class=MsoNormal style=\"MARGIN: 0cm 0cm 0pt\"><SPAN style=\"FONT-SIZE: 16pt\"><FONT face=\"Times New Roman\">Nadie le para los pies a este Estado usurpador y expansionista, ni la UE, ni las resoluciones de la ONU ni el \u201cyes we can\u201d del mulato Obama.<IMG class=imgcen id=img_1 src=\"https:\/\/blogs.larioja.com\/insolencias\/files\/PICT0505.JPG\"><o:p><\/o:p><\/FONT><\/SPAN><\/p>\n","protected":false},"excerpt":{"rendered":"<p>Los hijos de David \u2013 como unidad nacional- ya me ca\u00edan poco bien antes de visitar la \u201czona VIP\u201d para detenidos, en el paso fronterizo de Allenby Bridge. No por falsos prejuicios o por racismo\u2026\u00a1ni mucho menos!.Nada hay que me cause m\u00e1s repugnancia que un racista. Creo que es solamente por la impresi\u00f3n cultivada, le\u00edda [&hellip;]<\/p>\n","protected":false},"author":8872,"featured_media":0,"comment_status":"open","ping_status":"closed","sticky":false,"template":"","format":"standard","meta":[],"categories":[1],"tags":[194,821,1137,1152,1444],"_links":{"self":[{"href":"https:\/\/blogs.larioja.com\/insolencias\/wp-json\/wp\/v2\/posts\/183"}],"collection":[{"href":"https:\/\/blogs.larioja.com\/insolencias\/wp-json\/wp\/v2\/posts"}],"about":[{"href":"https:\/\/blogs.larioja.com\/insolencias\/wp-json\/wp\/v2\/types\/post"}],"author":[{"embeddable":true,"href":"https:\/\/blogs.larioja.com\/insolencias\/wp-json\/wp\/v2\/users\/8872"}],"replies":[{"embeddable":true,"href":"https:\/\/blogs.larioja.com\/insolencias\/wp-json\/wp\/v2\/comments?post=183"}],"version-history":[{"count":0,"href":"https:\/\/blogs.larioja.com\/insolencias\/wp-json\/wp\/v2\/posts\/183\/revisions"}],"wp:attachment":[{"href":"https:\/\/blogs.larioja.com\/insolencias\/wp-json\/wp\/v2\/media?parent=183"}],"wp:term":[{"taxonomy":"category","embeddable":true,"href":"https:\/\/blogs.larioja.com\/insolencias\/wp-json\/wp\/v2\/categories?post=183"},{"taxonomy":"post_tag","embeddable":true,"href":"https:\/\/blogs.larioja.com\/insolencias\/wp-json\/wp\/v2\/tags?post=183"}],"curies":[{"name":"wp","href":"https:\/\/api.w.org\/{rel}","templated":true}]}}