{"id":185,"date":"2010-03-14T08:00:00","date_gmt":"2010-03-14T08:00:00","guid":{"rendered":"http:\/\/blogs.larioja.com\/insolencias\/?p=185"},"modified":"2010-03-14T08:00:00","modified_gmt":"2010-03-14T08:00:00","slug":"y-voz-la-naturaleza-se-apago","status":"publish","type":"post","link":"https:\/\/blogs.larioja.com\/insolencias\/2010\/03\/14\/y-voz-la-naturaleza-se-apago\/","title":{"rendered":"Y la voz de la naturaleza se apag\u00f3"},"content":{"rendered":"<p><P class=MsoNormal style=\"MARGIN: 0cm 0cm 0pt\"><SPAN style=\"FONT-SIZE: 24pt\"><FONT face=\"Times New Roman\"><SPAN style=\"mso-spacerun: yes\"><IMG class=imgizqda id=img_0 src=\"https:\/\/blogs.larioja.com\/insolencias\/files\/PICT0341.JPG\"> <\/SPAN><\/FONT><\/SPAN><\/p>\n<p> <P class=MsoNormal style=\"MARGIN: 0cm 0cm 0pt\"><?xml:namespace prefix = o ns = \"urn:schemas-microsoft-com:office:office\" \/><o:p><FONT face=\"Times New Roman\" size=3><\/FONT><\/o:p><\/p>\n<p> <P class=MsoNormal style=\"MARGIN: 0cm 0cm 0pt\"><SPAN style=\"FONT-SIZE: 14pt\"><FONT face=\"Times New Roman\">Hoy se cumplen treinta a\u00f1os de la fatal desaparici\u00f3n del naturalista F\u00e9lix Rodr\u00edguez de la Fuente, fallecido un 14 de marzo de 1980 en Alaska mientras rodaba un programa para la m\u00edtica serie \u201cEl hombre y la tierra\u201d. No es habitual que uno fallezca en la misma fecha en la que fue alumbrado. F\u00e9lix celebraba ese mismo d\u00eda su 52 cumplea\u00f1os. M\u00e1s de medio siglo y 10.000 kil\u00f3metros, <SPAN style=\"mso-spacerun: yes\"><\/SPAN>le separaban de su burgal\u00e9s origen, en Poza de la Sal.<SPAN style=\"mso-spacerun: yes\"> <\/SPAN>M\u00e9dico rebotado, el Dr. Rodr\u00edguez vivi\u00f3 siempre fascinado por la magia de la naturaleza. Una naturaleza pura y fresca que desde peque\u00f1o disfrut\u00f3 en su privilegiado rinc\u00f3n de los p\u00e1ramos burgaleses. <o:p><\/o:p><\/FONT><\/SPAN><\/p>\n<p> <P class=MsoNormal style=\"MARGIN: 0cm 0cm 0pt\"><SPAN style=\"FONT-SIZE: 14pt\"><FONT face=\"Times New Roman\">En una de sus muchas obras editoriales, \u201cEl arte de <SPAN style=\"mso-spacerun: yes\"><\/SPAN>cetrer\u00eda\u201d, -que devor\u00e9 a los 17 a\u00f1os-, <SPAN style=\"mso-spacerun: yes\"><\/SPAN>F\u00e9lix explica que siendo ni\u00f1o observ\u00f3 el ataque certero y mortal de un halc\u00f3n peregrino, que rasgando la fr\u00eda ma\u00f1ana acuchill\u00f3 a un \u00e1nade real junto a la charca en la que \u00e9l se escond\u00eda. Un maravilloso espect\u00e1culo que lo marc\u00f3 de por vida. <o:p><\/o:p><\/FONT><\/SPAN><\/p>\n<p> <P class=MsoNormal style=\"MARGIN: 0cm 0cm 0pt\"><SPAN style=\"FONT-SIZE: 14pt\"><FONT face=\"Times New Roman\">Para toda una generaci\u00f3n de ni\u00f1os y ni\u00f1as, esas experiencias no estaban al alcance de nuestra mano. Los ni\u00f1os <SPAN style=\"mso-spacerun: yes\"><\/SPAN>de ciudad no conoc\u00edamos la naturaleza y gracias a F\u00e9lix conseguimos conectar- a trav\u00e9s de la televisi\u00f3n- <SPAN style=\"mso-spacerun: yes\"><\/SPAN>con un mundo fascinante que nos esperaba a las puertas de nuestros hogares\u2026a escasos metros de la \u00faltima casa de nuestros pueblos y ciudades. Un mundo salvaje y natural que cada viernes a las nueve de la noche llegaba precedido de una sinton\u00eda inolvidable, que forma parte de la memoria musical colectiva de varias generaciones. La cabecera musical de la serie \u201cEl hombre y la tierra\u201d.<o:p><\/o:p><\/FONT><\/SPAN><\/p>\n<p> <P class=MsoNormal style=\"MARGIN: 0cm 0cm 0pt\"><SPAN style=\"FONT-SIZE: 14pt\"><FONT face=\"Times New Roman\">Una serie documental en plenos 70, que consegu\u00eda sentar frente al televisor a las dos Espa\u00f1as. La rural y la urbanita. Dos realidades sociales que por primera vez<SPAN style=\"mso-spacerun: yes\"> <\/SPAN>entend\u00edan el tremendo valor que las especies animales y sus h\u00e1bitats constituyen. Dos formas diferentes de entender y sufrir la conservaci\u00f3n que solo F\u00e9lix Rodr\u00edguez de La Fuente consigui\u00f3 aunar, trasladando a los urbanitas los problemas que la fauna pod\u00eda acarrear en el medio rural y demostrando a la Espa\u00f1a rural que en la conservaci\u00f3n de las especies \u2013 incluso las m\u00e1s problem\u00e1ticas-<SPAN style=\"mso-spacerun: yes\"> <\/SPAN>resid\u00eda el futuro, al tiempo que mostr\u00f3 la cara m\u00e1s tierna y \u201chumana\u201d <SPAN style=\"mso-spacerun: yes\"><\/SPAN>de la etolog\u00eda animal. <o:p><\/o:p><\/FONT><\/SPAN><\/p>\n<p> <P class=MsoNormal style=\"MARGIN: 0cm 0cm 0pt\"><SPAN style=\"FONT-SIZE: 14pt\"><FONT face=\"Times New Roman\">Ante todo F\u00e9lix fue m\u00e1s divulgador que cient\u00edfico. Un contador de historias naturales. Una voz aterciopelada de discurso emotivo y<SPAN style=\"mso-spacerun: yes\"> <\/SPAN>transparente. Un narrador irrepetible cuya oratoria directa y documentada abri\u00f3 los ojos de miles de j\u00f3venes que hoy -desde distintos \u00e1mbitos, responsabilidades y actitudes-<SPAN style=\"mso-spacerun: yes\"> <\/SPAN>conforman en nuestro pa\u00eds el movimiento social y cient\u00edfico por la conservaci\u00f3n de la naturaleza. <o:p><\/o:p><\/FONT><\/SPAN><\/p>\n<p> <P class=MsoNormal style=\"MARGIN: 0cm 0cm 0pt\"><SPAN style=\"FONT-SIZE: 14pt\"><FONT face=\"Times New Roman\">Nadie ha hecho tanto por la conservaci\u00f3n de naturaleza ib\u00e9rica como F\u00e9lix Rodr\u00edguez de la Fuente. Su legado editorial, sonoro, social <SPAN style=\"mso-spacerun: yes\"><\/SPAN>y cinematogr\u00e1fico as\u00ed lo atestigua. <o:p><\/o:p><\/FONT><\/SPAN><\/p>\n<p> <P class=MsoNormal style=\"MARGIN: 0cm 0cm 0pt\"><SPAN style=\"FONT-SIZE: 14pt\"><o:p><FONT face=\"Times New Roman\"><\/FONT><\/o:p><\/SPAN><\/p>\n<p> <P class=MsoNormal style=\"MARGIN: 0cm 0cm 0pt\"><SPAN style=\"FONT-SIZE: 14pt\"><FONT face=\"Times New Roman\">F\u00e9lix no era un ecologista, tan solo \u2013 c\u00f3mo si fuera poca cosa- un excepcional naturalista, que se serv\u00eda de su extraordinaria popularidad para incidir de una forma soslayada en las conciencias de la gente y en las decisiones de quienes en aquella Espa\u00f1a de cambios sociales, pol\u00edticos y culturales se encontraban al mando de las pol\u00edticas de gesti\u00f3n del medio natural. Pero pese a ser un hombre conservador en aquellas cuestiones de pol\u00edtica general, ten\u00eda una opini\u00f3n firme y favorable al ecologismo. Pensaba que: <I style=\"mso-bidi-font-style: normal\"><SPAN style=\"mso-spacerun: yes\"><\/SPAN><o:p><\/o:p><\/I><\/FONT><\/SPAN><\/p>\n<p> <P class=MsoNormal style=\"MARGIN: 0cm 0cm 0pt\"><I style=\"mso-bidi-font-style: normal\"><SPAN style=\"FONT-SIZE: 14pt\"><FONT face=\"Times New Roman\"><SPAN style=\"mso-spacerun: yes\"><\/SPAN>\u201clos ecologistas desarrollan un papel muy importante y muy positivo, y creo no hay m\u00e1s remedio que tomarles en serio\u2026la filosof\u00eda en la que se mueven todos estos j\u00f3venes inquietos, la mayor parte de las veces con un limpio criterio, con aut\u00e9ntica pasi\u00f3n por la vida, es una filosof\u00eda positiva. Este movimiento representa una ola que lleva y debe llevar a los responsables de la administraci\u00f3n a pensarse las cosas dos veces antes de dar un paso que pueda repercutir negativamente sobre el patrimonio natural\u201d<o:p><\/o:p><\/FONT><\/SPAN><\/I><\/p>\n<p> <P class=MsoNormal style=\"MARGIN: 0cm 0cm 0pt\"><SPAN style=\"FONT-SIZE: 14pt\"><FONT face=\"Times New Roman\">En la cima de su fama, rechaz\u00f3 varias ofertas de Alianza Popular (el antecesor del PP capitaneado por Fraga)<SPAN style=\"mso-spacerun: yes\"> <\/SPAN>para ser senador en su<SPAN style=\"COLOR: white\"> <\/SPAN>Burgos natal y, tentativas desde la UCD, que tambi\u00e9n rechaz\u00f3.<\/FONT><\/SPAN><\/p>\n<p> <P class=MsoNormal style=\"MARGIN: 0cm 0cm 0pt\"><SPAN style=\"FONT-SIZE: 14pt\"><FONT face=\"Times New Roman\"><SPAN style=\"mso-spacerun: yes\"><\/SPAN>Para ilustrar su popularidad una encuesta realizada en los a\u00f1os 70, reflej\u00f3,<SPAN style=\"mso-spacerun: yes\"> <\/SPAN>que F\u00e9lix Rodr\u00edguez de la Fuente era, (despu\u00e9s del general Franco), el personaje m\u00e1s conocido por los espa\u00f1oles.<I style=\"mso-bidi-font-style: normal\"><o:p><\/o:p><\/I><\/FONT><\/SPAN><\/p>\n<p> <P class=MsoNormal style=\"MARGIN: 0cm 0cm 0pt\"><SPAN style=\"FONT-SIZE: 14pt\"><o:p><FONT face=\"Times New Roman\"><\/FONT><\/o:p><\/SPAN><\/p>\n<p> <P class=MsoNormal style=\"MARGIN: 0cm 0cm 0pt\"><SPAN style=\"FONT-SIZE: 14pt\"><FONT face=\"Times New Roman\">Una treintena de monumentos desperdigados por toda la piel de toro recuerdan a este hombre excepcional\u2026al que muchos de nosotros tanto le debemos. Plazas, calles, parques\u2026muestras de cari\u00f1o y reconocimiento a un hombre cuya <SPAN style=\"mso-spacerun: yes\"><\/SPAN>deslumbrante luz ceg\u00f3 <SPAN style=\"mso-spacerun: yes\"><\/SPAN>para siempre las sombras. Alguien esencial sin cuyo legado nada en la preservaci\u00f3n de la fauna y la conservaci\u00f3n de la naturaleza ser\u00eda igual.<SPAN style=\"mso-spacerun: yes\"> <\/SPAN><o:p><\/o:p><\/FONT><\/SPAN><\/p>\n<p> <P class=MsoNormal style=\"MARGIN: 0cm 0cm 0pt\"><SPAN style=\"FONT-SIZE: 14pt\"><FONT face=\"Times New Roman\">El<SPAN style=\"mso-spacerun: yes\"> <\/SPAN>mensaje de su vida fue la necesidad de conservar la naturaleza. Tres d\u00e9cadas despu\u00e9s, ese mensaje sigue plenamente vigente y es al igual que entonces,<SPAN style=\"mso-spacerun: yes\"> <\/SPAN>una de las grandes asignaturas pendientes de la acci\u00f3n pol\u00edtica. <\/FONT><\/SPAN><\/p>\n<p> <P class=MsoNormal style=\"MARGIN: 0cm 0cm 0pt\"><SPAN style=\"FONT-SIZE: 14pt\"><FONT face=\"Times New Roman\">.<o:p><\/o:p><\/FONT><\/SPAN><\/p>\n<p> <P class=MsoNormal style=\"MARGIN: 0cm 0cm 0pt\"><SPAN style=\"FONT-SIZE: 14pt\"><o:p><FONT face=\"Times New Roman\"><\/FONT><\/o:p><\/SPAN>LA FOTOGRAF\u00cdA: Esta instant\u00e1nea, corresponde al \u00fanico d\u00eda que v\u00ed a Felix en vivo y en directo. Corr\u00eda el 1978. Vino a Calahorra a visitar el Zoo Hermanos Lezana. Yo ten\u00eda 9 a\u00f1os y, mi padre, sabedor de que era un apasionado de \u00e9l, me llev\u00f3 andando hasta el Zoo para que lo viera.<\/p>\n","protected":false},"excerpt":{"rendered":"<p>Hoy se cumplen treinta a\u00f1os de la fatal desaparici\u00f3n del naturalista F\u00e9lix Rodr\u00edguez de la Fuente, fallecido un 14 de marzo de 1980 en Alaska mientras rodaba un programa para la m\u00edtica serie \u201cEl hombre y la tierra\u201d. No es habitual que uno fallezca en la misma fecha en la que fue alumbrado. F\u00e9lix celebraba [&hellip;]<\/p>\n","protected":false},"author":8872,"featured_media":0,"comment_status":"open","ping_status":"closed","sticky":false,"template":"","format":"standard","meta":[],"categories":[1],"tags":[40,153,882,933,1774,1853],"_links":{"self":[{"href":"https:\/\/blogs.larioja.com\/insolencias\/wp-json\/wp\/v2\/posts\/185"}],"collection":[{"href":"https:\/\/blogs.larioja.com\/insolencias\/wp-json\/wp\/v2\/posts"}],"about":[{"href":"https:\/\/blogs.larioja.com\/insolencias\/wp-json\/wp\/v2\/types\/post"}],"author":[{"embeddable":true,"href":"https:\/\/blogs.larioja.com\/insolencias\/wp-json\/wp\/v2\/users\/8872"}],"replies":[{"embeddable":true,"href":"https:\/\/blogs.larioja.com\/insolencias\/wp-json\/wp\/v2\/comments?post=185"}],"version-history":[{"count":0,"href":"https:\/\/blogs.larioja.com\/insolencias\/wp-json\/wp\/v2\/posts\/185\/revisions"}],"wp:attachment":[{"href":"https:\/\/blogs.larioja.com\/insolencias\/wp-json\/wp\/v2\/media?parent=185"}],"wp:term":[{"taxonomy":"category","embeddable":true,"href":"https:\/\/blogs.larioja.com\/insolencias\/wp-json\/wp\/v2\/categories?post=185"},{"taxonomy":"post_tag","embeddable":true,"href":"https:\/\/blogs.larioja.com\/insolencias\/wp-json\/wp\/v2\/tags?post=185"}],"curies":[{"name":"wp","href":"https:\/\/api.w.org\/{rel}","templated":true}]}}