{"id":187,"date":"2010-03-19T13:31:00","date_gmt":"2010-03-19T13:31:00","guid":{"rendered":"http:\/\/blogs.larioja.com\/insolencias\/?p=187"},"modified":"2010-03-19T13:31:00","modified_gmt":"2010-03-19T13:31:00","slug":"mudo-me-he-quedado","status":"publish","type":"post","link":"https:\/\/blogs.larioja.com\/insolencias\/2010\/03\/19\/mudo-me-he-quedado\/","title":{"rendered":"Mudo me he quedado."},"content":{"rendered":"<p><SPAN style=\"FONT-SIZE: 11pt; FONT-FAMILY: Arial\"> <P class=MsoNormal style=\"MARGIN: 0cm 0cm 0pt; mso-layout-grid-align: none\"><SPAN style=\"FONT-SIZE: 16pt; FONT-FAMILY: Arial\"><IMG class=imgizqda id=img_0 src=\"https:\/\/blogs.larioja.com\/insolencias\/files\/Albergue.jpg\">No hace muchos meses, desde el PSOE de Calahorra se denunciaba el caos y el incumplimiento m\u00e1s sonrojante en la gesti\u00f3n que la Fundaci\u00f3n Garc\u00eda Fajer, -o sus representantes- hac\u00edan del albergue de Peregrinos y de la cafeter\u00eda restaurante anexa. Un albergue que siempre estaba cerrado, y una cafeter\u00eda que se abr\u00eda de Pascuas a San Juan. <SPAN style=\"mso-spacerun: yes\"><\/SPAN><?xml:namespace prefix = o ns = \"urn:schemas-microsoft-com:office:office\" \/><o:p><\/o:p><\/SPAN><\/p>\n<p> <P class=MsoNormal style=\"MARGIN: 0cm 0cm 0pt; mso-layout-grid-align: none\"><SPAN style=\"FONT-SIZE: 16pt; FONT-FAMILY: Arial\">Resulta que los anteriores adjudicatarios (a cuya gesti\u00f3n algunos no dudaron en alabar) ahora han dejado las instalaciones, y el Ayuntamiento de Calahorra ha sacado a contrataci\u00f3n p\u00fablica la adjudicaci\u00f3n de la gesti\u00f3n de estas instalaciones. Entre las condiciones que el ayuntamiento exige, destaco las siguientes:<o:p><\/o:p><\/SPAN><\/p>\n<p> <P class=MsoNormal style=\"MARGIN: 0cm 0cm 0pt; mso-layout-grid-align: none\"><SPAN style=\"FONT-SIZE: 16pt; FONT-FAMILY: Arial\"><o:p><\/o:p><\/SPAN><\/p>\n<p> <P class=MsoNormal style=\"MARGIN: 0cm 0cm 0pt; mso-layout-grid-align: none\"><SPAN style=\"FONT-SIZE: 16pt; FONT-FAMILY: Arial\"><o:p><\/o:p><\/SPAN><\/p>\n<p> <P class=MsoNormal style=\"MARGIN: 0cm 0cm 0pt; mso-layout-grid-align: none\"><SPAN style=\"FONT-SIZE: 16pt; FONT-FAMILY: Arial\">\u201c<B style=\"mso-bidi-font-weight: normal\"><I style=\"mso-bidi-font-style: normal\">Prestar el servicio de gesti\u00f3n para la explotaci\u00f3n del Albergue de Peregrinos \u201cSan<o:p><\/o:p><\/I><\/B><\/SPAN><\/p>\n<p> <P class=MsoNormal style=\"MARGIN: 0cm 0cm 0pt; mso-layout-grid-align: none\"><B style=\"mso-bidi-font-weight: normal\"><I style=\"mso-bidi-font-style: normal\"><SPAN style=\"FONT-SIZE: 16pt; FONT-FAMILY: Arial\">Francisco\u201d de Calahorra de acuerdo con lo dispuesto en el presente Pliego u<o:p><\/o:p><\/SPAN><\/I><\/B><\/p>\n<p> <P class=MsoNormal style=\"MARGIN: 0cm 0cm 0pt; mso-layout-grid-align: none\"><B style=\"mso-bidi-font-weight: normal\"><I style=\"mso-bidi-font-style: normal\"><SPAN style=\"FONT-SIZE: 16pt; FONT-FAMILY: Arial\">ordenado posteriormente por la Administraci\u00f3n Municipal, incluso en el caso de que<o:p><\/o:p><\/SPAN><\/I><\/B><\/p>\n<p> <P class=MsoNormal style=\"MARGIN: 0cm 0cm 0pt; mso-layout-grid-align: none\"><B style=\"mso-bidi-font-weight: normal\"><I style=\"mso-bidi-font-style: normal\"><SPAN style=\"FONT-SIZE: 16pt; FONT-FAMILY: Arial\">circunstancias sobrevenidas e imprevisibles ocasionaran una subversi\u00f3n en la<o:p><\/o:p><\/SPAN><\/I><\/B><\/p>\n<p> <P class=MsoNormal style=\"MARGIN: 0cm 0cm 0pt; mso-layout-grid-align: none\"><B style=\"mso-bidi-font-weight: normal\"><I style=\"mso-bidi-font-style: normal\"><SPAN style=\"FONT-SIZE: 16pt; FONT-FAMILY: Arial\">econom\u00eda de la concesi\u00f3n, garantizando la necesaria continuidad del servicio de<o:p><\/o:p><\/SPAN><\/I><\/B><\/p>\n<p> <P class=MsoNormal style=\"MARGIN: 0cm 0cm 0pt; mso-layout-grid-align: none\"><B style=\"mso-bidi-font-weight: normal\"><I style=\"mso-bidi-font-style: normal\"><SPAN style=\"FONT-SIZE: 16pt; FONT-FAMILY: Arial\">hospedaje durante todos los d\u00edas del a\u00f1o (pudiendo cerrar entre el 22 de diciembre<o:p><\/o:p><\/SPAN><\/I><\/B><\/p>\n<p> <P class=MsoNormal style=\"MARGIN: 0cm 0cm 0pt; mso-layout-grid-align: none\"><B style=\"mso-bidi-font-weight: normal\"><I style=\"mso-bidi-font-style: normal\"><SPAN style=\"FONT-SIZE: 16pt; FONT-FAMILY: Arial\">y el 8 de enero), en los horarios establecidos por las Disposiciones de R\u00e9gimen<o:p><\/o:p><\/SPAN><\/I><\/B><\/p>\n<p> <P class=MsoNormal style=\"MARGIN: 0cm 0cm 0pt; mso-layout-grid-align: none\"><B style=\"mso-bidi-font-weight: normal\"><I style=\"mso-bidi-font-style: normal\"><SPAN style=\"FONT-SIZE: 16pt; FONT-FAMILY: Arial\">Interno para Peregrinos, que en la actualidad establecen un horario de:<o:p><\/o:p><\/SPAN><\/I><\/B><\/p>\n<p> <P class=MsoNormal style=\"MARGIN: 0cm 0cm 0pt; mso-layout-grid-align: none\"><B style=\"mso-bidi-font-weight: normal\"><I style=\"mso-bidi-font-style: normal\"><SPAN style=\"FONT-SIZE: 16pt; FONT-FAMILY: Symbol; mso-bidi-font-family: Symbol\">\u00b7 <SPAN style=\"mso-spacerun: yes\"><\/SPAN><\/SPAN><\/I><\/B><B style=\"mso-bidi-font-weight: normal\"><I style=\"mso-bidi-font-style: normal\"><SPAN style=\"FONT-SIZE: 16pt; FONT-FAMILY: Arial\">Horario de acogida durante todo el a\u00f1o ser\u00e1 de 14,00 a 20,00 horas.<o:p><\/o:p><\/SPAN><\/I><\/B><\/p>\n<p> <P class=MsoNormal style=\"MARGIN: 0cm 0cm 0pt; mso-layout-grid-align: none\"><B style=\"mso-bidi-font-weight: normal\"><I style=\"mso-bidi-font-style: normal\"><SPAN style=\"FONT-SIZE: 16pt; FONT-FAMILY: Symbol; mso-bidi-font-family: Symbol\">\u00b7 <SPAN style=\"mso-spacerun: yes\"><\/SPAN><\/SPAN><\/I><\/B><B style=\"mso-bidi-font-weight: normal\"><I style=\"mso-bidi-font-style: normal\"><SPAN style=\"FONT-SIZE: 16pt; FONT-FAMILY: Arial\">Horario de cierre en invierno: a las 22,00 horas.<o:p><\/o:p><\/SPAN><\/I><\/B><\/p>\n<p> <P class=MsoNormal style=\"MARGIN: 0cm 0cm 0pt; mso-layout-grid-align: none\"><B style=\"mso-bidi-font-weight: normal\"><I style=\"mso-bidi-font-style: normal\"><SPAN style=\"FONT-SIZE: 16pt; FONT-FAMILY: Symbol; mso-bidi-font-family: Symbol\">\u00b7 <SPAN style=\"mso-spacerun: yes\"><\/SPAN><\/SPAN><\/I><\/B><B style=\"mso-bidi-font-weight: normal\"><I style=\"mso-bidi-font-style: normal\"><SPAN style=\"FONT-SIZE: 16pt; FONT-FAMILY: Arial\">Horario de cierre en verano: a las 23,00 horas.<o:p><\/o:p><\/SPAN><\/I><\/B><\/p>\n<p> <P class=MsoNormal style=\"MARGIN: 0cm 0cm 0pt; mso-layout-grid-align: none\"><B style=\"mso-bidi-font-weight: normal\"><I style=\"mso-bidi-font-style: normal\"><SPAN style=\"FONT-SIZE: 16pt; FONT-FAMILY: Arial\">Respecto del horario del servicio de Cafeter\u00eda y Comedor, se establece un horario<o:p><\/o:p><\/SPAN><\/I><\/B><\/p>\n<p> <P class=MsoNormal style=\"MARGIN: 0cm 0cm 0pt; mso-layout-grid-align: none\"><B style=\"mso-bidi-font-weight: normal\"><I style=\"mso-bidi-font-style: normal\"><SPAN style=\"FONT-SIZE: 16pt; FONT-FAMILY: Arial\">de apertura m\u00ednimo de 10,30 a 14,30 y de 17,30 a 21,30, de lunes a domingos,<o:p><\/o:p><\/SPAN><\/I><\/B><\/p>\n<p> <P class=MsoNormal style=\"MARGIN: 0cm 0cm 0pt; mso-layout-grid-align: none\"><B style=\"mso-bidi-font-weight: normal\"><I style=\"mso-bidi-font-style: normal\"><SPAN style=\"FONT-SIZE: 16pt; FONT-FAMILY: Arial\">permiti\u00e9ndose el disfrute de un d\u00eda de descanso semanal, que deber\u00e1 ser en lunes.<o:p><\/o:p><\/SPAN><\/I><\/B><\/p>\n<p> <P class=MsoNormal style=\"MARGIN: 0cm 0cm 0pt; mso-layout-grid-align: none\"><B style=\"mso-bidi-font-weight: normal\"><I style=\"mso-bidi-font-style: normal\"><SPAN style=\"FONT-SIZE: 16pt; FONT-FAMILY: Arial\">En cualquier caso, el horario m\u00e1ximo de cierre de la cafeter\u00eda y comedor ser\u00e1n las<o:p><\/o:p><\/SPAN><\/I><\/B><\/p>\n<p> <P class=MsoNormal style=\"MARGIN: 0cm 0cm 0pt; mso-layout-grid-align: none\"><B style=\"mso-bidi-font-weight: normal\"><I style=\"mso-bidi-font-style: normal\"><SPAN style=\"FONT-SIZE: 16pt; FONT-FAMILY: Arial\">23 horas en invierno y las 2 de la madrugada en verano.<o:p><\/o:p><\/SPAN><\/I><\/B><\/p>\n<p> <P class=MsoNormal style=\"MARGIN: 0cm 0cm 0pt; mso-layout-grid-align: none\"><B style=\"mso-bidi-font-weight: normal\"><I style=\"mso-bidi-font-style: normal\"><SPAN style=\"FONT-SIZE: 16pt; FONT-FAMILY: Arial\">b) Prestar el servicio objeto del contrato poniendo para ello en funcionamiento los<o:p><\/o:p><\/SPAN><\/I><\/B><\/p>\n<p> <P class=MsoNormal style=\"MARGIN: 0cm 0cm 0pt; mso-layout-grid-align: none\"><B style=\"mso-bidi-font-weight: normal\"><I style=\"mso-bidi-font-style: normal\"><SPAN style=\"FONT-SIZE: 16pt; FONT-FAMILY: Arial\">locales e instalaciones dentro de los sesenta d\u00edas siguientes a la firma del contrato.<o:p><\/o:p><\/SPAN><\/I><\/B><\/p>\n<p> <P class=MsoNormal style=\"MARGIN: 0cm 0cm 0pt; mso-layout-grid-align: none\"><B style=\"mso-bidi-font-weight: normal\"><I style=\"mso-bidi-font-style: normal\"><SPAN style=\"FONT-SIZE: 16pt; FONT-FAMILY: Arial\">c) Reservar el uso del servicio de hospeder\u00eda exclusivamente para peregrinos que<o:p><\/o:p><\/SPAN><\/I><\/B><\/p>\n<p> <P class=MsoNormal style=\"MARGIN: 0cm 0cm 0pt\"><B style=\"mso-bidi-font-weight: normal\"><I style=\"mso-bidi-font-style: normal\"><SPAN style=\"FONT-SIZE: 16pt; FONT-FAMILY: Arial\">cumplan los requisitos dispuestos reglamentariamente y para usos municipales\u201d<o:p><\/o:p><\/SPAN><\/I><\/B><\/p>\n<p> <P class=MsoNormal style=\"MARGIN: 0cm 0cm 0pt\"><B style=\"mso-bidi-font-weight: normal\"><I style=\"mso-bidi-font-style: normal\"><SPAN style=\"FONT-SIZE: 16pt; FONT-FAMILY: Arial\">.<o:p><\/o:p><\/SPAN><\/I><\/B><\/p>\n<p> <P class=MsoNormal style=\"MARGIN: 0cm 0cm 0pt\"><B style=\"mso-bidi-font-weight: normal\"><I style=\"mso-bidi-font-style: normal\"><SPAN style=\"FONT-SIZE: 16pt; FONT-FAMILY: Arial\"><o:p><\/o:p><\/SPAN><\/I><\/B><\/p>\n<p> <P class=MsoNormal style=\"MARGIN: 0cm 0cm 0pt\"><SPAN style=\"FONT-SIZE: 16pt; FONT-FAMILY: Arial\">Mudito me he quedado al leerlas. Mi m\u00e1s sincera felicitaci\u00f3n al padre -o madre- del pliego de condiciones.<\/SPAN><\/p>\n<p> <P class=MsoNormal style=\"MARGIN: 0cm 0cm 0pt; mso-layout-grid-align: none\"><\/SPAN><\/p>\n","protected":false},"excerpt":{"rendered":"<p>No hace muchos meses, desde el PSOE de Calahorra se denunciaba el caos y el incumplimiento m\u00e1s sonrojante en la gesti\u00f3n que la Fundaci\u00f3n Garc\u00eda Fajer, -o sus representantes- hac\u00edan del albergue de Peregrinos y de la cafeter\u00eda restaurante anexa. Un albergue que siempre estaba cerrado, y una cafeter\u00eda que se abr\u00eda de Pascuas a [&hellip;]<\/p>\n","protected":false},"author":8872,"featured_media":0,"comment_status":"open","ping_status":"closed","sticky":false,"template":"","format":"standard","meta":[],"categories":[1],"tags":[102,323,863,942,961,1547],"_links":{"self":[{"href":"https:\/\/blogs.larioja.com\/insolencias\/wp-json\/wp\/v2\/posts\/187"}],"collection":[{"href":"https:\/\/blogs.larioja.com\/insolencias\/wp-json\/wp\/v2\/posts"}],"about":[{"href":"https:\/\/blogs.larioja.com\/insolencias\/wp-json\/wp\/v2\/types\/post"}],"author":[{"embeddable":true,"href":"https:\/\/blogs.larioja.com\/insolencias\/wp-json\/wp\/v2\/users\/8872"}],"replies":[{"embeddable":true,"href":"https:\/\/blogs.larioja.com\/insolencias\/wp-json\/wp\/v2\/comments?post=187"}],"version-history":[{"count":0,"href":"https:\/\/blogs.larioja.com\/insolencias\/wp-json\/wp\/v2\/posts\/187\/revisions"}],"wp:attachment":[{"href":"https:\/\/blogs.larioja.com\/insolencias\/wp-json\/wp\/v2\/media?parent=187"}],"wp:term":[{"taxonomy":"category","embeddable":true,"href":"https:\/\/blogs.larioja.com\/insolencias\/wp-json\/wp\/v2\/categories?post=187"},{"taxonomy":"post_tag","embeddable":true,"href":"https:\/\/blogs.larioja.com\/insolencias\/wp-json\/wp\/v2\/tags?post=187"}],"curies":[{"name":"wp","href":"https:\/\/api.w.org\/{rel}","templated":true}]}}