{"id":190,"date":"2010-03-31T00:01:00","date_gmt":"2010-03-31T00:01:00","guid":{"rendered":"http:\/\/blogs.larioja.com\/insolencias\/?p=190"},"modified":"2010-03-31T00:01:00","modified_gmt":"2010-03-31T00:01:00","slug":"jaume-matas-se-llevo-arca","status":"publish","type":"post","link":"https:\/\/blogs.larioja.com\/insolencias\/2010\/03\/31\/jaume-matas-se-llevo-arca\/","title":{"rendered":"Jaume Matas se llev\u00f3 el arca."},"content":{"rendered":"<p><P class=MsoNormal style=\"MARGIN: 0cm 0cm 0pt\"><SPAN style=\"FONT-SIZE: 16pt\"><FONT face=\"Times New Roman\"><IMG class=imgizqda id=img_0 src=\"https:\/\/blogs.larioja.com\/insolencias\/files\/matas.bmp\"><\/FONT><\/SPAN><SPAN style=\"FONT-SIZE: 16pt\"><FONT face=\"Times New Roman\">Corr\u00eda un 2 de Febrero del 2002, cuando con mucho bombo y m\u00e1s platillo apareci\u00f3 por La Rioja y por Calahorra uno de los Ministros de \u201cAnsar\u201d \u2013 Chema Aznar L\u00f3pez- invitado por el presidente de la Confederaci\u00f3n Hidrogr\u00e1fica del Ebro, (la CHE) a poner la primera piedra de un nuevo humedal que dicho organismo iba a construir en Calahorra y, que se denominar\u00eda\u2026la \u201c Zona H\u00fameda de la Degollada\u201d. <SPAN style=\"mso-spacerun: yes\"><\/SPAN>Pusieron la piedra primera ese d\u00eda\u2026para la segunda hubo que esperar doce meses m\u00e1s.<?xml:namespace prefix = o ns = \"urn:schemas-microsoft-com:office:office\" \/><o:p><\/o:p><\/FONT><\/SPAN><\/p>\n<p> <P class=MsoNormal style=\"MARGIN: 0cm 0cm 0pt\"><SPAN style=\"FONT-SIZE: 16pt\"><FONT face=\"Times New Roman\">.<o:p><\/o:p><\/FONT><\/SPAN><\/p>\n<p> <P class=MsoNormal style=\"MARGIN: 0cm 0cm 0pt\"><SPAN style=\"FONT-SIZE: 16pt\"><o:p><FONT face=\"Times New Roman\"><\/FONT><\/o:p><\/SPAN><\/p>\n<p> <P class=MsoNormal style=\"MARGIN: 0cm 0cm 0pt\"><SPAN style=\"FONT-SIZE: 16pt\"><FONT face=\"Times New Roman\">Despu\u00e9s de 15 a\u00f1os de andarles tocando los huevos a los pol\u00edticos -del PSOE y del PP-, un grupo ecologista (FRECA-ECOLOGISTAS EN ACCI\u00d3N), consegu\u00eda que se iniciara la construcci\u00f3n de un humedal para las aves, cumpliendo de este modo un compromiso adquirido \u2013 y dotado de presupuesto- <SPAN style=\"mso-spacerun: yes\"><\/SPAN>por el entonces presidente socialista de La Rioja en 1994 (Nacho P\u00e9rez).<o:p><\/o:p><\/FONT><\/SPAN><\/p>\n<p> <P class=MsoNormal style=\"MARGIN: 0cm 0cm 0pt\"><SPAN style=\"FONT-SIZE: 16pt\"><FONT face=\"Times New Roman\">Llegado el d\u00eda de la colocaci\u00f3n de la piedra en cuesti\u00f3n, se invit\u00f3 por parte del Ayuntamiento de Calahorra a todo aquel que no hab\u00eda tenido nada que ver en la consecuci\u00f3n del humedal. Vino el alcalde Pagola, el concejal de Medio Ambiente, el Consejero de Medio Ambiente , Luis<SPAN style=\"mso-spacerun: yes\"> <\/SPAN>Torres<SPAN style=\"mso-spacerun: yes\"> <\/SPAN>(un hombre anodino como ning\u00fan otro), y el Director General de Medio Natural ( y mayor obst\u00e1culo para la consecuci\u00f3n de dicho proyecto).<\/FONT><\/SPAN><\/p>\n<p> <P class=MsoNormal style=\"MARGIN: 0cm 0cm 0pt\"><SPAN style=\"FONT-SIZE: 16pt\"><FONT face=\"Times New Roman\"><\/FONT><\/SPAN><\/p>\n<p> <P class=MsoNormal style=\"MARGIN: 0cm 0cm 0pt\"><SPAN style=\"FONT-SIZE: 16pt\"><FONT face=\"Times New Roman\">El \u00fanico -de los presentes- que se hab\u00eda ganado el puesto en aquel acto fue el Presidente Sanz\u2026que en este particular se comprometi\u00f3 y cumpli\u00f3 su palabra como un aut\u00e9ntico campe\u00f3n. <o:p><\/o:p><\/FONT><\/SPAN><\/p>\n<p> <P class=MsoNormal style=\"MARGIN: 0cm 0cm 0pt\"><SPAN style=\"FONT-SIZE: 16pt\"><FONT face=\"Times New Roman\">Por parte del Estado asistieron el presidente de la CHE y el Ministro de Medio Ambiente\u2026Jaume Matas.<o:p><\/o:p><\/FONT><\/SPAN><\/p>\n<p> <P class=MsoNormal style=\"MARGIN: 0cm 0cm 0pt\"><SPAN style=\"FONT-SIZE: 16pt\"><FONT face=\"Times New Roman\">Solo se olvidaron de invitar a los que llevaban 15 a\u00f1os machac\u00e1ndoles el cr\u00e1neo para que cumplieran el compromiso. <o:p><\/o:p><\/FONT><\/SPAN><\/p>\n<p> <P class=MsoNormal style=\"MARGIN: 0cm 0cm 0pt\"><SPAN style=\"FONT-SIZE: 16pt\"><FONT face=\"Times New Roman\">En el acto institucional, la cohorte se arremolin\u00f3 frente a <SPAN style=\"mso-spacerun: yes\"><\/SPAN>una angosta oquedad donde se enterr\u00f3 un cofre (o arca) de madera con unos ejemplares de la prensa del d\u00eda, un pergamino firmado por Don Pedro, unas monedas de la \u00e9poca (ya eran euros) y un par de botellas de vino. Metido todo en el foso, una pareja de operarios de la empresa constructora taparon el agujero con una losa de hormig\u00f3n y la cubrieron de tierra.<o:p><\/o:p><\/FONT><\/SPAN><\/p>\n<p> <P class=MsoNormal style=\"MARGIN: 0cm 0cm 0pt\"><SPAN style=\"FONT-SIZE: 16pt\"><FONT face=\"Times New Roman\">.<o:p><\/o:p><\/FONT><\/SPAN><\/p>\n<p> <P class=MsoNormal style=\"MARGIN: 0cm 0cm 0pt\"><SPAN style=\"FONT-SIZE: 16pt\"><FONT face=\"Times New Roman\">El arca con su contenido desapareci\u00f3 casi tan r\u00e1pido como la sepultaron, y de la misma nunca m\u00e1s se supo. <o:p><\/o:p><\/FONT><\/SPAN><\/p>\n<p> <P class=MsoNormal style=\"MARGIN: 0cm 0cm 0pt\"><SPAN style=\"FONT-SIZE: 16pt\"><FONT face=\"Times New Roman\">Todos estos a\u00f1os haciendo c\u00e1balas de qui\u00e9n pudiera tenerla y, de repente veo la luz\u2026\u00a1Co\u00f1o!&#8230;se la llev\u00f3 Jaume Matas.<o:p><\/o:p><\/FONT><\/SPAN><\/p>\n<p> <P class=MsoNormal style=\"MARGIN: 0cm 0cm 0pt\"><SPAN style=\"FONT-SIZE: 16pt\"><FONT face=\"Times New Roman\">.<o:p><\/o:p><\/FONT><\/SPAN><\/p>\n<p> <P class=MsoNormal style=\"MARGIN: 0cm 0cm 0pt\"><SPAN style=\"FONT-SIZE: 16pt\"><FONT face=\"Times New Roman\">http:\/\/es.noticias.yahoo.com\/9\/20100330\/tes-el-juez-impone-a-matas-una-fianza-de-61bd63d.html<o:p><\/o:p><\/FONT><\/SPAN><\/p>\n<p> <P class=MsoNormal style=\"MARGIN: 0cm 0cm 0pt\"><SPAN style=\"FONT-SIZE: 16pt\"><FONT face=\"Times New Roman\"><SPAN style=\"mso-spacerun: yes\"><\/SPAN><o:p><\/o:p><\/FONT><\/SPAN><\/p>\n<p> <P class=MsoNormal style=\"MARGIN: 0cm 0cm 0pt\"><SPAN style=\"FONT-SIZE: 16pt\"><o:p><FONT face=\"Times New Roman\"><\/FONT><\/o:p><\/SPAN><\/p>\n<p> <P class=MsoNormal style=\"MARGIN: 0cm 0cm 0pt\"><SPAN style=\"FONT-SIZE: 16pt\"><SPAN style=\"mso-spacerun: yes\"><FONT face=\"Times New Roman\"><\/FONT><\/SPAN><o:p><\/o:p><\/SPAN><\/p>\n","protected":false},"excerpt":{"rendered":"<p>Corr\u00eda un 2 de Febrero del 2002, cuando con mucho bombo y m\u00e1s platillo apareci\u00f3 por La Rioja y por Calahorra uno de los Ministros de \u201cAnsar\u201d \u2013 Chema Aznar L\u00f3pez- invitado por el presidente de la Confederaci\u00f3n Hidrogr\u00e1fica del Ebro, (la CHE) a poner la primera piedra de un nuevo humedal que dicho organismo [&hellip;]<\/p>\n","protected":false},"author":8872,"featured_media":0,"comment_status":"open","ping_status":"closed","sticky":false,"template":"","format":"standard","meta":[],"categories":[1],"tags":[530,1143,1323,1514,1604],"_links":{"self":[{"href":"https:\/\/blogs.larioja.com\/insolencias\/wp-json\/wp\/v2\/posts\/190"}],"collection":[{"href":"https:\/\/blogs.larioja.com\/insolencias\/wp-json\/wp\/v2\/posts"}],"about":[{"href":"https:\/\/blogs.larioja.com\/insolencias\/wp-json\/wp\/v2\/types\/post"}],"author":[{"embeddable":true,"href":"https:\/\/blogs.larioja.com\/insolencias\/wp-json\/wp\/v2\/users\/8872"}],"replies":[{"embeddable":true,"href":"https:\/\/blogs.larioja.com\/insolencias\/wp-json\/wp\/v2\/comments?post=190"}],"version-history":[{"count":0,"href":"https:\/\/blogs.larioja.com\/insolencias\/wp-json\/wp\/v2\/posts\/190\/revisions"}],"wp:attachment":[{"href":"https:\/\/blogs.larioja.com\/insolencias\/wp-json\/wp\/v2\/media?parent=190"}],"wp:term":[{"taxonomy":"category","embeddable":true,"href":"https:\/\/blogs.larioja.com\/insolencias\/wp-json\/wp\/v2\/categories?post=190"},{"taxonomy":"post_tag","embeddable":true,"href":"https:\/\/blogs.larioja.com\/insolencias\/wp-json\/wp\/v2\/tags?post=190"}],"curies":[{"name":"wp","href":"https:\/\/api.w.org\/{rel}","templated":true}]}}