{"id":192,"date":"2010-04-09T00:51:00","date_gmt":"2010-04-09T00:51:00","guid":{"rendered":"http:\/\/blogs.larioja.com\/insolencias\/?p=192"},"modified":"2010-04-09T00:51:00","modified_gmt":"2010-04-09T00:51:00","slug":"blancanieves-y-padre-yony","status":"publish","type":"post","link":"https:\/\/blogs.larioja.com\/insolencias\/2010\/04\/09\/blancanieves-y-padre-yony\/","title":{"rendered":"Blancanieves y el Padre Yony."},"content":{"rendered":"<p><IMG class=imgizqda id=img_0 src=\"https:\/\/blogs.larioja.com\/insolencias\/files\/PadreYony.bmp\"><br \/>\n <P class=MsoNormal style=\"MARGIN: 0cm 0cm 0pt\"><SPAN style=\"FONT-SIZE: 16pt\"><FONT face=\"Times New Roman\">No se puede uno marchar de casa a otra sin televisor\u2026ni Internet. Se desconecta de la realidad y pasados unos d\u00edas se regresa y de sopet\u00f3n la actualidad m\u00e1s desternillante o deprimente lo arrolla como si de una apisonadora de la antigua CCCP se tratara.<?xml:namespace prefix = o ns = \"urn:schemas-microsoft-com:office:office\" \/><o:p><\/o:p><\/FONT><\/SPAN><\/p>\n<p> <P class=MsoNormal style=\"MARGIN: 0cm 0cm 0pt\"><SPAN style=\"FONT-SIZE: 16pt\"><o:p><FONT face=\"Times New Roman\"><\/FONT><\/o:p><\/SPAN><\/p>\n<p> <P class=MsoNormal style=\"MARGIN: 0cm 0cm 0pt\"><SPAN style=\"FONT-SIZE: 16pt\"><FONT face=\"Times New Roman\">Hoy al medio d\u00eda me sent\u00e9 ante la caja tonta, a las tres. Telecinco. Comenzaron hablando de que el Juez Garz\u00f3n se sentar\u00e1 en el banquillo acusado por una organizaci\u00f3n de ideolog\u00eda fascista (eso lo digo yo de mi cosecha) por investigar los cr\u00edmenes cometidos por las tropas franquistas y ulterior gobierno de Franco entre 1936 y 1960\u2026m\u00e1s o menos, aunque seguro que entre el 60 y el 75 hubo m\u00e1s asesinados. <o:p><\/o:p><\/FONT><\/SPAN><\/p>\n<p> <P class=MsoNormal style=\"MARGIN: 0cm 0cm 0pt\"><SPAN style=\"FONT-SIZE: 16pt\"><FONT face=\"Times New Roman\">Tambi\u00e9n sali\u00f3 a relucir que el tesorero del PP \u201cB\u00e1rcenas\u201d presenta su dimisi\u00f3n\u2026\u00a1No me explico porqu\u00e9!&#8230;\u00bfigual es por el jaguar del marido de Ana Mato?<o:p><\/o:p><\/FONT><\/SPAN><\/p>\n<p> <P class=MsoNormal style=\"MARGIN: 0cm 0cm 0pt\"><SPAN style=\"FONT-SIZE: 16pt\"><FONT face=\"Times New Roman\">.<o:p><\/o:p><\/FONT><\/SPAN><\/p>\n<p> <P class=MsoNormal style=\"MARGIN: 0cm 0cm 0pt\"><SPAN style=\"FONT-SIZE: 16pt\"><FONT face=\"Times New Roman\">Un cura con gre\u00f1as que se hace llamar el \u201cPadre Yony\u201d, aparece en mitad de la Catedral de Tortosa, oficiando una misa con tres colegas m\u00e1s (melenudos) cada cual con su guitarra el\u00e9ctrica, frente a un nutrido auditorio de se\u00f1oras bordeando peligrosamente las 80 primaveras\u2026.\u00a1tan encantadas de la vida\u2026y del Yony!.<o:p><\/o:p><\/FONT><\/SPAN><\/p>\n<p> <P class=MsoNormal style=\"MARGIN: 0cm 0cm 0pt\"><SPAN style=\"FONT-SIZE: 16pt\"><o:p><FONT face=\"Times New Roman\"><\/FONT><\/o:p><\/SPAN><\/p>\n<p> <P class=MsoNormal style=\"MARGIN: 0cm 0cm 0pt\"><SPAN style=\"FONT-SIZE: 16pt\"><FONT face=\"Times New Roman\">Por \u00faltimo me entero de que esa \u00ednclita y maravillosa ministra, que tanto bien est\u00e1 haciendo  por el Partido Socialista Obrero Espa\u00f1ol\u2026.(si, me refiero a Bibiana Aido ), seg\u00fan dicen en telecinco \u2013yo ni quito ni pongo-, quiere fundirse los cuentos de toda la vida, como Blancanieves, etc, por su contenido machista.<o:p><\/o:p><\/FONT><\/SPAN><\/p>\n<p> <P class=MsoNormal style=\"MARGIN: 0cm 0cm 0pt\"><SPAN style=\"FONT-SIZE: 16pt\"><FONT face=\"Times New Roman\">.<o:p><\/o:p><\/FONT><\/SPAN><\/p>\n<p> <P class=MsoNormal style=\"MARGIN: 0cm 0cm 0pt\"><SPAN style=\"FONT-SIZE: 16pt\"><FONT face=\"Times New Roman\">Joder\u2026.qu\u00e9 bien que estaba yo sin televisi\u00f3n.<o:p><\/o:p><\/FONT><\/SPAN><\/p>\n","protected":false},"excerpt":{"rendered":"<p>No se puede uno marchar de casa a otra sin televisor\u2026ni Internet. Se desconecta de la realidad y pasados unos d\u00edas se regresa y de sopet\u00f3n la actualidad m\u00e1s desternillante o deprimente lo arrolla como si de una apisonadora de la antigua CCCP se tratara. Hoy al medio d\u00eda me sent\u00e9 ante la caja tonta, [&hellip;]<\/p>\n","protected":false},"author":8872,"featured_media":0,"comment_status":"open","ping_status":"closed","sticky":false,"template":"","format":"standard","meta":[],"categories":[1],"tags":[818,1263,1924],"_links":{"self":[{"href":"https:\/\/blogs.larioja.com\/insolencias\/wp-json\/wp\/v2\/posts\/192"}],"collection":[{"href":"https:\/\/blogs.larioja.com\/insolencias\/wp-json\/wp\/v2\/posts"}],"about":[{"href":"https:\/\/blogs.larioja.com\/insolencias\/wp-json\/wp\/v2\/types\/post"}],"author":[{"embeddable":true,"href":"https:\/\/blogs.larioja.com\/insolencias\/wp-json\/wp\/v2\/users\/8872"}],"replies":[{"embeddable":true,"href":"https:\/\/blogs.larioja.com\/insolencias\/wp-json\/wp\/v2\/comments?post=192"}],"version-history":[{"count":0,"href":"https:\/\/blogs.larioja.com\/insolencias\/wp-json\/wp\/v2\/posts\/192\/revisions"}],"wp:attachment":[{"href":"https:\/\/blogs.larioja.com\/insolencias\/wp-json\/wp\/v2\/media?parent=192"}],"wp:term":[{"taxonomy":"category","embeddable":true,"href":"https:\/\/blogs.larioja.com\/insolencias\/wp-json\/wp\/v2\/categories?post=192"},{"taxonomy":"post_tag","embeddable":true,"href":"https:\/\/blogs.larioja.com\/insolencias\/wp-json\/wp\/v2\/tags?post=192"}],"curies":[{"name":"wp","href":"https:\/\/api.w.org\/{rel}","templated":true}]}}